{"id":171511,"date":"2025-08-20T09:47:41","date_gmt":"2025-08-20T13:47:41","guid":{"rendered":"https:\/\/bobvarela.com\/?p=171511"},"modified":"2025-08-20T09:47:41","modified_gmt":"2025-08-20T13:47:41","slug":"the-garment-desfile-de-moda-primavera-verano-2026","status":"publish","type":"post","link":"https:\/\/bobvarela.com\/?p=171511","title":{"rendered":"The Garment Desfile de moda Primavera Verano 2026"},"content":{"rendered":"<p align=\"justify\"><font size=\"3\">Con el tel\u00f3n de fondo hist\u00f3rico de los Establos Reales de Copenhague, la colecci\u00f3n Primavera Verano 2026 de The Garment se desarroll\u00f3 con una atm\u00f3sfera de moderaci\u00f3n y claridad po\u00e9tica. Fundada por Sophia Roe, la marca se ha ganado una reputaci\u00f3n de minimalismo refinado, y esta temporada elev\u00f3 esa firma con una sensibilidad introspectiva y t\u00e1ctil que se sinti\u00f3 atemporal y profundamente personal.<\/font><\/p>\n<p align=\"justify\"><ins><\/ins><font size=\"3\">Los Establos Reales, que datan de 1740 como parte del palacio barroco de Cristi\u00e1n IV, ofrec\u00edan un entorno lleno de historia pero sorprendentemente sereno. Esta tranquila grandeza reflejaba el tono de la colecci\u00f3n: prendas que susurran en lugar de gritar, evocando rituales dom\u00e9sticos, luz natural y el ritmo lento de las ma\u00f1anas que se pasan cerca de los caballos en Charlottenlund o las tardes suaves en una casa de verano francesa.<\/font><\/p>\n<p align=\"justify\"><font size=\"3\">&#8220;A Quiet Track Behind My Garden&#8221;, el hilo tem\u00e1tico de la colecci\u00f3n, fue una reflexi\u00f3n sobre el contraste: la suavidad de las s\u00e1banas de algod\u00f3n ondeando al viento contra la solidez de la piedra desgastada. Esta dicotom\u00eda gui\u00f3 el lenguaje de dise\u00f1o: fluido pero estructurado, m\u00ednimo pero emocionalmente resonante. &lt;br&gt;&lt;br&gt; Las siluetas se inclinaban hacia la elegancia reducida: bustiers esculturales, vestidos bandeau, mini blazers de corte afilado inspirados en chaquetas ecuestres y pantalones har\u00e9n l\u00e1nguidos. La sastrer\u00eda masculina tambi\u00e9n adquiri\u00f3 un tono fresco y de g\u00e9nero fluido, con esmoquin de verano y trajes de lino suavizados por corbatas sueltas como bufandas. Hab\u00eda una sensaci\u00f3n de ropa hecha para ser vivida, compartida, reinterpretada y recordada.<\/font><\/p>\n<p align=\"justify\"><font size=\"3\">La ropa de noche trajo una dimensi\u00f3n m\u00e1s et\u00e9rea. Los vol\u00famenes transparentes suger\u00edan el tipo de vestidos que se usan mucho despu\u00e9s de que se pone el sol, adhiri\u00e9ndose ligeramente a la piel. Los sujetadores de ganchillo se asomaban por debajo de los chales de algod\u00f3n, evocando el recuerdo de los d\u00edas de playa y la vestimenta de verano en capas que apenas se siente all\u00ed pero cuidadosamente compuesta.<\/font><\/p>\n<p align=\"justify\"><ins><\/ins><font size=\"3\">Las telas se eligieron con intenci\u00f3n: algod\u00f3n, lino, seda y transparencias vaporosas que se mov\u00edan naturalmente con el cuerpo. La paleta era tranquila, casi descolorida por el sol: amarillo mantequilla, rosa algod\u00f3n de az\u00facar, beige trinchera, espresso, rojo fresa dan\u00e9s, blanco n\u00edtido y negro piedra. Estos no eran colores destinados a deslumbrar, sino a hacer eco de las texturas de la vida cotidiana: ropa de cama lavada, piedra caliente, fruta blanda.<\/font><\/p>\n<p align=\"justify\"><font size=\"3\">Hubo una evitaci\u00f3n deliberada de declaraciones abiertas. En cambio, The Garment ofrec\u00eda ropa que capturaba una sensaci\u00f3n: de brisa sobre la piel desnuda, de momentos tranquilos en el aire pesado del verano, de largos d\u00edas que estiran y suavizan los sentidos. Esto no fue dise\u00f1ado para ser el centro de atenci\u00f3n, sino m\u00e1s bien para esas horas liminales en las que la memoria, la comodidad y la presencia se vuelven inseparables.<\/font><\/p>\n<p align=\"justify\"><font size=\"3\">ngg_shortcode_0_placeholder<\/font><\/p>\n","protected":false},"excerpt":{"rendered":"<p>Con el tel\u00f3n de fondo hist\u00f3rico de los Establos Reales de Copenhague, la colecci\u00f3n Primavera Verano 2026 de The Garment se desarroll\u00f3 con una atm\u00f3sfera de moderaci\u00f3n y claridad po\u00e9tica. Fundada por Sophia Roe, la marca se ha ganado una&hellip;<\/p>\n<p class=\"more-link-p\"><a class=\"more-link\" href=\"https:\/\/bobvarela.com\/?p=171511\">Read more &rarr;<\/a><\/p>\n","protected":false},"author":1,"featured_media":0,"comment_status":"open","ping_status":"open","sticky":false,"template":"","format":"standard","meta":{"ngg_post_thumbnail":0,"footnotes":""},"categories":[4],"tags":[],"class_list":["post-171511","post","type-post","status-publish","format-standard","hentry","category-moda"],"_links":{"self":[{"href":"https:\/\/bobvarela.com\/index.php?rest_route=\/wp\/v2\/posts\/171511","targetHints":{"allow":["GET"]}}],"collection":[{"href":"https:\/\/bobvarela.com\/index.php?rest_route=\/wp\/v2\/posts"}],"about":[{"href":"https:\/\/bobvarela.com\/index.php?rest_route=\/wp\/v2\/types\/post"}],"author":[{"embeddable":true,"href":"https:\/\/bobvarela.com\/index.php?rest_route=\/wp\/v2\/users\/1"}],"replies":[{"embeddable":true,"href":"https:\/\/bobvarela.com\/index.php?rest_route=%2Fwp%2Fv2%2Fcomments&post=171511"}],"version-history":[{"count":1,"href":"https:\/\/bobvarela.com\/index.php?rest_route=\/wp\/v2\/posts\/171511\/revisions"}],"predecessor-version":[{"id":171512,"href":"https:\/\/bobvarela.com\/index.php?rest_route=\/wp\/v2\/posts\/171511\/revisions\/171512"}],"wp:attachment":[{"href":"https:\/\/bobvarela.com\/index.php?rest_route=%2Fwp%2Fv2%2Fmedia&parent=171511"}],"wp:term":[{"taxonomy":"category","embeddable":true,"href":"https:\/\/bobvarela.com\/index.php?rest_route=%2Fwp%2Fv2%2Fcategories&post=171511"},{"taxonomy":"post_tag","embeddable":true,"href":"https:\/\/bobvarela.com\/index.php?rest_route=%2Fwp%2Fv2%2Ftags&post=171511"}],"curies":[{"name":"wp","href":"https:\/\/api.w.org\/{rel}","templated":true}]}}