{"id":171621,"date":"2025-08-26T07:58:25","date_gmt":"2025-08-26T11:58:25","guid":{"rendered":"https:\/\/bobvarela.com\/?p=171621"},"modified":"2025-08-26T08:17:55","modified_gmt":"2025-08-26T12:17:55","slug":"orquesta-sinfnica-de-puerto-rico-presenta-su-temporada-2025-2026-mximo-movimiento-dedicada-al-maestro-maximiano-valds","status":"publish","type":"post","link":"https:\/\/bobvarela.com\/?p=171621","title":{"rendered":"Orquesta Sinf&oacute;nica de Puerto Rico presenta su temporada 2025-2026 &ldquo;M&aacute;ximo Movimiento&rdquo; dedicada al Maestro Maximiano Vald&eacute;s"},"content":{"rendered":"<p align=\"center\"><a href=\"https:\/\/bobvarela.com\/wp-content\/uploads\/2025\/08\/ArteMaximoMovimiento.jpg\"><img loading=\"lazy\" decoding=\"async\" width=\"285\" height=\"356\" title=\"ArteMaximoMovimiento\" style=\"display: inline; background-image: none;\" alt=\"ArteMaximoMovimiento\" src=\"https:\/\/bobvarela.com\/wp-content\/uploads\/2025\/08\/ArteMaximoMovimiento_thumb.jpg\" border=\"0\"\/><\/a><\/p>\n<p align=\"justify\"><font size=\"3\">La Orquesta Sinf\u00f3nica de Puerto Rico (OSPR) present\u00f3 oficialmente su nueva temporada de conciertos 2025-2026 titulada M\u00e1ximo Movimiento, dedicada a la trayectoria y legado de su director titular, el Maestro Maximiano Vald\u00e9s. Tras 18 a\u00f1os al frente de la instituci\u00f3n, Vald\u00e9s se despide con esta temporada, marcando un cap\u00edtulo trascendental en la historia de la orquesta.<br \/>\u201cCon M\u00e1ximo Movimiento celebramos 18 a\u00f1os de excelencia art\u00edstica bajo el liderazgo del maestro Maximiano Vald\u00e9s, quien concluir\u00e1 su trayectoria como director titular al finalizar esta temporada. Su direcci\u00f3n ha sido fundamental para el crecimiento y proyecci\u00f3n de la Orquesta Sinf\u00f3nica de Puerto Rico. Esta programaci\u00f3n es, al mismo tiempo, un tributo a su legado y una invitaci\u00f3n al p\u00fablico a acompa\u00f1arnos en un recorrido que exalta nuestra identidad musical y marca un nuevo horizonte para la orquesta,\u201d expres\u00f3 Melissa Santana, directora ejecutiva de la Corporaci\u00f3n de Artes Musicales.<\/font><\/p>\n<p align=\"center\"><font size=\"3\"><a href=\"https:\/\/bobvarela.com\/wp-content\/uploads\/2025\/08\/MiguelMiranda_Muuaaa_MaximianoValdes_MelissaSantana_JulioPena_educativos.jpg\"><img loading=\"lazy\" decoding=\"async\" width=\"482\" height=\"320\" title=\"MiguelMiranda_Muuaaa_MaximianoValdes_MelissaSantana_JulioPena_educativos\" style=\"display: inline; background-image: none;\" alt=\"MiguelMiranda_Muuaaa_MaximianoValdes_MelissaSantana_JulioPena_educativos\" src=\"https:\/\/bobvarela.com\/wp-content\/uploads\/2025\/08\/MiguelMiranda_Muuaaa_MaximianoValdes_MelissaSantana_JulioPena_educativos_thumb.jpg\" border=\"0\"\/><\/a><\/font><\/p>\n<p align=\"justify\"><font size=\"3\">La identidad visual de la temporada, creada por el equipo de Muuaaa Design Agency, se inspira en los movimientos de la batuta y en las manos de los directores de orquesta. El dise\u00f1o rinde homenaje al legado art\u00edstico de Maximiano Vald\u00e9s y a esta etapa trascendental de la Orquesta Sinf\u00f3nica de Puerto Rico.<br \/>La temporada cl\u00e1sica comenzar\u00e1 este s\u00e1bado, 30 de agosto de 2025, a las 7:00 p.m. en la Sala Sinf\u00f3nica Pablo Casals en el Centro Bellas Artes Luis A. Ferr\u00e9 en Santurce (CBA). Bajo la batuta del maestro Vald\u00e9s, la OSPR interpretar\u00e1 la imponente Sinfon\u00eda n\u00fam. 6 en la menor \u201cTr\u00e1gica\u201d de Gustav Mahler, obra monumental que abre un ciclo de catorce conciertos sinf\u00f3nicos hasta mayo de 2026.<br \/>El recorrido incluir\u00e1 presentaciones de reconocidos directores y solistas internacionales, como Fran\u00e7ois L\u00f3pez Ferrer acompa\u00f1ado de la violinista Nancy Zhou, Jos\u00e9 Luis G\u00f3mez junto al chelista Jonathan Swensen, y Guillermo Figueroa con el organista Andr\u00e9s Mojica. El Maestro Vald\u00e9s regresar\u00e1 en varias ocasiones, destacando su colaboraci\u00f3n con la pianista Muza Rubackyt\u00e9 en el Concierto para piano n\u00fam. 2 de Liszt, y con el pianista Jos\u00e9 Ramos Santana en un programa que une a Falla, Debussy y Ravel.<br \/>Otros momentos memorables incluyen el debut del joven chelista colombiano Santiago Ca\u00f1\u00f3n Valencia con la OSPR, en un programa que estrenar\u00e1 en Puerto Rico la obra On the Ethereal Nature of Bioluminescence del compositor puertorrique\u00f1o Luis Quintana. Adem\u00e1s, el repertorio contar\u00e1 con figuras de relevancia como Enrico Fagone, Jos\u00e9 Mar\u00eda Moreno, Manuel Hern\u00e1ndez Silva y la directora estadounidense JoAnn Falletta, quienes traer\u00e1n propuestas diversas y vibrantes que abarcan desde Schumann, Strauss y Beethoven hasta Copland, Bernstein y Shostakovich.<\/font><\/p>\n<p align=\"center\"><font size=\"3\"><a href=\"https:\/\/bobvarela.com\/wp-content\/uploads\/2025\/08\/MaximianoValdes_MaximoMovimiento.jpg\"><img loading=\"lazy\" decoding=\"async\" width=\"285\" height=\"426\" title=\"MaximianoValdes_MaximoMovimiento\" style=\"display: inline; background-image: none;\" alt=\"MaximianoValdes_MaximoMovimiento\" src=\"https:\/\/bobvarela.com\/wp-content\/uploads\/2025\/08\/MaximianoValdes_MaximoMovimiento_thumb.jpg\" border=\"0\"\/><\/a><\/font><\/p>\n<p align=\"justify\"><font size=\"3\">La temporada cerrar\u00e1 el 9 de mayo de 2026 con la Sinfon\u00eda n\u00fam. 2 \u201cResurrecci\u00f3n\u201d de Gustav Mahler, bajo la direcci\u00f3n del Maestro Maximiano Vald\u00e9s. Esta obra colosal, que une orquesta, coro y solistas, ser\u00e1 un cierre majestuoso y simb\u00f3lico para despedir al director que ha marcado una era en la historia de la OSPR.<br \/>Como parte de la temporada, la OSPR vivir\u00e1 momentos inolvidables con una variedad de conciertos especiales. El 14 de noviembre de 2025, la orquesta realizar\u00e1 su debut en el Boston Symphony Hall, en el marco de la serie E Pluribus Unum: From Many, One. Este concierto incluir\u00e1 obras de Ang\u00e9lica Negr\u00f3n, Roberto Sierra, Ernesto Cordero y Juan Morel Campos, adem\u00e1s de la participaci\u00f3n del virtuoso cuatrista Luis Sanz, llevando al p\u00fablico estadounidense la riqueza y diversidad de la m\u00fasica puertorrique\u00f1a.<br \/>Durante la \u00e9poca navide\u00f1a, el p\u00fablico podr\u00e1 disfrutar de dos conciertos tradicionales bajo la batuta del Maestro Rosel\u00edn Pab\u00f3n: Navidad Sinf\u00f3nica (20 de diciembre de 2025) y Reyando con tu Sinf\u00f3nica (5 de enero de 2026), ambos en la Sala de Festivales del Centro de Bellas Artes Luis A. Ferr\u00e9. Estos conciertos se caracterizan por resaltar tanto la m\u00fasica cl\u00e1sica como las expresiones t\u00edpicas de nuestra cultura.<br \/>El 28 de marzo de 2026, la OSPR interpretar\u00e1 el R\u00e9quiem Alem\u00e1n de Johannes Brahms (Ein deutsches Requiem, op. 45) junto a la Coral Filarm\u00f3nica, bajo la direcci\u00f3n de Maximiano Vald\u00e9s, en un concierto extraordinario de Semana Santa que promete ser un encuentro de solemnidad y trascendencia espiritual.<br \/>De igual forma, la OSPR reafirma su compromiso con el desarrollo del talento emergente a trav\u00e9s de la Serie de J\u00f3venes Int\u00e9rpretes, que comenzar\u00e1 el 10 de enero de 2026 con la participaci\u00f3n de la directora invitada Yabetza Vivas Irizarry y el chelista Jes\u00fas Morales. El programa incluir\u00e1 obras de Jennifer Higdon, Arturo M\u00e1rquez y Alberto Ginastera. El 7 de marzo de 2026, Alfonso Piacentini se presenta por primera vez como director junto a la OSPR con un repertorio que abarca desde Vaughan Williams hasta la Suite Firebird de Stravinsky.<br \/>Al culminar esta temporada, la titularidad del maestro Maximiano Vald\u00e9s habr\u00e1 alcanzado los 18 a\u00f1os, la m\u00e1s extensa en la historia de la Orquesta Sinf\u00f3nica de Puerto Rico. Durante este periodo, Vald\u00e9s consolid\u00f3 un legado art\u00edstico que incluye una sonoridad equilibrada, una mayor disciplina de ensayo y una proyecci\u00f3n internacional que coloc\u00f3 a la orquesta en escenarios de prestigio. Su compromiso con los compositores puertorrique\u00f1os, la integraci\u00f3n de los propios m\u00fasicos de la orquesta como solistas y su estrecha vinculaci\u00f3n con el quehacer cultural del pa\u00eds han dejado una huella indeleble en la instituci\u00f3n. La OSPR le dedica esta temporada en agradecimiento por su extraordinaria labor y por el impacto trascendental de su liderazgo en el desarrollo cultural de Puerto Rico.<br \/>Los boletos para toda la temporada de conciertos M\u00e1ximo Movimiento est\u00e1n disponibles en Ticketera, Ticket Center y en la boleter\u00eda del CBA.<\/font><\/p>\n<p align=\"justify\"><font size=\"3\"><br \/><b>Temporada 2025 &#8211; 2026: M\u00e1ximo Movimiento<\/b><br \/>La temporada se inaugura el 30 de agosto de 2025 con el Maestro Vald\u00e9s dirigiendo la Sinfon\u00eda n\u00fam. 6 \u201cTr\u00e1gica\u201d de Gustav Mahler, una obra monumental que marca el tono de una programaci\u00f3n intensa y emotiva.<br \/>El 20 de septiembre, el director Fran\u00e7ois L\u00f3pez Ferrer regresa acompa\u00f1ado de la virtuosa violinista Nancy Zhou para interpretar el Concierto para viol\u00edn de Tchaikovsky, junto a obras de Laura Vega y Shostakovich.<br \/>El 4 de octubre, el director Jos\u00e9 Luis G\u00f3mez presentar\u00e1 un programa lleno de colores con el chelista Jonathan Swensen como solista en el Concierto de Schumann, acompa\u00f1ado de Est\u00e9vez y Nielsen.<br \/>El 18 de octubre, Guillermo Figueroa dirigir\u00e1 un repertorio que va desde el ballet Petrushka de Stravinsky hasta la Sinfon\u00eda n\u00fam. 3 con \u00f3rgano de Saint-Sa\u00ebns, con la participaci\u00f3n del organista Andr\u00e9s Mojica.<br \/>El 1 de noviembre, la pianista Muza Rubackyt\u00e9 se unir\u00e1 al Maestro Vald\u00e9s para ofrecer el Concierto para piano n\u00fam. 2 de Liszt, en un programa que tambi\u00e9n incluye Berlioz y las famosas obras de Respighi Las fuentes de Roma y Los pinos de Roma.<br \/>El 14 de noviembre de 2025, la OSPR har\u00e1 historia al presentarse por primera vez en el prestigioso Boston Symphony Hall, con un programa dedicado a la riqueza musical puertorrique\u00f1a y la participaci\u00f3n del cuatrista Luis Sanz.<br \/>El 22 de noviembre, el director Jos\u00e9 Mar\u00eda Moreno compartir\u00e1 escenario con los solistas Mar\u00eda del Carmen Gil (piano) y Felipe Rodr\u00edguez (trompeta), en un concierto que incluye Shostakovich, Glinka y Rachmaninoff.<\/font><\/p>\n<p align=\"justify\"><font size=\"3\">El 13 de diciembre, el Maestro Enrico Fagone ser\u00e1 el director invitado del s\u00e9ptimo concierto cl\u00e1sico de temporada. El concierto tendr\u00e1 como solista a Ivonne Perez, principal obo\u00edsta de la OSPR, con un programa que incluye Mozart, Betthoven y Strauss.<\/font><\/p>\n<p align=\"justify\"><font size=\"3\">El 20 de diciembre, el Maestro Rosel\u00edn Pab\u00f3n dirigir\u00e1 el tradicional concierto Navidad Sinf\u00f3nica en la Sala de Festivales, una velada para toda la familia.<br \/>El a\u00f1o 2026 comenzar\u00e1 con Reyando con tu Sinf\u00f3nica el 5 de enero, tambi\u00e9n bajo la direcci\u00f3n de Pab\u00f3n, celebrando la llegada de los Reyes Magos con j\u00f3venes talentos.<br \/>El 10 de enero, dar\u00e1 inicio la Serie de J\u00f3venes Int\u00e9rpretes con Yabetza Vivas Irizarry como directora invitada y el chelista Jes\u00fas Morales, en un programa con obras de Higdon, M\u00e1rquez y Ginastera.<br \/>El 24 de enero, Maximiano Vald\u00e9s dirigir\u00e1 un programa que une a Gabriela Lena Frank, Falla, Debussy y Ravel, con el pianista Jos\u00e9 Ramos Santana como solista.<br \/>El 7 de febrero, el chelista Santiago Ca\u00f1\u00f3n Valencia debutar\u00e1 con la OSPR interpretando el Concierto de Dutilleux, en un programa que incluye estreno en Puerto Rico de Luis Quintana y culmina con la Sinfon\u00eda \u201cPat\u00e9tica\u201d de Tchaikovsky, bajo la batuta de Vald\u00e9s.<br \/>El 21 de febrero, Norman Gamboa har\u00e1 su debut con la OSPR con un programa que abarca m\u00fasica de Carlos Escalante, Villa-Lobos y Bart\u00f3k. Con la participaci\u00f3n especial de la Coral L\u00edrica de Puerto Rico, dirigida por Jo-Ann Herrero.<br \/>El 28 de febrero, el director asociado Rafael Enrique Irizarry dirigir\u00e1 a la soprano Laura Miah Ramos en la obra Knoxville: Summer of 1915 de Barber, junto a piezas de Paulus y Strauss.<br \/>El 7 de marzo, la Serie de J\u00f3venes Int\u00e9rpretes contin\u00faa con Alfonso Piacentini como director invitado en un programa con Vaughan Williams, Copland y Stravinsky.<br \/>El 21 de marzo, Manuel Hern\u00e1ndez Silva regresa para dirigir un programa de fuerte car\u00e1cter latinoamericano con el guitarrista Arturo Castro Nogueras como solista, interpretando a Brouwer, junto a obras de Revueltas y Shostakovich.<br \/>El 28 de marzo, en el marco de la Semana Santa, la OSPR presentar\u00e1 el R\u00e9quiem Alem\u00e1n de Brahms junto a la Coral Filarm\u00f3nica, bajo la direcci\u00f3n del Maestro Vald\u00e9s.<br \/>El 11 de abril, JoAnn Falletta dirigir\u00e1 al violinista Nikki Chooi en el Concierto de Samuel Barber, en una velada que tambi\u00e9n incluye a Bernstein y Copland.<br \/>Finalmente, el 9 de mayo de 2026, la temporada culminar\u00e1 con un cierre apote\u00f3sico en el Teatro de la UPR de R\u00edo Piedras: la Sinfon\u00eda n\u00fam. 2 \u201cResurrecci\u00f3n\u201d de Gustav Mahler, dirigida por Maximiano Vald\u00e9s junto a la Coral Filarm\u00f3nica de Puerto Rico, marcando su despedida como director titular de la orquesta. <\/font><\/p>\n<p align=\"justify\"><font size=\"3\">Los conciertos familiares se llevar\u00e1n a cabo el 11 de octubre de 2025, 29 de noviembre de 2025, 14 de febrero de 2026 y 25 de abril de 2026. Estos conciertos est\u00e1n abiertos para p\u00fablico de todas las edades.<\/font><\/p>\n","protected":false},"excerpt":{"rendered":"<p>La Orquesta Sinf\u00f3nica de Puerto Rico (OSPR) present\u00f3 oficialmente su nueva temporada de conciertos 2025-2026 titulada M\u00e1ximo Movimiento, dedicada a la trayectoria y legado de su director titular, el Maestro Maximiano Vald\u00e9s. Tras 18 a\u00f1os al frente de la instituci\u00f3n,&hellip;<\/p>\n<p class=\"more-link-p\"><a class=\"more-link\" href=\"https:\/\/bobvarela.com\/?p=171621\">Read more &rarr;<\/a><\/p>\n","protected":false},"author":1,"featured_media":0,"comment_status":"open","ping_status":"open","sticky":false,"template":"","format":"standard","meta":{"ngg_post_thumbnail":0,"footnotes":""},"categories":[3,127],"tags":[],"class_list":["post-171621","post","type-post","status-publish","format-standard","hentry","category-actividades","category-musica"],"_links":{"self":[{"href":"https:\/\/bobvarela.com\/index.php?rest_route=\/wp\/v2\/posts\/171621","targetHints":{"allow":["GET"]}}],"collection":[{"href":"https:\/\/bobvarela.com\/index.php?rest_route=\/wp\/v2\/posts"}],"about":[{"href":"https:\/\/bobvarela.com\/index.php?rest_route=\/wp\/v2\/types\/post"}],"author":[{"embeddable":true,"href":"https:\/\/bobvarela.com\/index.php?rest_route=\/wp\/v2\/users\/1"}],"replies":[{"embeddable":true,"href":"https:\/\/bobvarela.com\/index.php?rest_route=%2Fwp%2Fv2%2Fcomments&post=171621"}],"version-history":[{"count":1,"href":"https:\/\/bobvarela.com\/index.php?rest_route=\/wp\/v2\/posts\/171621\/revisions"}],"predecessor-version":[{"id":171622,"href":"https:\/\/bobvarela.com\/index.php?rest_route=\/wp\/v2\/posts\/171621\/revisions\/171622"}],"wp:attachment":[{"href":"https:\/\/bobvarela.com\/index.php?rest_route=%2Fwp%2Fv2%2Fmedia&parent=171621"}],"wp:term":[{"taxonomy":"category","embeddable":true,"href":"https:\/\/bobvarela.com\/index.php?rest_route=%2Fwp%2Fv2%2Fcategories&post=171621"},{"taxonomy":"post_tag","embeddable":true,"href":"https:\/\/bobvarela.com\/index.php?rest_route=%2Fwp%2Fv2%2Ftags&post=171621"}],"curies":[{"name":"wp","href":"https:\/\/api.w.org\/{rel}","templated":true}]}}