{"id":171743,"date":"2025-09-03T08:54:26","date_gmt":"2025-09-03T12:54:26","guid":{"rendered":"https:\/\/bobvarela.com\/?p=171743"},"modified":"2025-09-03T08:54:26","modified_gmt":"2025-09-03T12:54:26","slug":"la-moda-emergente-brilla-siete-diseadores-compiten-en-the-emerging-2025","status":"publish","type":"post","link":"https:\/\/bobvarela.com\/?p=171743","title":{"rendered":"&ldquo;La moda emergente brilla: siete dise&ntilde;adores compiten en The Emerging 2025&rdquo;"},"content":{"rendered":"<p align=\"justify\"><a href=\"https:\/\/bobvarela.com\/wp-content\/uploads\/2025\/09\/Emerging-2025-1.jpg\"><font size=\"3\"><img loading=\"lazy\" decoding=\"async\" width=\"489\" height=\"328\" title=\"Emerging 2025-1\" style=\"margin-right: auto; margin-left: auto; float: none; display: block; background-image: none;\" alt=\"Emerging 2025-1\" src=\"https:\/\/bobvarela.com\/wp-content\/uploads\/2025\/09\/Emerging-2025-1_thumb.jpg\" border=\"0\"\/><\/font><\/a><\/p>\n<p align=\"justify\"><font size=\"3\"><br \/><\/font><\/p>\n<p align=\"justify\"><font size=\"3\">La cuarta temporada de <b>The Emerging <\/b>marca un nuevo cap\u00edtulo en la moda puertorrique\u00f1a. Este a\u00f1o, el prestigioso programa recibi\u00f3 m\u00e1s de <b>40 solicitudes<\/b>, de las cuales solo <b>13 candidatos<\/b> lograron obtener el pase preliminar. Tras un riguroso proceso de evaluaci\u00f3n, \u00fanicamente <b>7 dise\u00f1adores<\/b> alcanzaron la fase de competencia.<\/font><\/p>\n<p align=\"justify\"><font size=\"3\">El <b>panel de jurados<\/b>, compuesto por reconocidos profesionales de la industria de la moda como <b>Lisa Thon, Hermann Nadal, Elier Aubret, Sonia Rivera, Mateo Manuel, Liz Isabel, Jorge Franceschi<\/b> y la productora de <b>Puerto Rico Fashion Week y Expomoda, Zuleika Zayas<\/b>, tuvieron la ardua tarea de seleccionar a los nuevos talentos que demostrar\u00e1n su creatividad y visi\u00f3n en la pasarela.<\/font><\/p>\n<p align=\"justify\"><b><font size=\"3\"><\/font><\/b><\/p>\n<p align=\"justify\"><b><font size=\"3\">Los dise\u00f1adores seleccionados son:<\/font><\/b><\/p>\n<ul>\n<li>\n<div align=\"justify\"><b><font size=\"3\">Ray L. Aponte<\/font><\/b><\/div>\n<\/li>\n<li>\n<div align=\"justify\"><b><font size=\"3\">Andrieth Mart\u00ednez<\/font><\/b><\/div>\n<\/li>\n<li>\n<div align=\"justify\"><b><font size=\"3\">Carlos Jos\u00e9 Gand\u00eda Ortiz<\/font><\/b><\/div>\n<\/li>\n<li>\n<div align=\"justify\"><b><font size=\"3\">Marjorie Santos<\/font><\/b><\/div>\n<\/li>\n<li>\n<div align=\"justify\"><b><font size=\"3\">Ian G. Aponte Nieves<\/font><\/b><\/div>\n<\/li>\n<li>\n<div align=\"justify\"><b><font size=\"3\">Keniel A. D\u00edaz Mart\u00ednez<\/font><\/b><\/div>\n<\/li>\n<li>\n<div align=\"justify\"><b><font size=\"3\">Nahomy D\u00edaz<\/font><\/b><\/div>\n<\/li>\n<\/ul>\n<p align=\"justify\"><font size=\"3\">Estos siete dise\u00f1adores competir\u00e1n por convertirse en el <b>nuevo rostro emergente de la moda en la isla<\/b>, con la oportunidad de impulsar su carrera en escenarios nacionales e internacionales. El actual ganador de <b>The Emerging<\/b>, <b>Diego Borrero<\/b>, quien se consolid\u00f3 como uno de los dise\u00f1adores m\u00e1s j\u00f3venes en conquistar las pasarelas de la <b>Semana de la Moda en Nueva York<\/b>, se prepara para presentar su <b>nueva colecci\u00f3n<\/b> durante esta temporada y realizar el simb\u00f3lico <b>paso de bat\u00f3n<\/b> a la pr\u00f3xima promesa del dise\u00f1o.<\/font><\/p>\n<p align=\"justify\"><font size=\"3\">La <b>gran final de The Emerging 2025<\/b> promete ser un evento sin precedentes, donde el p\u00fablico podr\u00e1 disfrutar de un <b>espect\u00e1culo de altura en pasarela<\/b> y descubrir al nuevo <b>The Emerging 2025<\/b>.<\/font><\/p>\n<p align=\"center\"><font size=\"3\"><a href=\"https:\/\/bobvarela.com\/wp-content\/uploads\/2025\/09\/Emerging-2025-2.jpg\"><img loading=\"lazy\" decoding=\"async\" width=\"478\" height=\"317\" title=\"Emerging 2025 -2\" style=\"display: inline; background-image: none;\" alt=\"Emerging 2025 -2\" src=\"https:\/\/bobvarela.com\/wp-content\/uploads\/2025\/09\/Emerging-2025-2_thumb.jpg\" border=\"0\"\/><\/a><\/font><\/p>\n<p align=\"justify\"><font size=\"3\">El evento se llevar\u00e1 a cabo durante la <b>Semana de la Moda Oficial de Puerto Rico<\/b>, del 6 al 12 de Octubre en el <b>primer domo inmersivo 360 de Am\u00e9rica Latina: Claro Space<\/b>, ubicado en el <b>Parque de las Ciencias by Toroverde, Powered by Claro<\/b>.<\/font><\/p>\n<p align=\"justify\"><font size=\"3\"><i>\u201cThe Emerging es m\u00e1s que una competencia; es un movimiento que celebra la innovaci\u00f3n, la diversidad y el futuro de la moda desde Puerto Rico para el mundo\u201d,<\/i> expres\u00f3 Zuleika Zayas, productora del evento. <\/font><\/p>\n<p align=\"justify\"><font size=\"3\">Para m\u00e1s informaci\u00f3n puede comunicarse a <\/font><a><font size=\"3\">info@expomodapr.com<\/font><\/a><font size=\"3\">.<\/font><\/p>\n","protected":false},"excerpt":{"rendered":"<p>La cuarta temporada de The Emerging marca un nuevo cap\u00edtulo en la moda puertorrique\u00f1a. Este a\u00f1o, el prestigioso programa recibi\u00f3 m\u00e1s de 40 solicitudes, de las cuales solo 13 candidatos lograron obtener el pase preliminar. Tras un riguroso proceso de&hellip;<\/p>\n<p class=\"more-link-p\"><a class=\"more-link\" href=\"https:\/\/bobvarela.com\/?p=171743\">Read more &rarr;<\/a><\/p>\n","protected":false},"author":1,"featured_media":0,"comment_status":"open","ping_status":"open","sticky":false,"template":"","format":"standard","meta":{"ngg_post_thumbnail":0,"footnotes":""},"categories":[5,4,295],"tags":[],"class_list":["post-171743","post","type-post","status-publish","format-standard","hentry","category-concursos","category-moda","category-puerto-rico"],"_links":{"self":[{"href":"https:\/\/bobvarela.com\/index.php?rest_route=\/wp\/v2\/posts\/171743","targetHints":{"allow":["GET"]}}],"collection":[{"href":"https:\/\/bobvarela.com\/index.php?rest_route=\/wp\/v2\/posts"}],"about":[{"href":"https:\/\/bobvarela.com\/index.php?rest_route=\/wp\/v2\/types\/post"}],"author":[{"embeddable":true,"href":"https:\/\/bobvarela.com\/index.php?rest_route=\/wp\/v2\/users\/1"}],"replies":[{"embeddable":true,"href":"https:\/\/bobvarela.com\/index.php?rest_route=%2Fwp%2Fv2%2Fcomments&post=171743"}],"version-history":[{"count":1,"href":"https:\/\/bobvarela.com\/index.php?rest_route=\/wp\/v2\/posts\/171743\/revisions"}],"predecessor-version":[{"id":171744,"href":"https:\/\/bobvarela.com\/index.php?rest_route=\/wp\/v2\/posts\/171743\/revisions\/171744"}],"wp:attachment":[{"href":"https:\/\/bobvarela.com\/index.php?rest_route=%2Fwp%2Fv2%2Fmedia&parent=171743"}],"wp:term":[{"taxonomy":"category","embeddable":true,"href":"https:\/\/bobvarela.com\/index.php?rest_route=%2Fwp%2Fv2%2Fcategories&post=171743"},{"taxonomy":"post_tag","embeddable":true,"href":"https:\/\/bobvarela.com\/index.php?rest_route=%2Fwp%2Fv2%2Ftags&post=171743"}],"curies":[{"name":"wp","href":"https:\/\/api.w.org\/{rel}","templated":true}]}}