{"id":171830,"date":"2025-09-04T06:30:24","date_gmt":"2025-09-04T10:30:24","guid":{"rendered":"https:\/\/bobvarela.com\/?p=171830"},"modified":"2025-09-04T06:30:24","modified_gmt":"2025-09-04T10:30:24","slug":"es-oficial-el-intercambio-de-grandes-diseadores-de-moda-entre-puerto-rico-fashion-week-y-repblica-dominicana-fashion-week","status":"publish","type":"post","link":"https:\/\/bobvarela.com\/?p=171830","title":{"rendered":"Es oficial el intercambio de grandes dise&ntilde;adores de moda entre Puerto Rico Fashion Week y Rep&uacute;blica Dominicana Fashion Week."},"content":{"rendered":"<p align=\"center\"><font size=\"3\"><a href=\"https:\/\/bobvarela.com\/wp-content\/uploads\/2025\/09\/PRFW-RDFW.jpg\"><img loading=\"lazy\" decoding=\"async\" width=\"453\" height=\"304\" title=\"PRFW-RDFW\" style=\"display: inline; background-image: none;\" alt=\"PRFW-RDFW\" src=\"https:\/\/bobvarela.com\/wp-content\/uploads\/2025\/09\/PRFW-RDFW_thumb.jpg\" border=\"0\"\/><\/a><\/font><\/p>\n<p align=\"justify\"><font size=\"3\">La moda del Caribe escribe un nuevo cap\u00edtulo con la alianza estrat\u00e9gica entre <b>RD Fashion Week<\/b> y <b>PR Fashion Week<\/b>, uniendo dos de las plataformas m\u00e1s importantes de la industria regional.<\/font><\/p>\n<p align=\"justify\"><font size=\"3\">Como parte de este acuerdo, los reconocidos dise\u00f1adores puertorrique\u00f1os Jaer Cab\u00e1n y Juan Carlos Collazo tendr\u00e1n la misi\u00f3n de representar a su isla y a PR Fashion Week en la gran apertura de la Semana Oficial de la Moda en Rep\u00fablica Dominicana, llevando lo mejor de su talento creativo a este escenario internacional.<\/font><\/p>\n<p align=\"justify\"><font size=\"3\">Jaer Cab\u00e1n ha trabajado con celebridades como Daddy Yankee, Kany Garc\u00eda, Adamari L\u00f3pez y Olga Ta\u00f1\u00f3n, adem\u00e1s de crear vestuarios para los cuerpos de baile de artistas como Luis Fonsi, Bad Bunny, Rosal\u00eda, Pitbull, Paulina Rubio y Wisin &amp; Yandel.<\/font><\/p>\n<p align=\"center\"><font size=\"3\"><a href=\"https:\/\/bobvarela.com\/wp-content\/uploads\/2025\/09\/Jaer-Caban.jpg\"><img loading=\"lazy\" decoding=\"async\" width=\"220\" height=\"274\" title=\"Jaer Caba?n\" style=\"display: inline; background-image: none;\" alt=\"Jaer Caba?n\" src=\"https:\/\/bobvarela.com\/wp-content\/uploads\/2025\/09\/Jaer-Caban_thumb.jpg\" border=\"0\"\/><\/a><\/font><\/p>\n<p align=\"justify\"><font size=\"3\">Por su parte, el dise\u00f1ador Juan Carlos Collazo, ha trabajado con talentos como la Miss Universe Zuleika Rivera, Karla Guilf\u00fa, Yizette Cifredo, artistas y otros talentos locales e internacionales<\/font><\/p>\n<p align=\"center\"><font size=\"3\"><a href=\"https:\/\/bobvarela.com\/wp-content\/uploads\/2025\/09\/Juan-Carlos-Collazo.jpg\"><img loading=\"lazy\" decoding=\"async\" width=\"228\" height=\"284\" title=\"Juan Carlos Collazo\" style=\"display: inline; background-image: none;\" alt=\"Juan Carlos Collazo\" src=\"https:\/\/bobvarela.com\/wp-content\/uploads\/2025\/09\/Juan-Carlos-Collazo_thumb.jpg\" border=\"0\"\/><\/a><\/font><\/p>\n<p align=\"justify\"><font size=\"3\">De igual manera, la prestigiosa dise\u00f1adora y CEO de <b>RD Fashion Week<\/b>, Melkis Diaz y los dise\u00f1adores dominicanos Starlin De Holma, Felipe De Le\u00f3n y Tiffany Fermin participar\u00e1n en Puerto Rico como invitados especiales, presentando sus propuestas en la <b>Semana Oficial de la Moda Boricua<\/b>, fortaleciendo as\u00ed un intercambio cultural y art\u00edstico sin precedentes.<\/font><\/p>\n<p align=\"justify\"><font size=\"3\"><i>La colaboraci\u00f3n entre <b>RD Fashion Week<\/b> y <b>PR Fashion Week<\/b> no solo impulsa la moda en ambas islas, sino que abre una ventana para fortalecer la industria creativa caribe\u00f1a en escenarios globales. Este intercambio cultural y art\u00edstico reafirma el talento y la visi\u00f3n de dise\u00f1adores que marcan tendencia y representan lo mejor de la moda del Caribe, <\/i>sostuvo Zuleika Zayas, presidenta de Puerto Rico Fashion Week.<\/font><\/p>\n","protected":false},"excerpt":{"rendered":"<p>La moda del Caribe escribe un nuevo cap\u00edtulo con la alianza estrat\u00e9gica entre RD Fashion Week y PR Fashion Week, uniendo dos de las plataformas m\u00e1s importantes de la industria regional. Como parte de este acuerdo, los reconocidos dise\u00f1adores puertorrique\u00f1os&hellip;<\/p>\n<p class=\"more-link-p\"><a class=\"more-link\" href=\"https:\/\/bobvarela.com\/?p=171830\">Read more &rarr;<\/a><\/p>\n","protected":false},"author":1,"featured_media":0,"comment_status":"open","ping_status":"open","sticky":false,"template":"","format":"standard","meta":{"ngg_post_thumbnail":0,"footnotes":""},"categories":[4,295],"tags":[],"class_list":["post-171830","post","type-post","status-publish","format-standard","hentry","category-moda","category-puerto-rico"],"_links":{"self":[{"href":"https:\/\/bobvarela.com\/index.php?rest_route=\/wp\/v2\/posts\/171830","targetHints":{"allow":["GET"]}}],"collection":[{"href":"https:\/\/bobvarela.com\/index.php?rest_route=\/wp\/v2\/posts"}],"about":[{"href":"https:\/\/bobvarela.com\/index.php?rest_route=\/wp\/v2\/types\/post"}],"author":[{"embeddable":true,"href":"https:\/\/bobvarela.com\/index.php?rest_route=\/wp\/v2\/users\/1"}],"replies":[{"embeddable":true,"href":"https:\/\/bobvarela.com\/index.php?rest_route=%2Fwp%2Fv2%2Fcomments&post=171830"}],"version-history":[{"count":1,"href":"https:\/\/bobvarela.com\/index.php?rest_route=\/wp\/v2\/posts\/171830\/revisions"}],"predecessor-version":[{"id":171831,"href":"https:\/\/bobvarela.com\/index.php?rest_route=\/wp\/v2\/posts\/171830\/revisions\/171831"}],"wp:attachment":[{"href":"https:\/\/bobvarela.com\/index.php?rest_route=%2Fwp%2Fv2%2Fmedia&parent=171830"}],"wp:term":[{"taxonomy":"category","embeddable":true,"href":"https:\/\/bobvarela.com\/index.php?rest_route=%2Fwp%2Fv2%2Fcategories&post=171830"},{"taxonomy":"post_tag","embeddable":true,"href":"https:\/\/bobvarela.com\/index.php?rest_route=%2Fwp%2Fv2%2Ftags&post=171830"}],"curies":[{"name":"wp","href":"https:\/\/api.w.org\/{rel}","templated":true}]}}