{"id":172327,"date":"2025-09-14T06:24:10","date_gmt":"2025-09-14T10:24:10","guid":{"rendered":"https:\/\/bobvarela.com\/?p=172327"},"modified":"2025-09-14T06:24:10","modified_gmt":"2025-09-14T10:24:10","slug":"por-la-puerta-grande-la-alianza-entre-rd-bridal-week-y-san-juan-moda","status":"publish","type":"post","link":"https:\/\/bobvarela.com\/?p=172327","title":{"rendered":"Por la puerta grande la alianza entre RD Bridal Week y San Juan Moda"},"content":{"rendered":"<p align=\"center\"><font size=\"3\"><a href=\"https:\/\/bobvarela.com\/wp-content\/uploads\/2025\/09\/IMG_5469.jpg\"><img loading=\"lazy\" decoding=\"async\" width=\"336\" height=\"252\" title=\"IMG_5469\" style=\"display: inline; background-image: none;\" alt=\"IMG_5469\" src=\"https:\/\/bobvarela.com\/wp-content\/uploads\/2025\/09\/IMG_5469_thumb.jpg\" border=\"0\"\/><\/a><\/font><\/p>\n<p align=\"justify\"><font size=\"3\">La alianza entre RD Bridal Week y San Juan Moda se consolid\u00f3 este fin de semana con presentaciones que marcaron un hito en la industria nupcial del Caribe. Los dise\u00f1adores puertorrique\u00f1os Ecl\u00edptica, Jos\u00e9 Ra\u00fal y Leonardo &#8216;s impactaron con sus propuestas en el Hotel Kimpton en el coraz\u00f3n de la zona colonial, demostrando el alcance, la experiencia y el buen gusto que distinguen a ambas plataformas de moda.<\/font><\/p>\n<p align=\"justify\"><font size=\"3\">Bajo el liderazgo de S\u00f3crates McKinney en RD Bridal Week y Carlos Berm\u00fadez en San Juan Moda, esta colaboraci\u00f3n refuerza la hermandad cultural entre Puerto Rico y Rep\u00fablica Dominicana y ofrece una vitrina de excelencia para el dise\u00f1o caribe\u00f1o.<\/font><\/p>\n<p align=\"center\"><font size=\"3\"><a href=\"https:\/\/bobvarela.com\/wp-content\/uploads\/2025\/09\/IMG_5470.jpg\"><img loading=\"lazy\" decoding=\"async\" width=\"336\" height=\"252\" title=\"IMG_5470\" style=\"display: inline; background-image: none;\" alt=\"IMG_5470\" src=\"https:\/\/bobvarela.com\/wp-content\/uploads\/2025\/09\/IMG_5470_thumb.jpg\" border=\"0\"\/><\/a><\/font><\/p>\n<p align=\"justify\"><font size=\"3\">\u201cLa moda no tiene fronteras. Esta alianza con RD Bridal Week refleja la hermandad entre nuestros pueblos y nos permite mostrar al mundo el talento nupcial del Caribe. Es solo el comienzo de una colaboraci\u00f3n que seguir\u00e1 creciendo y dejando huella en la industria internacional\u201d, expres\u00f3 Carlos Berm\u00fadez, presidente de San Juan Moda.<\/font><\/p>\n<p align=\"center\"><font size=\"3\"><a href=\"https:\/\/bobvarela.com\/wp-content\/uploads\/2025\/09\/IMG_5471.jpg\"><img loading=\"lazy\" decoding=\"async\" width=\"338\" height=\"254\" title=\"IMG_5471\" style=\"display: inline; background-image: none;\" alt=\"IMG_5471\" src=\"https:\/\/bobvarela.com\/wp-content\/uploads\/2025\/09\/IMG_5471_thumb.jpg\" border=\"0\"\/><\/a><\/font><\/p>\n<p align=\"justify\"><font size=\"3\">La edici\u00f3n de San Juan Moda Bridal, reconocida por su propuesta inspirada en el concepto de Lujo Silencioso, tendr\u00e1 continuidad el pr\u00f3ximo 22 de septiembre en el Antiguo Casino de Puerto Rico, con las presentaciones de Nathalie Kriado (Puerto Rico) y Jos\u00e9 Jhan (Rep\u00fablica Dominicana). Como parte de la experiencia, el OLV Hotel en Condado ser\u00e1 un punto esencial de la plataforma en la isla, integrando hospitalidad de lujo con la visi\u00f3n de moda contempor\u00e1nea.<\/font><\/p>\n<p align=\"center\"><font size=\"3\"><a href=\"https:\/\/bobvarela.com\/wp-content\/uploads\/2025\/09\/IMG_5472.jpg\"><img loading=\"lazy\" decoding=\"async\" width=\"229\" height=\"304\" title=\"IMG_5472\" style=\"display: inline; background-image: none;\" alt=\"IMG_5472\" src=\"https:\/\/bobvarela.com\/wp-content\/uploads\/2025\/09\/IMG_5472_thumb.jpg\" border=\"0\"\/><\/a><\/font><\/p>\n<p align=\"justify\"><font size=\"3\">Con este intercambio, San Juan Moda y RD Bridal Week confirman que el Caribe es sin\u00f3nimo de creatividad, elegancia y visi\u00f3n internacional.<\/font><\/p>\n","protected":false},"excerpt":{"rendered":"<p>La alianza entre RD Bridal Week y San Juan Moda se consolid\u00f3 este fin de semana con presentaciones que marcaron un hito en la industria nupcial del Caribe. Los dise\u00f1adores puertorrique\u00f1os Ecl\u00edptica, Jos\u00e9 Ra\u00fal y Leonardo &#8216;s impactaron con sus&hellip;<\/p>\n<p class=\"more-link-p\"><a class=\"more-link\" href=\"https:\/\/bobvarela.com\/?p=172327\">Read more &rarr;<\/a><\/p>\n","protected":false},"author":1,"featured_media":0,"comment_status":"open","ping_status":"open","sticky":false,"template":"","format":"standard","meta":{"ngg_post_thumbnail":0,"footnotes":""},"categories":[4],"tags":[],"class_list":["post-172327","post","type-post","status-publish","format-standard","hentry","category-moda"],"_links":{"self":[{"href":"https:\/\/bobvarela.com\/index.php?rest_route=\/wp\/v2\/posts\/172327","targetHints":{"allow":["GET"]}}],"collection":[{"href":"https:\/\/bobvarela.com\/index.php?rest_route=\/wp\/v2\/posts"}],"about":[{"href":"https:\/\/bobvarela.com\/index.php?rest_route=\/wp\/v2\/types\/post"}],"author":[{"embeddable":true,"href":"https:\/\/bobvarela.com\/index.php?rest_route=\/wp\/v2\/users\/1"}],"replies":[{"embeddable":true,"href":"https:\/\/bobvarela.com\/index.php?rest_route=%2Fwp%2Fv2%2Fcomments&post=172327"}],"version-history":[{"count":1,"href":"https:\/\/bobvarela.com\/index.php?rest_route=\/wp\/v2\/posts\/172327\/revisions"}],"predecessor-version":[{"id":172328,"href":"https:\/\/bobvarela.com\/index.php?rest_route=\/wp\/v2\/posts\/172327\/revisions\/172328"}],"wp:attachment":[{"href":"https:\/\/bobvarela.com\/index.php?rest_route=%2Fwp%2Fv2%2Fmedia&parent=172327"}],"wp:term":[{"taxonomy":"category","embeddable":true,"href":"https:\/\/bobvarela.com\/index.php?rest_route=%2Fwp%2Fv2%2Fcategories&post=172327"},{"taxonomy":"post_tag","embeddable":true,"href":"https:\/\/bobvarela.com\/index.php?rest_route=%2Fwp%2Fv2%2Ftags&post=172327"}],"curies":[{"name":"wp","href":"https:\/\/api.w.org\/{rel}","templated":true}]}}