{"id":172423,"date":"2025-09-15T07:56:49","date_gmt":"2025-09-15T11:56:49","guid":{"rendered":"https:\/\/bobvarela.com\/?p=172423"},"modified":"2025-09-15T07:56:49","modified_gmt":"2025-09-15T11:56:49","slug":"tw-fashion-runway-nyfw-septiembre-2025","status":"publish","type":"post","link":"https:\/\/bobvarela.com\/?p=172423","title":{"rendered":"TW FASHION RUNWAY NYFW Septiembre 2025"},"content":{"rendered":"<p align=\"justify\"><font size=\"3\">TW fashion runway comenzo sus presentaciones Durante el &#8220;New York Fashion Week&#8221; edici\u00f3n Septiembre 2025 con las colecciones de los dise\u00f1adores: Juan Colon, Idol Jose, URAGARY, Sanel Rivera, Natura by Gabriel Alah y las ni\u00f1as Maya Sofia e Isabella Collection.<\/font><\/p>\n<p align=\"justify\"><font size=\"3\">El centro de la gran manzana de la ciudad de New York y en el distrito de Bryan Park como protagonistas el evento comenz\u00f3 con la colecci\u00f3n de Juan Col\u00f3n, donde la moda colorida y floral engalano la pasarela con modelos de estilo resort y tropical unidos de forma sutil.<\/font><\/p>\n<p align=\"justify\"><font size=\"3\">La pasarela de URAGARY; present\u00f3 drama y un estilo \u00fanico en cada pieza, en colores pasteles y s\u00f3lidos.<\/font><\/p>\n<p align=\"justify\"><font size=\"3\">El dise\u00f1ador Sanel Rivera con su propuesta trae a pasarelas las ra\u00edces y cultura del ser humano, con una paleta de colores: marrones, naranjas, verdes y cremas.<\/font><\/p>\n<p align=\"justify\"><font size=\"3\">El protagonista en la colecci\u00f3n de Natura by Gabriel Alah fue la diversidad en estilos de modelos<\/font><\/p>\n<p align=\"justify\"><font size=\"3\"><\/font><font size=\"3\">ngg_shortcode_0_placeholder<\/font><\/p>\n","protected":false},"excerpt":{"rendered":"<p>TW fashion runway comenzo sus presentaciones Durante el &#8220;New York Fashion Week&#8221; edici\u00f3n Septiembre 2025 con las colecciones de los dise\u00f1adores: Juan Colon, Idol Jose, URAGARY, Sanel Rivera, Natura by Gabriel Alah y las ni\u00f1as Maya Sofia e Isabella Collection.&hellip;<\/p>\n<p class=\"more-link-p\"><a class=\"more-link\" href=\"https:\/\/bobvarela.com\/?p=172423\">Read more &rarr;<\/a><\/p>\n","protected":false},"author":1,"featured_media":0,"comment_status":"open","ping_status":"open","sticky":false,"template":"","format":"standard","meta":{"ngg_post_thumbnail":0,"footnotes":""},"categories":[4,422,295],"tags":[],"class_list":["post-172423","post","type-post","status-publish","format-standard","hentry","category-moda","category-new-york","category-puerto-rico"],"_links":{"self":[{"href":"https:\/\/bobvarela.com\/index.php?rest_route=\/wp\/v2\/posts\/172423","targetHints":{"allow":["GET"]}}],"collection":[{"href":"https:\/\/bobvarela.com\/index.php?rest_route=\/wp\/v2\/posts"}],"about":[{"href":"https:\/\/bobvarela.com\/index.php?rest_route=\/wp\/v2\/types\/post"}],"author":[{"embeddable":true,"href":"https:\/\/bobvarela.com\/index.php?rest_route=\/wp\/v2\/users\/1"}],"replies":[{"embeddable":true,"href":"https:\/\/bobvarela.com\/index.php?rest_route=%2Fwp%2Fv2%2Fcomments&post=172423"}],"version-history":[{"count":1,"href":"https:\/\/bobvarela.com\/index.php?rest_route=\/wp\/v2\/posts\/172423\/revisions"}],"predecessor-version":[{"id":172424,"href":"https:\/\/bobvarela.com\/index.php?rest_route=\/wp\/v2\/posts\/172423\/revisions\/172424"}],"wp:attachment":[{"href":"https:\/\/bobvarela.com\/index.php?rest_route=%2Fwp%2Fv2%2Fmedia&parent=172423"}],"wp:term":[{"taxonomy":"category","embeddable":true,"href":"https:\/\/bobvarela.com\/index.php?rest_route=%2Fwp%2Fv2%2Fcategories&post=172423"},{"taxonomy":"post_tag","embeddable":true,"href":"https:\/\/bobvarela.com\/index.php?rest_route=%2Fwp%2Fv2%2Ftags&post=172423"}],"curies":[{"name":"wp","href":"https:\/\/api.w.org\/{rel}","templated":true}]}}