{"id":172821,"date":"2025-09-16T15:21:01","date_gmt":"2025-09-16T19:21:01","guid":{"rendered":"https:\/\/bobvarela.com\/?p=172821"},"modified":"2025-09-16T15:21:01","modified_gmt":"2025-09-16T19:21:01","slug":"desfile-de-moda-primavera-verano-2026-de-alexander-wang","status":"publish","type":"post","link":"https:\/\/bobvarela.com\/?p=172821","title":{"rendered":"Desfile de moda Primavera Verano 2026 de Alexander Wang"},"content":{"rendered":"<p align=\"justify\"><font size=\"3\">La colecci\u00f3n Primavera Verano 2026 de Alexander Wang, que se mostr\u00f3 en 58 Bowery como parte de la Semana de la Moda de Nueva York SS26, present\u00f3 una visi\u00f3n concisa y de alto voltaje titulada The Matriarch que destilaba las ra\u00edces del streetwear del dise\u00f1ador en un guardarropa ultracorto y bien esculpido. La temporada favoreci\u00f3 una paleta restringida de negro, blanco y gris, y se centr\u00f3 en la sastrer\u00eda de ingenier\u00eda y las piezas centradas en el cuerpo: chaquetas moldeadas curvil\u00edneas con detalles debajo del busto y en la cadera, microfaldas combinadas con camisas con copas en el pecho y cueros utilitarios compensados con franjas de piel sint\u00e9tica o cuellos abullonados exagerados que se leen como accesorios protectores. El dobladillo dominante era hasta la camiseta, muy corto, por lo que los muslos expuestos y las proporciones de corte alto se convirtieron en la silueta definitoria en los looks de d\u00eda y de noche.<\/font><\/p>\n<p><font size=\"3\"><\/p>\n<p align=\"justify\"><font size=\"3\"><\/font><\/p>\n<p><\/font><\/p>\n<p align=\"justify\"><font size=\"3\"><\/font><font size=\"3\">Las prendas de punto y la lencer\u00eda como prenda de abrigo reaparecieron en formas tecnol\u00f3gicamente avanzadas: vestidos lenceros con adornos de encaje relucientes tejidos con t\u00e9cnicas novedosas y trajes de punto trenzado con efecto de cota de malla que tradujeron la artesan\u00eda en brillo escultural. Los acabados met\u00e1licos y de lentejuelas se usaron con moderaci\u00f3n para acentuar el contorno, mientras que los cueros t\u00e9cnicos brillantes proporcionaron un brillo tenso y urbano para piezas inspiradas en motos y ponchos elegantes. El poncho apareci\u00f3 en m\u00faltiples tratamientos: cuero t\u00e9cnico flexible, iteraciones de noche de organza y versiones de punto de gran tama\u00f1o, que sirvieron como referencia para protegerse del sol y un gui\u00f1o familiar a la inspiraci\u00f3n matriarcal detr\u00e1s de la colecci\u00f3n.<\/font><\/p>\n<p align=\"justify\"><font size=\"3\"><\/font><font size=\"3\"><\/font><font size=\"3\">La mezclilla y las referencias utilitarias fundamentaron la l\u00ednea: minis de tiro bajo, mules con adornos con cremallera y prendas separadas de cuero conservaron un borde funcional incluso cuando los detalles se inclinaban decorativos: dientes de cremallera como adornos, tiradores de cremallera de gran tama\u00f1o y un tac\u00f3n de gatito reci\u00e9n desarrollado imprimible en 3D que se vend\u00eda y que se\u00f1alaba el \u00e9nfasis continuo de Wang en la innovaci\u00f3n de materiales. Las proporciones enfatizaban el contraste: torsos apretados y chaquetas esculpidas combinadas con faldas diminutas o microcalzoncillos, y siluetas ocasionales m\u00e1s largas, ponchos reversibles o t\u00fanicas en capas, proporcionaban contrapuntos a las longitudes m\u00ednimas.<\/font><\/p>\n<p><font size=\"3\"><\/font><font size=\"3\"><\/font><font size=\"3\"><\/p>\n<p align=\"justify\"><font size=\"3\"><\/font><\/p>\n<p><\/font><\/p>\n<p align=\"justify\"><font size=\"3\"><\/font><font size=\"3\">Los tratamientos de la superficie y los herrajes eran declarativos pero controlados: las costuras expuestas y las barras estrat\u00e9gicas mapeaban el cuerpo, la piel sint\u00e9tica y los cuellos hinchados inyectaban volumen alrededor del cuello y los hombros, y los motivos de cremallera y dientes funcionaban como cierre y adorno. El casting se inclin\u00f3 hacia los j\u00f3venes y el elenco callejero, lo que reforz\u00f3 el enfoque de Wang en los cuerpos urbanos contempor\u00e1neos y el di\u00e1logo entre la pasarela y la calle. La matriarca se lee como una declaraci\u00f3n de aniversario enfocada: t\u00e9cnicamente ambiciosa, rigurosamente proporcionada y notablemente en tiempo presente en lugar de retrospectiva.<\/font><\/p>\n<p align=\"justify\"><font size=\"3\"><\/font><font size=\"3\"><\/font><font size=\"3\"><\/font><font size=\"3\">ngg_shortcode_0_placeholder<\/font><\/p>\n","protected":false},"excerpt":{"rendered":"<p>La colecci\u00f3n Primavera Verano 2026 de Alexander Wang, que se mostr\u00f3 en 58 Bowery como parte de la Semana de la Moda de Nueva York SS26, present\u00f3 una visi\u00f3n concisa y de alto voltaje titulada The Matriarch que destilaba las&hellip;<\/p>\n<p class=\"more-link-p\"><a class=\"more-link\" href=\"https:\/\/bobvarela.com\/?p=172821\">Read more &rarr;<\/a><\/p>\n","protected":false},"author":1,"featured_media":0,"comment_status":"open","ping_status":"open","sticky":false,"template":"","format":"standard","meta":{"ngg_post_thumbnail":0,"footnotes":""},"categories":[4],"tags":[],"class_list":["post-172821","post","type-post","status-publish","format-standard","hentry","category-moda"],"_links":{"self":[{"href":"https:\/\/bobvarela.com\/index.php?rest_route=\/wp\/v2\/posts\/172821","targetHints":{"allow":["GET"]}}],"collection":[{"href":"https:\/\/bobvarela.com\/index.php?rest_route=\/wp\/v2\/posts"}],"about":[{"href":"https:\/\/bobvarela.com\/index.php?rest_route=\/wp\/v2\/types\/post"}],"author":[{"embeddable":true,"href":"https:\/\/bobvarela.com\/index.php?rest_route=\/wp\/v2\/users\/1"}],"replies":[{"embeddable":true,"href":"https:\/\/bobvarela.com\/index.php?rest_route=%2Fwp%2Fv2%2Fcomments&post=172821"}],"version-history":[{"count":1,"href":"https:\/\/bobvarela.com\/index.php?rest_route=\/wp\/v2\/posts\/172821\/revisions"}],"predecessor-version":[{"id":172822,"href":"https:\/\/bobvarela.com\/index.php?rest_route=\/wp\/v2\/posts\/172821\/revisions\/172822"}],"wp:attachment":[{"href":"https:\/\/bobvarela.com\/index.php?rest_route=%2Fwp%2Fv2%2Fmedia&parent=172821"}],"wp:term":[{"taxonomy":"category","embeddable":true,"href":"https:\/\/bobvarela.com\/index.php?rest_route=%2Fwp%2Fv2%2Fcategories&post=172821"},{"taxonomy":"post_tag","embeddable":true,"href":"https:\/\/bobvarela.com\/index.php?rest_route=%2Fwp%2Fv2%2Ftags&post=172821"}],"curies":[{"name":"wp","href":"https:\/\/api.w.org\/{rel}","templated":true}]}}