{"id":172911,"date":"2025-09-19T06:56:46","date_gmt":"2025-09-19T10:56:46","guid":{"rendered":"https:\/\/bobvarela.com\/?p=172911"},"modified":"2025-09-19T06:57:59","modified_gmt":"2025-09-19T10:57:59","slug":"inicia-la-semana-oficial-de-la-moda-con-puerto-rico-fashion-week-y-su-edicin-modaland-desde-el-icnico-parque-de-las-ciencias-3","status":"publish","type":"post","link":"https:\/\/bobvarela.com\/?p=172911","title":{"rendered":"Inicia la Semana Oficial de la Moda con Puerto Rico Fashion Week y su edici&oacute;n Modaland desde el ic&oacute;nico Parque de las Ciencias."},"content":{"rendered":"<p align=\"center\"><font size=\"3\"><a href=\"https:\/\/bobvarela.com\/wp-content\/uploads\/2025\/09\/WhatsApp-Image-2025-09-19-at-06.00.18_63764f9a.jpg\"><img loading=\"lazy\" decoding=\"async\" width=\"566\" height=\"370\" title=\"WhatsApp Image 2025-09-19 at 06.00.18_63764f9a\" style=\"display: inline; background-image: none;\" alt=\"WhatsApp Image 2025-09-19 at 06.00.18_63764f9a\" src=\"https:\/\/bobvarela.com\/wp-content\/uploads\/2025\/09\/WhatsApp-Image-2025-09-19-at-06.00.18_63764f9a_thumb.jpg\" border=\"0\"\/><\/a><\/font><\/p>\n<p align=\"justify\"><font size=\"3\">Con gran entusiasmo y estilo, <b>Puerto Rico Fashion Week (PRFW)<\/b> da inicio a una nueva edici\u00f3n del evento de moda m\u00e1s importante del Caribe desde las instalaciones de <b>Claro Space<\/b>, ubicado en el Parque de las Ciencias marcando el arranque de la semana. Este a\u00f1o, el evento se celebra del <b>6 al 12 de octubre de 2025<\/b>, con un programa repleto de talento, creatividad y colaboraciones clave que fortalecen la industria de la moda, el deporte, el Turismo en la isla y proyectan su alcance internacional.<\/font><\/p>\n<p align=\"center\"><font size=\"3\"><a href=\"https:\/\/bobvarela.com\/wp-content\/uploads\/2025\/09\/IMG_0084.jpg\"><img loading=\"lazy\" decoding=\"async\" width=\"164\" height=\"244\" title=\"IMG_0084\" style=\"display: inline; background-image: none;\" alt=\"IMG_0084\" src=\"https:\/\/bobvarela.com\/wp-content\/uploads\/2025\/09\/IMG_0084_thumb.jpg\" border=\"0\"\/><\/a><a href=\"https:\/\/bobvarela.com\/wp-content\/uploads\/2025\/09\/IMG_0010.jpg\"><img loading=\"lazy\" decoding=\"async\" width=\"164\" height=\"244\" title=\"IMG_0010\" style=\"display: inline; background-image: none;\" alt=\"IMG_0010\" src=\"https:\/\/bobvarela.com\/wp-content\/uploads\/2025\/09\/IMG_0010_thumb.jpg\" border=\"0\"\/><\/a><a href=\"https:\/\/bobvarela.com\/wp-content\/uploads\/2025\/09\/IMG_0141.jpg\"><img loading=\"lazy\" decoding=\"async\" width=\"164\" height=\"244\" title=\"IMG_0141\" style=\"display: inline; background-image: none;\" alt=\"IMG_0141\" src=\"https:\/\/bobvarela.com\/wp-content\/uploads\/2025\/09\/IMG_0141_thumb.jpg\" border=\"0\"\/><\/a><a href=\"https:\/\/bobvarela.com\/wp-content\/uploads\/2025\/09\/IMG_0207.jpg\"><img loading=\"lazy\" decoding=\"async\" width=\"194\" height=\"244\" title=\"IMG_0207\" style=\"display: inline; background-image: none;\" alt=\"IMG_0207\" src=\"https:\/\/bobvarela.com\/wp-content\/uploads\/2025\/09\/IMG_0207_thumb.jpg\" border=\"0\"\/><\/a><\/font><\/p>\n<p align=\"justify\"><font size=\"3\">Esta edici\u00f3n del PRFW promete una experiencia inolvidable que celebra la diversidad cultural, el talento emergente y el poder transformador de la moda. Durante varios d\u00edas, el p\u00fablico podr\u00e1 disfrutar de desfiles exclusivos, exhibiciones de dise\u00f1adores, paneles de discusi\u00f3n, oportunidades de networking y activaciones especiales de marcas.<\/font><\/p>\n<p align=\"justify\"><font size=\"3\">Durante la conferencia se present\u00f3 el itinerario oficial y se ofrecieron detalles exclusivos sobre <b>los dise\u00f1adores participantes<\/b>, entre ellos Axel Chinea, Mar Beltr\u00e1n (Colombia), Christopher Santana, Astrid Kadesh, Edd Aponte, Edwin Rosario Paz, Lorraine Ortiz, Omayra Casillas, Mateo Manuel, Melkis Diaz (RD Fashion Week), Starlin de Holma (Rep\u00fablica Dominicana), Tiffany Ferm\u00edn (Rep\u00fablica Dominicana), Jos\u00e9 Ra\u00fal, Elier Aubret, Sonia Rivera, Meily Fern\u00e1ndez, Armando J. Pereira, Lisa Thon, Jaer Cab\u00e1n, Felipe de Le\u00f3n (Rep\u00fablica Dominicana), Herman Nadal, Carlos Alberto y los dise\u00f1adores emergentes<b> <\/b>Ian Aponte, Carlos Gand\u00eda, Andrieth Mart\u00ednez, Marjorie Santos, Nahomy D\u00edaz, Ray Aponte y Keniel D\u00edaz.<\/font><\/p>\n<p align=\"center\"><font size=\"3\"><a href=\"https:\/\/bobvarela.com\/wp-content\/uploads\/2025\/09\/IMG_0050.jpg\"><img loading=\"lazy\" decoding=\"async\" width=\"244\" height=\"164\" title=\"IMG_0050\" style=\"display: inline; background-image: none;\" alt=\"IMG_0050\" src=\"https:\/\/bobvarela.com\/wp-content\/uploads\/2025\/09\/IMG_0050_thumb.jpg\" border=\"0\"\/><\/a><a href=\"https:\/\/bobvarela.com\/wp-content\/uploads\/2025\/09\/IMG_0294.jpg\"><img loading=\"lazy\" decoding=\"async\" width=\"212\" height=\"165\" title=\"IMG_0294\" style=\"display: inline; background-image: none;\" alt=\"IMG_0294\" src=\"https:\/\/bobvarela.com\/wp-content\/uploads\/2025\/09\/IMG_0294_thumb.jpg\" border=\"0\"\/><\/a><a href=\"https:\/\/bobvarela.com\/wp-content\/uploads\/2025\/09\/IMG_0344.jpg\"><img loading=\"lazy\" decoding=\"async\" width=\"244\" height=\"164\" title=\"IMG_0344\" style=\"margin: 0px; display: inline; background-image: none;\" alt=\"IMG_0344\" src=\"https:\/\/bobvarela.com\/wp-content\/uploads\/2025\/09\/IMG_0344_thumb.jpg\" border=\"0\"\/><\/a><\/font><\/p>\n<p align=\"justify\"><font size=\"3\">Tambien se anunci\u00f3 la integraci\u00f3n del deporte con Matchpoint, una experiencia&nbsp; exclusiva dentro de Puerto Rico Fashion Week que celebra la fusi\u00f3n entre la moda y los deportes de raqueta. Es un encuentro entre estilo, performance y cultura deportiva con exhibiciones, desfiles, activaciones de marca y colaboraciones con dise\u00f1adores.<\/font><\/p>\n<p align=\"justify\"><font size=\"3\">El evento tambi\u00e9n contar\u00e1 con iniciativas educativas, sociales, y la integraci\u00f3n de universidades como EDP University, la Escuela de Artes Pl\u00e1sticas y Dise\u00f1o de Puerto Rico, la Universidad Ana G. M\u00e9ndez, la Pontificia Universidad Cat\u00f3lica de Puerto Rico, la Universidad del Sagrado Coraz\u00f3n y el Departamento de Educaci\u00f3n. Tambi\u00e9n dijeron presente marcas, medios y organizaciones que se unen para impulsar la moda boricua.<\/font><\/p>\n<p align=\"justify\">ngg_shortcode_0_placeholder<\/p>\n<p align=\"justify\"><font size=\"3\"><b>Puerto Rico Fashion Week 2025<\/b> <i>reafirma su misi\u00f3n de proyectar la moda puertorrique\u00f1a al mundo, posicionando a la isla como un epicentro de creatividad, inclusi\u00f3n, talento emergente y colaboraci\u00f3n internacional <\/i>mencion\u00f3 Zuleika Zayas, organizadora y productora del evento.<\/font><\/p>\n<p align=\"justify\"><font size=\"3\">Para m\u00e1s informaci\u00f3n, puede comunicarse al 787-994-933, por email a <\/font><a><font size=\"3\">zzayas@innovagoruppr.com<\/font><\/a><font size=\"3\"> o en <\/font><a href=\"http:\/\/www.prfashionweek.com\"><font size=\"3\">www.prfashionweek.com<\/font><\/a><\/p>\n<p align=\"justify\"><b><font size=\"3\">ITINERARIO OFICIAL \u2013 PUERTO RICO FASHION WEEK 2025<\/font><\/b><\/p>\n<p align=\"justify\"><font size=\"3\"><b>Lunes 6 de octubre de 2025<\/b><br \/><b>Noche de Gala y Premier del Fashion Film<\/b><br \/>Una velada de apertura con la presentaci\u00f3n del Fashion Film oficial de Puerto Rico Fashion Week en un cine de Puerto Rico.<\/font><\/p>\n<p align=\"justify\"><font size=\"3\"><b>Martes 7 de octubre de 2025<\/b><br \/><b>D\u00eda Educativo<\/b><\/font><\/p>\n<ul>\n<li>\n<div align=\"justify\"><font size=\"3\">Actividades con universidades locales<\/font><\/div>\n<\/li>\n<li>\n<div align=\"justify\"><font size=\"3\">Acadenia Tommie Hern\u00e1ndez<\/font><\/div>\n<\/li>\n<li>\n<div align=\"justify\"><font size=\"3\">Talleres Educativos<\/font><\/div>\n<\/li>\n<li>\n<div align=\"justify\"><font size=\"3\">Proyecto Alfiler<\/font><\/div>\n<\/li>\n<li>\n<div align=\"justify\"><font size=\"3\">Gran Final la competencia <b>The Emerging<\/b>, donde j\u00f3venes dise\u00f1adores presentan sus colecciones.<\/font><\/div>\n<\/li>\n<\/ul>\n<p align=\"justify\"><font size=\"3\"><b>Mi\u00e9rcoles 8 de octubre de 2025<\/b><br \/><b>Presentaciones especiales<\/b><\/font><\/p>\n<ul>\n<li>\n<div align=\"justify\"><font size=\"3\">Axel Chinea<\/font><\/div>\n<\/li>\n<li>\n<div align=\"justify\"><font size=\"3\">Mar Beltr\u00e1n (Colombia)<\/font><\/div>\n<\/li>\n<\/ul>\n<p align=\"justify\"><font size=\"3\"><b>Jueves 9 de octubre de 2025<\/b><br \/><b>Pasarela Puerto Rico &amp; Rep\u00fablica Dominicana<\/b><\/font><\/p>\n<ul>\n<li>\n<div align=\"justify\"><font size=\"3\">Christopher Santana<\/font><\/div>\n<\/li>\n<li>\n<div align=\"justify\"><font size=\"3\">Astrid Kadesh<\/font><\/div>\n<\/li>\n<li>\n<div align=\"justify\"><font size=\"3\">Edd Aponte<\/font><\/div>\n<\/li>\n<li>\n<div align=\"justify\"><font size=\"3\">Edwin Rosario Paz<\/font><\/div>\n<\/li>\n<li>\n<div align=\"justify\"><font size=\"3\">Lorraine Ortiz<\/font><\/div>\n<\/li>\n<li>\n<div align=\"justify\"><font size=\"3\">Omayra Casillas<\/font><\/div>\n<\/li>\n<li>\n<div align=\"justify\"><font size=\"3\">Mateo Manuel<\/font><\/div>\n<\/li>\n<li>\n<div align=\"justify\"><font size=\"3\">Melkis Diaz (RD Fashion Week)<\/font><\/div>\n<\/li>\n<li>\n<div align=\"justify\"><font size=\"3\">Starlin de Holma (Rep\u00fablica Dominicana)<\/font><\/div>\n<\/li>\n<li>\n<div align=\"justify\"><font size=\"3\">Tiffany Ferm\u00edn (Rep\u00fablica Dominicana)<\/font><\/div>\n<\/li>\n<li>\n<div align=\"justify\"><font size=\"3\">Jos\u00e9 Ra\u00fal<\/font><\/div>\n<\/li>\n<\/ul>\n<p align=\"justify\"><font size=\"3\"><b>Viernes 10 de octubre de 2025<\/b><br \/><b>Moda con prop\u00f3sito<\/b><br \/>Presentaciones a beneficio del Club de Filantrop\u00eda del Club C\u00edvico de Damas:<\/font><\/p>\n<ul>\n<li>\n<div align=\"justify\"><font size=\"3\">Elier Aubret<\/font><\/div>\n<\/li>\n<li>\n<div align=\"justify\"><font size=\"3\">Sonia Rivera<\/font><\/div>\n<\/li>\n<li>\n<div align=\"justify\"><font size=\"3\">Meily Fern\u00e1ndez<\/font><\/div>\n<\/li>\n<li>\n<div align=\"justify\"><font size=\"3\">Armando J. Pereira<\/font><\/div>\n<\/li>\n<\/ul>\n<p align=\"justify\"><font size=\"3\"><b>S\u00e1bado 11 de octubre de 2025<\/b><br \/><b>Alta costura y dise\u00f1o de autor<\/b><\/font><\/p>\n<ul>\n<li>\n<div align=\"justify\"><font size=\"3\">Lisa Thon Pi\u00f1ero<\/font><\/div>\n<\/li>\n<li>\n<div align=\"justify\"><font size=\"3\">Jaer Cab\u00e1n<\/font><\/div>\n<\/li>\n<li>\n<div align=\"justify\"><font size=\"3\">Felipe de Le\u00f3n (Rep\u00fablica Dominicana)<\/font><\/div>\n<\/li>\n<\/ul>\n<p align=\"justify\"><font size=\"3\"><b>Domingo 12 de octubre de 2025<\/b><br \/><b>Gran Cierre<\/b><\/font><\/p>\n<ul>\n<li>\n<div align=\"justify\"><font size=\"3\">Diego <\/font><\/div>\n<\/li>\n<li>\n<div align=\"justify\"><font size=\"3\">Herman Nadal<\/font><\/div>\n<\/li>\n<li>\n<div align=\"justify\"><font size=\"3\">Carlos Alberto<\/font><\/div>\n<\/li>\n<\/ul>\n<p align=\"justify\"><b><font size=\"3\">Dise\u00f1adores Emergentes \u2013 The Emerging 2025<\/font><\/b><\/p>\n<p align=\"justify\"><font size=\"3\">Este a\u00f1o, <b>The Emerging<\/b> celebra el talento joven con la participaci\u00f3n de:<\/font><\/p>\n<ul>\n<li>\n<div align=\"justify\"><font size=\"3\">Ian Aponte<\/font><\/div>\n<\/li>\n<li>\n<div align=\"justify\"><font size=\"3\">Carlos Gand\u00eda<\/font><\/div>\n<\/li>\n<li>\n<div align=\"justify\"><font size=\"3\">Andrieth Mart\u00ednez<\/font><\/div>\n<\/li>\n<li>\n<div align=\"justify\"><font size=\"3\">Marjorie Santos<\/font><\/div>\n<\/li>\n<li>\n<div align=\"justify\"><font size=\"3\">Nahomy D\u00edaz<\/font><\/div>\n<\/li>\n<li>\n<div align=\"justify\"><font size=\"3\">Ray Aponte<\/font><\/div>\n<\/li>\n<li>\n<div align=\"justify\"><font size=\"3\">Keniel D\u00edaz<\/font><\/div>\n<\/li>\n<\/ul>\n<p align=\"justify\">ngg_shortcode_1_placeholder<\/p>\n","protected":false},"excerpt":{"rendered":"<p>Con gran entusiasmo y estilo, Puerto Rico Fashion Week (PRFW) da inicio a una nueva edici\u00f3n del evento de moda m\u00e1s importante del Caribe desde las instalaciones de Claro Space, ubicado en el Parque de las Ciencias marcando el arranque&hellip;<\/p>\n<p class=\"more-link-p\"><a class=\"more-link\" href=\"https:\/\/bobvarela.com\/?p=172911\">Read more &rarr;<\/a><\/p>\n","protected":false},"author":1,"featured_media":0,"comment_status":"open","ping_status":"open","sticky":false,"template":"","format":"standard","meta":{"ngg_post_thumbnail":0,"footnotes":""},"categories":[4,295],"tags":[],"class_list":["post-172911","post","type-post","status-publish","format-standard","hentry","category-moda","category-puerto-rico"],"_links":{"self":[{"href":"https:\/\/bobvarela.com\/index.php?rest_route=\/wp\/v2\/posts\/172911","targetHints":{"allow":["GET"]}}],"collection":[{"href":"https:\/\/bobvarela.com\/index.php?rest_route=\/wp\/v2\/posts"}],"about":[{"href":"https:\/\/bobvarela.com\/index.php?rest_route=\/wp\/v2\/types\/post"}],"author":[{"embeddable":true,"href":"https:\/\/bobvarela.com\/index.php?rest_route=\/wp\/v2\/users\/1"}],"replies":[{"embeddable":true,"href":"https:\/\/bobvarela.com\/index.php?rest_route=%2Fwp%2Fv2%2Fcomments&post=172911"}],"version-history":[{"count":2,"href":"https:\/\/bobvarela.com\/index.php?rest_route=\/wp\/v2\/posts\/172911\/revisions"}],"predecessor-version":[{"id":172913,"href":"https:\/\/bobvarela.com\/index.php?rest_route=\/wp\/v2\/posts\/172911\/revisions\/172913"}],"wp:attachment":[{"href":"https:\/\/bobvarela.com\/index.php?rest_route=%2Fwp%2Fv2%2Fmedia&parent=172911"}],"wp:term":[{"taxonomy":"category","embeddable":true,"href":"https:\/\/bobvarela.com\/index.php?rest_route=%2Fwp%2Fv2%2Fcategories&post=172911"},{"taxonomy":"post_tag","embeddable":true,"href":"https:\/\/bobvarela.com\/index.php?rest_route=%2Fwp%2Fv2%2Ftags&post=172911"}],"curies":[{"name":"wp","href":"https:\/\/api.w.org\/{rel}","templated":true}]}}