{"id":173451,"date":"2025-09-26T09:29:48","date_gmt":"2025-09-26T13:29:48","guid":{"rendered":"https:\/\/bobvarela.com\/?p=173451"},"modified":"2025-09-26T09:29:48","modified_gmt":"2025-09-26T13:29:48","slug":"the-emerging-2025-en-plazaela","status":"publish","type":"post","link":"https:\/\/bobvarela.com\/?p=173451","title":{"rendered":"The Emerging 2025 en Plazaela"},"content":{"rendered":"<p align=\"center\"><font size=\"3\"><a href=\"https:\/\/bobvarela.com\/wp-content\/uploads\/2025\/09\/IMG_5134.jpg\"><img loading=\"lazy\" decoding=\"async\" width=\"441\" height=\"329\" title=\"IMG_5134\" style=\"display: inline; background-image: none;\" alt=\"IMG_5134\" src=\"https:\/\/bobvarela.com\/wp-content\/uploads\/2025\/09\/IMG_5134_thumb.jpg\" border=\"0\"\/><\/a><\/font><\/p>\n<p align=\"justify\"><font size=\"3\">El 26 de septiembre como parte de 20 aniversario de&nbsp; <\/font><font size=\"3\">en Plaza las Am\u00e9ricas y con la animaci\u00f3n de Diseree Lowry los participantes de The Emerging 2025 presentaron una pieza de preview como parte de su presentaci\u00f3n final que se llevar\u00e1 a cabo el 7 de octubre como parte de Puerto Rico Fashion Week en Parque de las Ciencias en Bayamon<\/font> <\/p>\n<p align=\"justify\"><b><font size=\"3\">Los dise\u00f1adores de The Emerging 2025 son:<\/font><\/b><\/p>\n<ul>\n<li>\n<p><b><font size=\"3\">Ray L. Aponte<\/font><\/b><\/p>\n<\/li>\n<li>\n<p><b><font size=\"3\">Andrieth Mart\u00ednez<\/font><\/b><\/p>\n<\/li>\n<li>\n<p><b><font size=\"3\">Carlos Jos\u00e9 Gand\u00eda Ortiz<\/font><\/b><\/p>\n<\/li>\n<li>\n<p><b><font size=\"3\">Marjorie Santos<\/font><\/b><\/p>\n<\/li>\n<li>\n<p><b><font size=\"3\">Ian G. Aponte Nieves<\/font><\/b><\/p>\n<\/li>\n<li>\n<p><b><font size=\"3\">Keniel A. D\u00edaz Mart\u00ednez<\/font><\/b><\/p>\n<\/li>\n<li>\n<p><b><font size=\"3\">Nahomy D\u00edaz<\/font><\/b><\/p>\n<\/li>\n<\/ul>\nngg_shortcode_0_placeholder\n","protected":false},"excerpt":{"rendered":"<p>El 26 de septiembre como parte de 20 aniversario de&nbsp; en Plaza las Am\u00e9ricas y con la animaci\u00f3n de Diseree Lowry los participantes de The Emerging 2025 presentaron una pieza de preview como parte de su presentaci\u00f3n final que se&hellip;<\/p>\n<p class=\"more-link-p\"><a class=\"more-link\" href=\"https:\/\/bobvarela.com\/?p=173451\">Read more &rarr;<\/a><\/p>\n","protected":false},"author":1,"featured_media":0,"comment_status":"open","ping_status":"open","sticky":false,"template":"","format":"standard","meta":{"ngg_post_thumbnail":0,"footnotes":""},"categories":[4,295],"tags":[],"class_list":["post-173451","post","type-post","status-publish","format-standard","hentry","category-moda","category-puerto-rico"],"_links":{"self":[{"href":"https:\/\/bobvarela.com\/index.php?rest_route=\/wp\/v2\/posts\/173451","targetHints":{"allow":["GET"]}}],"collection":[{"href":"https:\/\/bobvarela.com\/index.php?rest_route=\/wp\/v2\/posts"}],"about":[{"href":"https:\/\/bobvarela.com\/index.php?rest_route=\/wp\/v2\/types\/post"}],"author":[{"embeddable":true,"href":"https:\/\/bobvarela.com\/index.php?rest_route=\/wp\/v2\/users\/1"}],"replies":[{"embeddable":true,"href":"https:\/\/bobvarela.com\/index.php?rest_route=%2Fwp%2Fv2%2Fcomments&post=173451"}],"version-history":[{"count":1,"href":"https:\/\/bobvarela.com\/index.php?rest_route=\/wp\/v2\/posts\/173451\/revisions"}],"predecessor-version":[{"id":173452,"href":"https:\/\/bobvarela.com\/index.php?rest_route=\/wp\/v2\/posts\/173451\/revisions\/173452"}],"wp:attachment":[{"href":"https:\/\/bobvarela.com\/index.php?rest_route=%2Fwp%2Fv2%2Fmedia&parent=173451"}],"wp:term":[{"taxonomy":"category","embeddable":true,"href":"https:\/\/bobvarela.com\/index.php?rest_route=%2Fwp%2Fv2%2Fcategories&post=173451"},{"taxonomy":"post_tag","embeddable":true,"href":"https:\/\/bobvarela.com\/index.php?rest_route=%2Fwp%2Fv2%2Ftags&post=173451"}],"curies":[{"name":"wp","href":"https:\/\/api.w.org\/{rel}","templated":true}]}}