{"id":173603,"date":"2025-09-28T13:44:29","date_gmt":"2025-09-28T17:44:29","guid":{"rendered":"https:\/\/bobvarela.com\/?p=173603"},"modified":"2025-09-28T13:44:29","modified_gmt":"2025-09-28T17:44:29","slug":"arrancan-las-semifinales-de-objetivo-fama-con-duelos-en-solitario","status":"publish","type":"post","link":"https:\/\/bobvarela.com\/?p=173603","title":{"rendered":"Arrancan las semifinales de Objetivo Fama con duelos en solitario"},"content":{"rendered":"<p align=\"center\"><font size=\"3\"><a href=\"https:\/\/bobvarela.com\/wp-content\/uploads\/2025\/09\/Gala-9-192-Wilfred-Omar.jpg\"><img loading=\"lazy\" decoding=\"async\" width=\"440\" height=\"295\" title=\"Gala 9-192 Wilfred Omar\" style=\"display: inline; background-image: none;\" alt=\"Gala 9-192 Wilfred Omar\" src=\"https:\/\/bobvarela.com\/wp-content\/uploads\/2025\/09\/Gala-9-192-Wilfred-Omar_thumb.jpg\" border=\"0\"\/><\/a><\/font><\/p>\n<p align=\"justify\"><font size=\"3\">Las luces del escenario brillaron m\u00e1s intensas que nunca: los concursantes se enfrentaron al gran reto de cantar en solitario, inaugurando unas semifinales cargadas de emoci\u00f3n, nervios y opiniones implacables del jurado.<\/font><\/p>\n<p align=\"justify\"><font size=\"3\">La novena gala fue un desfile de voces memorables. Entre las m\u00e1s ovacionadas de la noche destacaron: Cristian con una poderosa interpretaci\u00f3n de \u201cLa nave del olvido\u201d en la versi\u00f3n de Cristian Castro; Vicky con \u201cFuera de mi vida\u201d de Valeria Lynch; Gustavo con \u201cCara de ni\u00f1o\u201d de Jerry Rivera; y Noelyz con un desgarrador \u201c\u00c9l me minti\u00f3\u201d de Amanda Miguel.<\/font><\/p>\n<p align=\"center\"><font size=\"3\"><a href=\"https:\/\/bobvarela.com\/wp-content\/uploads\/2025\/09\/Gala-9-29-Wilfred-Omar-1-Copy.jpg\"><img loading=\"lazy\" decoding=\"async\" width=\"348\" height=\"234\" title=\"Gala 9-29 Wilfred Omar (1) - Copy\" style=\"display: inline; background-image: none;\" alt=\"Gala 9-29 Wilfred Omar (1) - Copy\" src=\"https:\/\/bobvarela.com\/wp-content\/uploads\/2025\/09\/Gala-9-29-Wilfred-Omar-1-Copy_thumb.jpg\" border=\"0\"\/><\/a><a href=\"https:\/\/bobvarela.com\/wp-content\/uploads\/2025\/09\/Gala-9-05-Wilfred-Omar-1-Copy.jpg\"><img loading=\"lazy\" decoding=\"async\" width=\"342\" height=\"230\" title=\"Gala 9-05 Wilfred Omar (1) - Copy\" style=\"display: inline; background-image: none;\" alt=\"Gala 9-05 Wilfred Omar (1) - Copy\" src=\"https:\/\/bobvarela.com\/wp-content\/uploads\/2025\/09\/Gala-9-05-Wilfred-Omar-1-Copy_thumb.jpg\" border=\"0\"\/><\/a><\/font><\/p>\n<p align=\"justify\"><font size=\"3\">El p\u00fablico tambi\u00e9n vibr\u00f3 con Taishmara en \u201cCinco minutos\u201d de Gloria Trevi, Yancy y Andrea con dos explosivas versiones de los temas &#8220;Ese hombre&#8221; y &#8220;Que ganas de no verte nunca m\u00e1s&#8221; de La India, Ariana con \u201cYa te olvid\u00e9\u201d de Yuridia y Kevin con el cl\u00e1sico \u201cA puro dolor\u201d de Son by Four. A estas se sumaron las ovaciones para Valente (\u201cD\u00edgale\u201d de David Bisbal), Rafael (\u201cNo me quiero enamorar\u201d de Kalimba), Miguel (\u201cCoraz\u00f3n sin cara\u201d de Prince Royce), Sheila (\u201cD\u00e9jame volver contigo\u201d de Dulce) y Dionicio (\u201cSer\u00e1\u201d de Ricardo Montaner).<\/font><\/p>\n<p align=\"justify\"><font size=\"3\">La competencia tambi\u00e9n tuvo su momento m\u00e1s duro: Rafael y Valente se despidieron, dejando la batalla en manos de 12 concursantes que permanecen en la temida zona de peligro. Ahora, ser\u00e1 la audiencia quien tenga la \u00faltima palabra votando en ObjetivoFama.net.<\/font><\/p>\n<p align=\"center\"><font size=\"3\"><br \/><\/font><\/p>\n<p align=\"justify\"><font size=\"3\">La pr\u00f3xima gala promete a\u00fan m\u00e1s intensidad con la participaci\u00f3n de la legendaria Iris Chac\u00f3n como jueza invitada y el ritmo explosivo del artista urbano Guaynaa en el escenario.<\/font><\/p>\n<p align=\"justify\"><font size=\"3\">Con sus galas en vivo todos los s\u00e1bados por Telemundo Puerto Rico y Estrella TV en Estados Unidos, Objetivo Fama se mantiene firme como el reality musical m\u00e1s grande y emocionante de la m\u00fasica latina.<\/font><\/p>\n<p align=\"justify\">ngg_shortcode_0_placeholder<\/p>\n","protected":false},"excerpt":{"rendered":"<p>Las luces del escenario brillaron m\u00e1s intensas que nunca: los concursantes se enfrentaron al gran reto de cantar en solitario, inaugurando unas semifinales cargadas de emoci\u00f3n, nervios y opiniones implacables del jurado. La novena gala fue un desfile de voces&hellip;<\/p>\n<p class=\"more-link-p\"><a class=\"more-link\" href=\"https:\/\/bobvarela.com\/?p=173603\">Read more &rarr;<\/a><\/p>\n","protected":false},"author":1,"featured_media":0,"comment_status":"open","ping_status":"open","sticky":false,"template":"","format":"standard","meta":{"ngg_post_thumbnail":0,"footnotes":""},"categories":[3],"tags":[],"class_list":["post-173603","post","type-post","status-publish","format-standard","hentry","category-actividades"],"_links":{"self":[{"href":"https:\/\/bobvarela.com\/index.php?rest_route=\/wp\/v2\/posts\/173603","targetHints":{"allow":["GET"]}}],"collection":[{"href":"https:\/\/bobvarela.com\/index.php?rest_route=\/wp\/v2\/posts"}],"about":[{"href":"https:\/\/bobvarela.com\/index.php?rest_route=\/wp\/v2\/types\/post"}],"author":[{"embeddable":true,"href":"https:\/\/bobvarela.com\/index.php?rest_route=\/wp\/v2\/users\/1"}],"replies":[{"embeddable":true,"href":"https:\/\/bobvarela.com\/index.php?rest_route=%2Fwp%2Fv2%2Fcomments&post=173603"}],"version-history":[{"count":1,"href":"https:\/\/bobvarela.com\/index.php?rest_route=\/wp\/v2\/posts\/173603\/revisions"}],"predecessor-version":[{"id":173604,"href":"https:\/\/bobvarela.com\/index.php?rest_route=\/wp\/v2\/posts\/173603\/revisions\/173604"}],"wp:attachment":[{"href":"https:\/\/bobvarela.com\/index.php?rest_route=%2Fwp%2Fv2%2Fmedia&parent=173603"}],"wp:term":[{"taxonomy":"category","embeddable":true,"href":"https:\/\/bobvarela.com\/index.php?rest_route=%2Fwp%2Fv2%2Fcategories&post=173603"},{"taxonomy":"post_tag","embeddable":true,"href":"https:\/\/bobvarela.com\/index.php?rest_route=%2Fwp%2Fv2%2Ftags&post=173603"}],"curies":[{"name":"wp","href":"https:\/\/api.w.org\/{rel}","templated":true}]}}