{"id":173615,"date":"2025-09-29T08:57:13","date_gmt":"2025-09-29T12:57:13","guid":{"rendered":"https:\/\/bobvarela.com\/?p=173615"},"modified":"2025-09-29T08:57:13","modified_gmt":"2025-09-29T12:57:13","slug":"aguadilla-esta-de-moda-con-el-west-fashion-week","status":"publish","type":"post","link":"https:\/\/bobvarela.com\/?p=173615","title":{"rendered":"AGUADILLA ESTA DE MODA CON EL WEST FASHION WEEK"},"content":{"rendered":"<p align=\"center\"><font size=\"3\"><a href=\"https:\/\/bobvarela.com\/wp-content\/uploads\/2025\/09\/westedp.jpg\"><img loading=\"lazy\" decoding=\"async\" width=\"462\" height=\"258\" title=\"westedp\" style=\"display: inline; background-image: none;\" alt=\"westedp\" src=\"https:\/\/bobvarela.com\/wp-content\/uploads\/2025\/09\/westedp_thumb.jpg\" border=\"0\"\/><\/a><\/font><\/p>\n<p align=\"justify\"><font size=\"3\">Por m\u00e1s de 15 a\u00f1os hemos sido testigos del desarrollo de nuevos talentos que han despuntado en la industria de la aguja local y hoy nos sentimos m\u00e1s que orgullosos de contar con un legado en la moda local y que ha sido producto de la confianza <br \/>y oportunidad brindada en nuestra plataforma.<\/font><\/p>\n<p align=\"justify\"><font size=\"3\">En esta ocasi\u00f3n el Municipio de Aguadilla y su alcalde Hon. Julio Rold\u00e1n Concepci\u00f3n y la primera dama, la Dra Grisel Villanueva Respeto, nos reciben como sede para la celebraci\u00f3n del WEST Fashion Week, en su compromiso con apoyar la industria de la aguja y el desarrollo de los nuevos empresarios de moda,mientras estrenamos nueva casa junto a BQN Events, en las facilidades del Courtyard Marriott de Aguadilla, con el montaje de Midnight Xpress.<\/font><\/p>\n<p align=\"center\"><font size=\"3\"><a href=\"https:\/\/bobvarela.com\/wp-content\/uploads\/2025\/09\/westdesignerss.jpg\"><img loading=\"lazy\" decoding=\"async\" width=\"270\" height=\"166\" title=\"westdesignerss\" style=\"display: inline; background-image: none;\" alt=\"westdesignerss\" src=\"https:\/\/bobvarela.com\/wp-content\/uploads\/2025\/09\/westdesignerss_thumb.jpg\" border=\"0\"\/><\/a><a href=\"https:\/\/bobvarela.com\/wp-content\/uploads\/2025\/09\/wconfe_d5a0520_54810774029_o.jpg\"><img loading=\"lazy\" decoding=\"async\" width=\"244\" height=\"165\" title=\"wconfe_d5a0520_54810774029_o\" style=\"margin: 0px; display: inline; background-image: none;\" alt=\"wconfe_d5a0520_54810774029_o\" src=\"https:\/\/bobvarela.com\/wp-content\/uploads\/2025\/09\/wconfe_d5a0520_54810774029_o_thumb.jpg\" border=\"0\"\/><\/a><\/font><\/p>\n<p align=\"justify\"><font size=\"3\">Continuamos siendo la plataforma de esa primera oportunidad y rumbo a la nueva era nace, New Faces Puerto Rico, un concepto donde extendemos esa visibilidad <br \/>a los diferentes sectores del mundo fashionista exponiendo nuevos rostros en el negocio de la moda, incluyendo modelos, reinas, fot\u00f3grafos y creativos del patio.<\/font><\/p>\n<p align=\"justify\"><font size=\"3\">Apostamos a la educaci\u00f3n y EDP University Recinto de San Sebasti\u00e1n estar\u00e1 a cargo del EDP Showcase con las presentaciones de egresados del curso de grado asociado: Josepthy Lorenzo, Yarelis Guzm\u00e1n, Eunice Feliciano y Alberto Acevedo mientras del grado de bachillerato nos acompa\u00f1ar\u00e1n: Zenymar Mercado, Fabiola Ram\u00edrez, Sarai Quintana y Darleen Fern\u00e1ndez, todos bajo el comando de Carmen Pe\u00f1a, Profesora y WEST Evolution 2023.<\/font><\/p>\n<p align=\"center\"><font size=\"3\"><a href=\"https:\/\/bobvarela.com\/wp-content\/uploads\/2025\/09\/westlemloren_d5a0584_54810525061_o.jpg\"><img loading=\"lazy\" decoding=\"async\" width=\"339\" height=\"228\" title=\"westlemloren_d5a0584_54810525061_o\" style=\"display: inline; background-image: none;\" alt=\"westlemloren_d5a0584_54810525061_o\" src=\"https:\/\/bobvarela.com\/wp-content\/uploads\/2025\/09\/westlemloren_d5a0584_54810525061_o_thumb.jpg\" border=\"0\"\/><\/a><\/font><\/p>\n<p align=\"justify\"><font size=\"3\">Se estrenan en la pasarela del WFW los New Faces: Jennifer Morera, Jessica Hern\u00e1ndez, Tiara Camara y la joven Amanda P\u00e9rez quien ser\u00e1 reconocida <br \/>como WEST Evolution 2025, por su trayectoria en la plataforma como modelo y ahora estren\u00e1ndose como dise\u00f1adora artesanal del macram\u00e9.<br \/>Como parte de nuestra evoluci\u00f3n llega la moda urbana al WEST en una colaboraci\u00f3n con UNRTD Magazine, de la mano de su fundadora Ileana D\u00edaz <br \/>y Gisela M\u00eda, directora de moda de la revista. Se fusionan el arte, la moda y la m\u00fasica con los creativos: Jibarela, Unna Moda, Gustav junto al ya reconocido Ozvart. <br \/>La velada contar\u00e1 con la participaci\u00f3n art\u00edstica de Myzo y LaDi.<br \/>Se estrena Pasarela de tallas especializadas con moda petite, mientras la moda \u201ccurvy\u201d ser\u00e1 presentada por la dise\u00f1adora Rosa Mercedes y las propuestas <br \/>de moda para ni\u00f1as y \u201cteens\u201d ser\u00e1 presentada por Loretta, Chocococo <br \/>y Moner\u00edas by Marisol Miranda.<\/font><\/p>\n<p align=\"justify\"><font size=\"3\">Creemos en la moda como negocio sustentable por lo que Lemlorem Program capitaneara la presentaci\u00f3n de las creadoras de las marcas;<\/font><\/p>\n<p align=\"justify\"><font size=\"3\">Tropicala por Alana Cruz, Puntadas by Sully de Sullibeth Carrero, <br \/>Crystal Rodriquez por Valeria Rodr\u00edguez, Norma Raquel Rivera de DYKYJ Apparel <br \/>y Andrea Nieves de ANM Studio.<\/font><\/p>\n<p align=\"center\"><a href=\"https:\/\/bobvarela.com\/wp-content\/uploads\/2025\/09\/westannjoey.jpg\"><img loading=\"lazy\" decoding=\"async\" width=\"302\" height=\"353\" title=\"westannjoey\" style=\"display: inline; background-image: none;\" alt=\"westannjoey\" src=\"https:\/\/bobvarela.com\/wp-content\/uploads\/2025\/09\/westannjoey_thumb.jpg\" border=\"0\"\/><\/a><\/p>\n<p align=\"justify\"><font size=\"3\">Completan los pases de moda las colecciones de los dise\u00f1adores: <br \/>Brian D\u00edaz, John John, Lorraine Ort\u00edz, Pedro Serrano, Yesenia Arroyo<br \/>y Luis Rentas con un espectacular desfile de Reinas de Belleza.<\/font><\/p>\n<p align=\"justify\"><font size=\"3\">En esta ocasi\u00f3n WEST por una Causa como plataforma de la nueva generaci\u00f3n <br \/>ser\u00e1 enfocado en impulsar un talento joven emprendedor y con potencial<\/font><\/p>\n<p align=\"justify\"><font size=\"3\">de desarrollo en el campo de la moda, ofreciendo herramientas, mentor\u00eda <br \/>y direcci\u00f3n para su presentaci\u00f3n novel en nuestra plataforma.<br \/>Para este esfuerzo contaremos con la dise\u00f1adora y educadora Lemaris Lorenzo<br \/>y el veterano de la moda masculina, Jos\u00e9 Ra\u00fal como padrinos de nuestra plataforma y quienes estar\u00e1n a cargo de cerrar nuestra edici\u00f3n del 2025.<br \/>El arreglo de las modelos estar\u00e1 a cargo del equipo de J\u2019Ann Sant y The Make up Lab by Cynthia Isset. Esteban Media se encargar\u00e1 de los visuales y Neus Studios har\u00e1 las transmisiones live para las redes sociales mientras Peroni y Blue Moon degustar\u00e1n a nuestros invitados.<\/font><\/p>\n","protected":false},"excerpt":{"rendered":"<p>Por m\u00e1s de 15 a\u00f1os hemos sido testigos del desarrollo de nuevos talentos que han despuntado en la industria de la aguja local y hoy nos sentimos m\u00e1s que orgullosos de contar con un legado en la moda local y&hellip;<\/p>\n<p class=\"more-link-p\"><a class=\"more-link\" href=\"https:\/\/bobvarela.com\/?p=173615\">Read more &rarr;<\/a><\/p>\n","protected":false},"author":1,"featured_media":0,"comment_status":"open","ping_status":"open","sticky":false,"template":"","format":"standard","meta":{"ngg_post_thumbnail":0,"footnotes":""},"categories":[4,295],"tags":[],"class_list":["post-173615","post","type-post","status-publish","format-standard","hentry","category-moda","category-puerto-rico"],"_links":{"self":[{"href":"https:\/\/bobvarela.com\/index.php?rest_route=\/wp\/v2\/posts\/173615","targetHints":{"allow":["GET"]}}],"collection":[{"href":"https:\/\/bobvarela.com\/index.php?rest_route=\/wp\/v2\/posts"}],"about":[{"href":"https:\/\/bobvarela.com\/index.php?rest_route=\/wp\/v2\/types\/post"}],"author":[{"embeddable":true,"href":"https:\/\/bobvarela.com\/index.php?rest_route=\/wp\/v2\/users\/1"}],"replies":[{"embeddable":true,"href":"https:\/\/bobvarela.com\/index.php?rest_route=%2Fwp%2Fv2%2Fcomments&post=173615"}],"version-history":[{"count":1,"href":"https:\/\/bobvarela.com\/index.php?rest_route=\/wp\/v2\/posts\/173615\/revisions"}],"predecessor-version":[{"id":173616,"href":"https:\/\/bobvarela.com\/index.php?rest_route=\/wp\/v2\/posts\/173615\/revisions\/173616"}],"wp:attachment":[{"href":"https:\/\/bobvarela.com\/index.php?rest_route=%2Fwp%2Fv2%2Fmedia&parent=173615"}],"wp:term":[{"taxonomy":"category","embeddable":true,"href":"https:\/\/bobvarela.com\/index.php?rest_route=%2Fwp%2Fv2%2Fcategories&post=173615"},{"taxonomy":"post_tag","embeddable":true,"href":"https:\/\/bobvarela.com\/index.php?rest_route=%2Fwp%2Fv2%2Ftags&post=173615"}],"curies":[{"name":"wp","href":"https:\/\/api.w.org\/{rel}","templated":true}]}}