{"id":173782,"date":"2025-10-07T11:31:42","date_gmt":"2025-10-07T15:31:42","guid":{"rendered":"https:\/\/bobvarela.com\/?p=173782"},"modified":"2025-10-07T11:31:42","modified_gmt":"2025-10-07T15:31:42","slug":"se-oficializa-el-tramo-carlota-alfaro-en-la-calle-loza-de-santurce","status":"publish","type":"post","link":"https:\/\/bobvarela.com\/?p=173782","title":{"rendered":"Se oficializa el tramo &ldquo;Carlota Alfaro&rdquo; en la Calle Lo&iacute;za de Santurce"},"content":{"rendered":"<p align=\"center\"><a href=\"https:\/\/bobvarela.com\/wp-content\/uploads\/2025\/10\/8811a90b-d8e1-4296-8893-61f7209d89ce.jpg\"><img loading=\"lazy\" decoding=\"async\" width=\"473\" height=\"355\" title=\"8811a90b-d8e1-4296-8893-61f7209d89ce\" style=\"display: inline; background-image: none;\" alt=\"8811a90b-d8e1-4296-8893-61f7209d89ce\" src=\"https:\/\/bobvarela.com\/wp-content\/uploads\/2025\/10\/8811a90b-d8e1-4296-8893-61f7209d89ce_thumb.jpg\" border=\"0\"\/><\/a><\/p>\n<p align=\"justify\"><font size=\"3\">La figura de Carlota Alfaro, \u00edcono indiscutible de la moda puertorrique\u00f1a, ha sido inmortalizada oficialmente mediante la designaci\u00f3n del tramo de la Calle Lo\u00edza en Santurce.<\/font><\/p>\n<p align=\"justify\"><font size=\"3\">Este tramo que transcurre desde la intersecci\u00f3n de la Calle Lo\u00edza con la Avenida Jos\u00e9 de Diego hasta la intersecci\u00f3n con la Calle Jefferson, ahora se llamar\u00e1 el \u201cTramo Carlota Alfaro\u201d.<\/font><\/p>\n<p align=\"justify\"><font size=\"3\">San Juan Moda, plataforma que por m\u00e1s de una d\u00e9cada ha promovido la excelencia, la historia y el talento de la moda puertorrique\u00f1a, celebra con orgullo la designaci\u00f3n del \u201cTramo Carlota Alfaro\u201d y la colocaci\u00f3n oficial del letrero que perpet\u00faa su nombre en la Calle Lo\u00edza.<\/font><\/p>\n<p align=\"justify\"><font size=\"3\">\u201cCarlota Alfaro representa la ra\u00edz y la elegancia de nuestra industria. Su legado trasciende generaciones y contin\u00faa siendo una inspiraci\u00f3n para todo dise\u00f1ador, modelo y amante de la moda. Ver su nombre en la Calle Lo\u00edza, donde form\u00f3 tantas vidas, nos llena de alegr\u00eda, gratitud y orgullo. Que ella pueda ver en vida su nombre puesto en este tramo es motivo de celebraci\u00f3n\u201d, expres\u00f3 Carlos Berm\u00fadez, presidente&nbsp; de San Juan Moda.<\/font><\/p>\n<p align=\"justify\"><font size=\"3\">\u201cEste reconocimiento no es solo un tributo a una gran maestra, sino un acto de justicia cultural hacia una mujer que dedic\u00f3 su vida a embellecer a Puerto Rico con su arte y su disciplina.&nbsp; El Tramo Carlota Alfaro se convierte as\u00ed en un s\u00edmbolo permanente del talento, la perseverancia y el esp\u00edritu creador de la moda puertorrique\u00f1a\u201d, agreg\u00f3 Berm\u00fadez.<\/font><\/p>\n<p align=\"justify\"><font size=\"3\">La medida fue presentada por la entonces senadora Zo\u00e9 Laboy Alvarado a trav\u00e9s del Proyecto del Senado 856, aprobado como reconocimiento al legado de Alfaro y a su invaluable contribuci\u00f3n al desarrollo de la industria de la moda en Puerto Rico. La medida se convirti\u00f3 en la Ley N\u00fam. 23 de 15 de Mayo de 2019 y no fue hasta ahora en el 2025 que el secretario de DTOP, el Dr. Edwin Gonz\u00e1lez&nbsp; coloc\u00f3 oficialmente el letrero con su nombre. <\/font><\/p>\n<p align=\"justify\"><font size=\"3\">\u201cCarlota Alfaro ha sido por m\u00e1s de 50 a\u00f1os educadora de modas en su espacio en la Calle Lo\u00edza. Durante este tiempo ha sido ferviente y fiel comerciante de la zona, independientemente de los cambios sociales y econ\u00f3micos que ha sufrido el \u00e1rea.<\/font><\/p>\n<p align=\"justify\"><font size=\"3\">Con su instituci\u00f3n educativa ha aportado significativamente y de manera consistente al desarrollo econ\u00f3mico de esta calle, no tan solo inyectando valor econ\u00f3mico a la zona, sino dando vida y coraz\u00f3n con el tr\u00e1nsito de cientos de estudiantes, y embelleciendo el entorno urbano\u201d, expresa la medida que origin\u00f3 esta designaci\u00f3n.<\/font><\/p>\n<p align=\"justify\"><font size=\"3\">Una vida dedicada a la moda puertorrique\u00f1a<\/font><\/p>\n<p align=\"justify\"><font size=\"3\">Carlota Alfaro naci\u00f3 el 4 de junio de 1933 en San Juan, Puerto Rico. Desde temprana edad mostr\u00f3 inter\u00e9s y aptitud por la costura, estableciendo su primer taller a los 17 a\u00f1os en la Calle del Parque en Santurce.<\/font><\/p>\n<p align=\"justify\"><font size=\"3\">A comienzos de los a\u00f1os 60, fund\u00f3 el Carlota Alfaro College en la Calle Lo\u00edza, donde desarroll\u00f3 y ense\u00f1a hasta el d\u00eda de hoy su Sistema Carlota Alfaro, un m\u00e9todo de costura innovador y \u00fanico en su clase.<\/font><\/p>\n<p align=\"justify\"><font size=\"3\">Durante su trayectoria ha recibido m\u00faltiples distinciones: fue ovacionada en el Concurso Anual de Modas Dorothy Gray, obtuvo cuatro de los cinco galardones en la pasarela &#8220;Destellos de la Moda&#8221; (1970), y recibi\u00f3 el prestigioso Lifetime Achievement Award en 1988, entregado por la entonces primera dama de Estados Unidos, Nancy Reagan.<\/font><\/p>\n<p align=\"justify\"><font size=\"3\">Un legado que sigue inspirando<\/font><\/p>\n<p align=\"justify\"><font size=\"3\">A sus 92 a\u00f1os, la moda de Do\u00f1a Carlota Alfaro contin\u00faa siendo un \u00edcono de su industria y sigue aportando a la econom\u00eda puertorrique\u00f1a. Por eso merece que su obra quede inmortalizada a trav\u00e9s de la denominaci\u00f3n del tramo de la Calle Lo\u00edza en el que ubica su atelier y escuela.<\/font><\/p>\n","protected":false},"excerpt":{"rendered":"<p>La figura de Carlota Alfaro, \u00edcono indiscutible de la moda puertorrique\u00f1a, ha sido inmortalizada oficialmente mediante la designaci\u00f3n del tramo de la Calle Lo\u00edza en Santurce. Este tramo que transcurre desde la intersecci\u00f3n de la Calle Lo\u00edza con la Avenida&hellip;<\/p>\n<p class=\"more-link-p\"><a class=\"more-link\" href=\"https:\/\/bobvarela.com\/?p=173782\">Read more &rarr;<\/a><\/p>\n","protected":false},"author":1,"featured_media":0,"comment_status":"open","ping_status":"open","sticky":false,"template":"","format":"standard","meta":{"ngg_post_thumbnail":0,"footnotes":""},"categories":[4,295],"tags":[],"class_list":["post-173782","post","type-post","status-publish","format-standard","hentry","category-moda","category-puerto-rico"],"_links":{"self":[{"href":"https:\/\/bobvarela.com\/index.php?rest_route=\/wp\/v2\/posts\/173782","targetHints":{"allow":["GET"]}}],"collection":[{"href":"https:\/\/bobvarela.com\/index.php?rest_route=\/wp\/v2\/posts"}],"about":[{"href":"https:\/\/bobvarela.com\/index.php?rest_route=\/wp\/v2\/types\/post"}],"author":[{"embeddable":true,"href":"https:\/\/bobvarela.com\/index.php?rest_route=\/wp\/v2\/users\/1"}],"replies":[{"embeddable":true,"href":"https:\/\/bobvarela.com\/index.php?rest_route=%2Fwp%2Fv2%2Fcomments&post=173782"}],"version-history":[{"count":1,"href":"https:\/\/bobvarela.com\/index.php?rest_route=\/wp\/v2\/posts\/173782\/revisions"}],"predecessor-version":[{"id":173783,"href":"https:\/\/bobvarela.com\/index.php?rest_route=\/wp\/v2\/posts\/173782\/revisions\/173783"}],"wp:attachment":[{"href":"https:\/\/bobvarela.com\/index.php?rest_route=%2Fwp%2Fv2%2Fmedia&parent=173782"}],"wp:term":[{"taxonomy":"category","embeddable":true,"href":"https:\/\/bobvarela.com\/index.php?rest_route=%2Fwp%2Fv2%2Fcategories&post=173782"},{"taxonomy":"post_tag","embeddable":true,"href":"https:\/\/bobvarela.com\/index.php?rest_route=%2Fwp%2Fv2%2Ftags&post=173782"}],"curies":[{"name":"wp","href":"https:\/\/api.w.org\/{rel}","templated":true}]}}