{"id":173790,"date":"2025-10-09T11:29:39","date_gmt":"2025-10-09T15:29:39","guid":{"rendered":"https:\/\/bobvarela.com\/?p=173790"},"modified":"2025-10-09T11:29:39","modified_gmt":"2025-10-09T15:29:39","slug":"el-sonero-mayor-activa-a-santurce-en-as-suena-maelo","status":"publish","type":"post","link":"https:\/\/bobvarela.com\/?p=173790","title":{"rendered":"El Sonero Mayor activa a Santurce en As&iacute; Suena Maelo"},"content":{"rendered":"<p align=\"center\"><a href=\"https:\/\/bobvarela.com\/wp-content\/uploads\/2025\/10\/Asi-suena-Maelo-ed2.jpg\"><img loading=\"lazy\" decoding=\"async\" width=\"398\" height=\"267\" title=\"Asi suena Maelo ed2\" style=\"display: inline; background-image: none;\" alt=\"Asi suena Maelo ed2\" src=\"https:\/\/bobvarela.com\/wp-content\/uploads\/2025\/10\/Asi-suena-Maelo-ed2_thumb.jpg\" border=\"0\"\/><\/a><\/p>\n<p align=\"justify\"><font size=\"3\">El Museo de Arte Contempor\u00e1neo de Puerto Rico (MAC), la Fundaci\u00f3n Ismael Rivera (FIR) y el Instituto de Cultura Puertorrique\u00f1a (ICP) vuelven a unir voluntades para celebrar el legado de Ismael \u201cMaelo\u201d Rivera. As\u00ed Suena Maelo se llevar\u00e1 a cabo este s\u00e1bado, 11 de octubre, en el MAC, ubicado en la Parada 18 de Santurce.<\/font><\/p>\n<p align=\"justify\"><font size=\"3\">Ser\u00e1 una jornada completa de actividades con exhibiciones, talleres, m\u00fasica en vivo y un bailable en homenaje a Maelo, cuya voz imperecedera sigue siendo clave y coraz\u00f3n de una herencia salsera de alcance internacional que contin\u00faa cautivando a viejas y nuevas generaciones.<\/font><\/p>\n<p align=\"justify\"><font size=\"3\">\u201cCon As\u00ed Suena Maelo celebramos no solo la vida y obra de nuestro Sonero Mayor, sino tambi\u00e9n la fuerza cultural y comunitaria que \u00e9l representa para Puerto Rico y el mundo. Desde el Museo de Arte Contempor\u00e1neo, nos honra unirnos a la Fundaci\u00f3n Ismael Rivera y al Instituto de Cultura Puertorrique\u00f1a para abrir las puertas del MAC y de la Casa Museo Ismael Rivera en una jornada que conecta la m\u00fasica, el arte y la memoria viva de Santurce. Queremos que esta sea una fiesta para todos, un tributo donde la salsa, la creatividad y la comunidad se entrelacen para seguir haciendo de Maelo un legado presente y futuro\u201d, coment\u00f3 Marianne Ram\u00edrez Aponte, directora ejecutiva y curadora en jefe del MAC.<\/font><\/p>\n<p align=\"center\"><a href=\"https:\/\/bobvarela.com\/wp-content\/uploads\/2025\/10\/Asi-suena-Maelo-ed3.jpg\"><img loading=\"lazy\" decoding=\"async\" width=\"448\" height=\"301\" title=\"Asi suena Maelo ed3\" style=\"display: inline; background-image: none;\" alt=\"Asi suena Maelo ed3\" src=\"https:\/\/bobvarela.com\/wp-content\/uploads\/2025\/10\/Asi-suena-Maelo-ed3_thumb.jpg\" border=\"0\"\/><\/a><\/p>\n<p align=\"justify\"><font size=\"3\">Por su parte, la directora ejecutiva del ICP, Melissa Santana, expres\u00f3 que \u201cdesde el Instituto de Cultura Puertorrique\u00f1a nos complace volver a colaborar con el Museo de Arte Contempor\u00e1neo de Puerto Rico y la Fundaci\u00f3n Ismael Rivera en esta valiosa iniciativa que celebra a uno de los \u00edconos m\u00e1s importantes de nuestra m\u00fasica. As\u00ed Suena Maelo reafirma la fuerza de la cultura cuando se trabaja en conjunto, promoviendo el arte, la educaci\u00f3n y la participaci\u00f3n comunitaria. Con esta alianza honramos el legado del Sonero Mayor y fortalecemos los lazos que nos unen como pueblo\u201d.<\/font><\/p>\n<p align=\"justify\"><font size=\"3\">El evento incluir\u00e1 una programaci\u00f3n simult\u00e1nea entre el MAC y la Casa Museo Ismael Rivera, que fue la residencia del cantante y de su madre, Do\u00f1a Marg\u00f3, en la comunidad de Machuchal.<\/font><\/p>\n<p align=\"justify\"><font size=\"3\">La Calle Calma, donde se ubica la Casa Museo, es parte de una comunidad viva y el estacionamiento para sus residentes es limitado, por lo que invitamos a los asistentes a llegar directo al MAC y aprovechar el transporte que estaremos ofreciendo de forma gratuita para llevar pasajeros entre ambos espacios.<\/font><\/p>\n<p align=\"justify\"><font size=\"3\">En Casa Maelo, se mostrar\u00e1 la exhibici\u00f3n The Afterlives of Ismael Rivera, con obras fotogr\u00e1ficas de Christopher L\u00f3pez inspiradas en las canciones \u201cLas caras lindas\u201d, \u201cLa Perla\u201d y \u201cA medias no\u201d. La agenda incluye un taller de salsa a cargo de Salsa y Ternura, un taller de bomba con L\u00edo Villahermosa, y la presentaci\u00f3n de la cuatrista Fabiola Mu\u00f1oz y su sexteto. La programaci\u00f3n culminar\u00e1 con el estreno del video tributo a Ismael Rivera del artista Alz\u00e9rreca, una pieza audiovisual creada especialmente para celebrar la memoria y el legado del Sonero Mayor.<\/font><\/p>\n<p align=\"center\"><font size=\"3\"><a href=\"https:\/\/bobvarela.com\/wp-content\/uploads\/2025\/10\/Asi-suena-Maelo-ed4.jpg\"><img loading=\"lazy\" decoding=\"async\" width=\"401\" height=\"269\" title=\"Asi suena Maelo ed4\" style=\"display: inline; background-image: none;\" alt=\"Asi suena Maelo ed4\" src=\"https:\/\/bobvarela.com\/wp-content\/uploads\/2025\/10\/Asi-suena-Maelo-ed4_thumb.jpg\" border=\"0\"\/><\/a><\/font><\/p>\n<p align=\"justify\"><font size=\"3\">\u201cCada vez que evocamos a Ismael Rivera, recordamos no solo al Sonero Mayor, sino la historia de nuestras negritudes y la m\u00fasica emblema de nuestra dignidad. Desde la Fundaci\u00f3n Ismael Rivera y la Casa Museo en Machuchal, honramos esa memoria colectiva junto a la figura de Do\u00f1a Marg\u00f3 y de su inseparable Rafael Cortijo, guardianes de una herencia afrocaribe\u00f1a, resistencia y alegr\u00eda. As\u00ed Suena Maelo es una celebraci\u00f3n del presente y del porvenir: un encuentro donde el legado de Maelo se entrelaza con las nuevas generaciones de m\u00fasicos y artistas, como Fabiola Mu\u00f1oz y Alz\u00e9rreca, que siguen sembrando ritmo y orgullo desde Santurce para el mundo. Agradecemos al Museo de Arte Contempor\u00e1neo y al Instituto de Cultura Puertorrique\u00f1a por acompa\u00f1arnos en esta ruta de memoria, arte y comunidad\u201d, a\u00f1adi\u00f3 Windy Cosme, portavoz de la Fundaci\u00f3n Ismael Rivera.<\/font><\/p>\n<p align=\"justify\"><font size=\"3\">La programaci\u00f3n en el MAC incluir\u00e1 artesanos, comida, talleres de arte y m\u00fasica en vivo. Desde el mediod\u00eda en el exterior del museo, el p\u00fablico podr\u00e1 disfrutar de artesan\u00edas y una tienda pop-up del editorial ICP. Mientras, en el sal\u00f3n educativo, Joudy Santaliz ofrecer\u00e1 el taller \u201cTus flores de papel\u201d, dise\u00f1ado por B\u00e1rbara D\u00edaz Tapia, donde ni\u00f1os, j\u00f3venes y adultos crear\u00e1n flores pintadas con acuarelas en homenaje a Maelo. Asimismo, en el patio interior, Ostomatic ofrecer\u00e1 el taller \u201cUn soneo pa Maelo, Las caratulas lindas\u201d en el cual los participantes dedicar\u00e1n un soneo y decorar\u00e1n su postal para Maelo. Tambi\u00e9n habr\u00e1 un taller de salsa con Rafy Villegas y un gran cierre bailable con la m\u00fasica de DJ Cano Cangrejo y la Orquesta de Carlitos Garc\u00eda tocando \u00e9xitos de Maelo en vivo, con los que extender\u00e1n la fiesta hasta la medianoche en una edici\u00f3n estelar de Salsa en el Patio que promete ser inolvidable.<\/font><\/p>\n<p align=\"justify\"><font size=\"3\">El MAC tambi\u00e9n inaugurar\u00e1 ese d\u00eda la exhibici\u00f3n Sereno no me mandes a dormir del artista Christopher Gregory-Rivera en la Galer\u00eda Comunitaria. La muestra re\u00fane im\u00e1genes tomadas junto a la comunidad del Ca\u00f1o Mart\u00edn Pe\u00f1a en torno a la vida cotidiana, el paisaje, la organizaci\u00f3n pol\u00edtica y los procesos de realojo y dragado, acompa\u00f1adas de objetos, documentos y entrevistas que fortalecen la relaci\u00f3n entre el archivo visual y las voces de los residentes. <\/font><\/p>\n<p align=\"justify\"><font size=\"3\">As\u00ed suena Maelo ser\u00e1 libre de costo y abierta al p\u00fablico general, como un regalo a nuestra comunidad en conmemoraci\u00f3n del natalicio de Maelo y en celebraci\u00f3n del legado vivo y futuro de nuestro Sonero Mayor.<\/font><\/p>\n<p align=\"justify\"><font size=\"3\">El evento es un esfuerzo conjunto del MAC con la Fundaci\u00f3n Ismael Rivera y es posible gracias al auspicio del Instituto de Cultura Puertorrique\u00f1a, Tiznando el Pa\u00eds y The Wallace Foundation.<\/font><\/p>\n<p align=\"justify\"><font size=\"3\">Para m\u00e1s informaci\u00f3n sobre el evento pueden llamar al (787) 977-4030 o escribir a: <\/font><a><font size=\"3\">karladiaz@museomac.org<\/font><\/a><font size=\"3\">.<\/font><\/p>\n","protected":false},"excerpt":{"rendered":"<p>El Museo de Arte Contempor\u00e1neo de Puerto Rico (MAC), la Fundaci\u00f3n Ismael Rivera (FIR) y el Instituto de Cultura Puertorrique\u00f1a (ICP) vuelven a unir voluntades para celebrar el legado de Ismael \u201cMaelo\u201d Rivera. As\u00ed Suena Maelo se llevar\u00e1 a cabo&hellip;<\/p>\n<p class=\"more-link-p\"><a class=\"more-link\" href=\"https:\/\/bobvarela.com\/?p=173790\">Read more &rarr;<\/a><\/p>\n","protected":false},"author":1,"featured_media":0,"comment_status":"open","ping_status":"open","sticky":false,"template":"","format":"standard","meta":{"ngg_post_thumbnail":0,"footnotes":""},"categories":[4],"tags":[],"class_list":["post-173790","post","type-post","status-publish","format-standard","hentry","category-moda"],"_links":{"self":[{"href":"https:\/\/bobvarela.com\/index.php?rest_route=\/wp\/v2\/posts\/173790","targetHints":{"allow":["GET"]}}],"collection":[{"href":"https:\/\/bobvarela.com\/index.php?rest_route=\/wp\/v2\/posts"}],"about":[{"href":"https:\/\/bobvarela.com\/index.php?rest_route=\/wp\/v2\/types\/post"}],"author":[{"embeddable":true,"href":"https:\/\/bobvarela.com\/index.php?rest_route=\/wp\/v2\/users\/1"}],"replies":[{"embeddable":true,"href":"https:\/\/bobvarela.com\/index.php?rest_route=%2Fwp%2Fv2%2Fcomments&post=173790"}],"version-history":[{"count":1,"href":"https:\/\/bobvarela.com\/index.php?rest_route=\/wp\/v2\/posts\/173790\/revisions"}],"predecessor-version":[{"id":173791,"href":"https:\/\/bobvarela.com\/index.php?rest_route=\/wp\/v2\/posts\/173790\/revisions\/173791"}],"wp:attachment":[{"href":"https:\/\/bobvarela.com\/index.php?rest_route=%2Fwp%2Fv2%2Fmedia&parent=173790"}],"wp:term":[{"taxonomy":"category","embeddable":true,"href":"https:\/\/bobvarela.com\/index.php?rest_route=%2Fwp%2Fv2%2Fcategories&post=173790"},{"taxonomy":"post_tag","embeddable":true,"href":"https:\/\/bobvarela.com\/index.php?rest_route=%2Fwp%2Fv2%2Ftags&post=173790"}],"curies":[{"name":"wp","href":"https:\/\/api.w.org\/{rel}","templated":true}]}}