{"id":173936,"date":"2025-10-15T08:49:30","date_gmt":"2025-10-15T12:49:30","guid":{"rendered":"https:\/\/bobvarela.com\/?p=173936"},"modified":"2025-10-15T09:14:43","modified_gmt":"2025-10-15T13:14:43","slug":"desfile-mi-isla-de-edd-aponte-en-el-puerto-rico-fashion-week-2025","status":"publish","type":"post","link":"https:\/\/bobvarela.com\/?p=173936","title":{"rendered":"Desfile Mi Isla de Edd Aponte en el Puerto Rico Fashion Week 2025"},"content":{"rendered":"<p align=\"justify\"><span style=\"font-size: medium;\">El 9 de octubre en el Domo Claro Space de Parque de la Ciencias en Bayamon, el dise\u00f1ador Edd Aponte presento su desfile &#8220;Mi Isla&#8221;.<\/span><\/p>\n<p align=\"justify\"><span style=\"font-size: medium;\">\u201cMi Isla\u201d celebra la esencia del Caribe a trav\u00e9s de sus colores y texturas, combinando fibras naturales como algod\u00f3n, lino y seda con el brillo de lentejuelas, bordados y cristales. La paleta destaca tonos de blanco, beige, naranjas y azules, evocando la riqueza crom\u00e1tica de la regi\u00f3n. Las siluetas juegan con el contraste entre piezas estructuradas y otras m\u00e1s fluidas, creando un balance de dramatismo y movimiento que refleja la energ\u00eda vibrante caribe\u00f1a.<\/span><\/p>\n<p align=\"justify\"><span style=\"font-size: medium;\">ngg_shortcode_0_placeholder<\/span><\/p>\n","protected":false},"excerpt":{"rendered":"<p>El 9 de octubre en el Domo Claro Space de Parque de la Ciencias en Bayamon, el dise\u00f1ador Edd Aponte presento su desfile &#8220;Mi Isla&#8221;. \u201cMi Isla\u201d celebra la esencia del Caribe a trav\u00e9s de sus colores y texturas, combinando&hellip;<\/p>\n<p class=\"more-link-p\"><a class=\"more-link\" href=\"https:\/\/bobvarela.com\/?p=173936\">Read more &rarr;<\/a><\/p>\n","protected":false},"author":1,"featured_media":0,"comment_status":"open","ping_status":"open","sticky":false,"template":"","format":"standard","meta":{"ngg_post_thumbnail":0,"footnotes":""},"categories":[4,295],"tags":[],"class_list":["post-173936","post","type-post","status-publish","format-standard","hentry","category-moda","category-puerto-rico"],"_links":{"self":[{"href":"https:\/\/bobvarela.com\/index.php?rest_route=\/wp\/v2\/posts\/173936","targetHints":{"allow":["GET"]}}],"collection":[{"href":"https:\/\/bobvarela.com\/index.php?rest_route=\/wp\/v2\/posts"}],"about":[{"href":"https:\/\/bobvarela.com\/index.php?rest_route=\/wp\/v2\/types\/post"}],"author":[{"embeddable":true,"href":"https:\/\/bobvarela.com\/index.php?rest_route=\/wp\/v2\/users\/1"}],"replies":[{"embeddable":true,"href":"https:\/\/bobvarela.com\/index.php?rest_route=%2Fwp%2Fv2%2Fcomments&post=173936"}],"version-history":[{"count":3,"href":"https:\/\/bobvarela.com\/index.php?rest_route=\/wp\/v2\/posts\/173936\/revisions"}],"predecessor-version":[{"id":173939,"href":"https:\/\/bobvarela.com\/index.php?rest_route=\/wp\/v2\/posts\/173936\/revisions\/173939"}],"wp:attachment":[{"href":"https:\/\/bobvarela.com\/index.php?rest_route=%2Fwp%2Fv2%2Fmedia&parent=173936"}],"wp:term":[{"taxonomy":"category","embeddable":true,"href":"https:\/\/bobvarela.com\/index.php?rest_route=%2Fwp%2Fv2%2Fcategories&post=173936"},{"taxonomy":"post_tag","embeddable":true,"href":"https:\/\/bobvarela.com\/index.php?rest_route=%2Fwp%2Fv2%2Ftags&post=173936"}],"curies":[{"name":"wp","href":"https:\/\/api.w.org\/{rel}","templated":true}]}}