{"id":173989,"date":"2025-10-15T11:49:23","date_gmt":"2025-10-15T15:49:23","guid":{"rendered":"https:\/\/bobvarela.com\/?p=173989"},"modified":"2025-10-15T11:49:23","modified_gmt":"2025-10-15T15:49:23","slug":"melkis-daz-presento-su-propuesta-allure-en-puerto-rico-fashion-week-2025","status":"publish","type":"post","link":"https:\/\/bobvarela.com\/?p=173989","title":{"rendered":"Melkis D&iacute;az presento su propuesta &ldquo;Allure&rdquo; en Puerto Rico Fashion Week 2025"},"content":{"rendered":"<p align=\"justify\"><font size=\"3\">El 9 de octubre en el Domo Claro Space de Parque de la Ciencias en Bayamon, la dise\u00f1adora Melkis D\u00edaz, Directora de Rep\u00fablica Dominicana Fashion Week, presento su desfile&nbsp; &#8220;Allure\u201d SS 2026 como parte de las actividades de Puerto Rico Fashion Week 2025 .<\/font><\/p>\n<p align=\"justify\"><font size=\"3\">La propuesta de D\u00edaz se caracteriza por el uso de encajes bordados en pedrer\u00eda, mikados de estructura definida, brocados de inspiraci\u00f3n cl\u00e1sica y chifones ligeros. La dise\u00f1adora explic\u00f3 que cada tejido fue seleccionado para destacar la feminidad con un balance entre lo sofisticado y lo sensual.<\/font><\/p>\n<p align=\"justify\"><font size=\"3\">La colecci\u00f3n recorre una amplia gama de colores que reflejan diferentes emociones. Comienza con tonos suaves como blanco, nude y rosado pastel, y avanza hacia colores m\u00e1s llamativos y poderosos como dorado, plateado, rojo vino y negro.<\/font><\/p>\n<p align=\"justify\"><font size=\"3\">Las siluetas fluidas, los cortes estrat\u00e9gicos y los acabados de alta calidad hacen que cada prenda sea una declaraci\u00f3n de estilo. \u201cAllure\u201d, est\u00e1 pensada para mujeres que desean sentirse seguras de s\u00ed mismas y que disfrutan destacar con estilo y confianza.<\/font><\/p>\n<p align=\"justify\"><font size=\"3\">ngg_shortcode_0_placeholder<\/font><\/p>\n","protected":false},"excerpt":{"rendered":"<p>El 9 de octubre en el Domo Claro Space de Parque de la Ciencias en Bayamon, la dise\u00f1adora Melkis D\u00edaz, Directora de Rep\u00fablica Dominicana Fashion Week, presento su desfile&nbsp; &#8220;Allure\u201d SS 2026 como parte de las actividades de Puerto Rico&hellip;<\/p>\n<p class=\"more-link-p\"><a class=\"more-link\" href=\"https:\/\/bobvarela.com\/?p=173989\">Read more &rarr;<\/a><\/p>\n","protected":false},"author":1,"featured_media":0,"comment_status":"open","ping_status":"open","sticky":false,"template":"","format":"standard","meta":{"ngg_post_thumbnail":0,"footnotes":""},"categories":[4,295],"tags":[],"class_list":["post-173989","post","type-post","status-publish","format-standard","hentry","category-moda","category-puerto-rico"],"_links":{"self":[{"href":"https:\/\/bobvarela.com\/index.php?rest_route=\/wp\/v2\/posts\/173989","targetHints":{"allow":["GET"]}}],"collection":[{"href":"https:\/\/bobvarela.com\/index.php?rest_route=\/wp\/v2\/posts"}],"about":[{"href":"https:\/\/bobvarela.com\/index.php?rest_route=\/wp\/v2\/types\/post"}],"author":[{"embeddable":true,"href":"https:\/\/bobvarela.com\/index.php?rest_route=\/wp\/v2\/users\/1"}],"replies":[{"embeddable":true,"href":"https:\/\/bobvarela.com\/index.php?rest_route=%2Fwp%2Fv2%2Fcomments&post=173989"}],"version-history":[{"count":1,"href":"https:\/\/bobvarela.com\/index.php?rest_route=\/wp\/v2\/posts\/173989\/revisions"}],"predecessor-version":[{"id":173990,"href":"https:\/\/bobvarela.com\/index.php?rest_route=\/wp\/v2\/posts\/173989\/revisions\/173990"}],"wp:attachment":[{"href":"https:\/\/bobvarela.com\/index.php?rest_route=%2Fwp%2Fv2%2Fmedia&parent=173989"}],"wp:term":[{"taxonomy":"category","embeddable":true,"href":"https:\/\/bobvarela.com\/index.php?rest_route=%2Fwp%2Fv2%2Fcategories&post=173989"},{"taxonomy":"post_tag","embeddable":true,"href":"https:\/\/bobvarela.com\/index.php?rest_route=%2Fwp%2Fv2%2Ftags&post=173989"}],"curies":[{"name":"wp","href":"https:\/\/api.w.org\/{rel}","templated":true}]}}