{"id":174073,"date":"2025-10-16T10:00:24","date_gmt":"2025-10-16T14:00:24","guid":{"rendered":"https:\/\/bobvarela.com\/?p=174073"},"modified":"2025-10-17T08:05:06","modified_gmt":"2025-10-17T12:05:06","slug":"desfile-yo-vivo-de-mateo-manuel-en-el-puerto-rico-fashion-week-2025","status":"publish","type":"post","link":"https:\/\/bobvarela.com\/?p=174073","title":{"rendered":"Desfile Yo Vivo de Mateo Manuel en el Puerto Rico Fashion Week 2025"},"content":{"rendered":"<h4><span style=\"font-family: Arial; font-size: medium;\">El 10 de octubre en el Domo Claro Space de Parque de la Ciencias en Bayamon, el dise\u00f1ador Mateo Manuel p<\/span><span style=\"font-family: Arial; font-size: medium;\">resento su desfile \u201cYo Vivo\u201d.<\/span><\/h4>\n<p align=\"justify\"><span style=\"font-size: medium;\">La colecci\u00f3n \u201cYo Vivo\u201d fusiona la moda consciente con el arte y la tecnolog\u00eda. Inspirada en la biodiversidad de la fauna marina \u2014desde peces tropicales hasta vibrantes corales\u2014, la pasarela celebra la vida en el oc\u00e9ano. Las prendas est\u00e1n confeccionadas a partir de una mezcla de tejidos, incluyendo telas ecoamigables, algod\u00f3n, materiales sint\u00e9ticos y lentejuelas que a\u00f1aden un toque de brillo y textura. ?La est\u00e9tica se caracteriza por siluetas contempor\u00e1neas, fluidas y asim\u00e9tricas, y una paleta de colores que evoca el mar: turquesas, azules profundos, corales y tonos arena, con acentos met\u00e1licos. Los estampados exclusivos reflejan texturas de corales, escamas y corrientes marinas. El desfile se complementa con proyecciones inmersivas que sumergen al espectador en un viaje submarino. Frase que identifique al dise\u00f1ador Moda consciente que celebra la vida en cada fibra.&#8221;<\/span><\/p>\n<p align=\"justify\">ngg_shortcode_0_placeholder<\/p>\n","protected":false},"excerpt":{"rendered":"<p>El 10 de octubre en el Domo Claro Space de Parque de la Ciencias en Bayamon, el dise\u00f1ador Mateo Manuel presento su desfile \u201cYo Vivo\u201d. La colecci\u00f3n \u201cYo Vivo\u201d fusiona la moda consciente con el arte y la tecnolog\u00eda. Inspirada&hellip;<\/p>\n<p class=\"more-link-p\"><a class=\"more-link\" href=\"https:\/\/bobvarela.com\/?p=174073\">Read more &rarr;<\/a><\/p>\n","protected":false},"author":1,"featured_media":0,"comment_status":"open","ping_status":"open","sticky":false,"template":"","format":"standard","meta":{"ngg_post_thumbnail":0,"footnotes":""},"categories":[4],"tags":[],"class_list":["post-174073","post","type-post","status-publish","format-standard","hentry","category-moda"],"_links":{"self":[{"href":"https:\/\/bobvarela.com\/index.php?rest_route=\/wp\/v2\/posts\/174073","targetHints":{"allow":["GET"]}}],"collection":[{"href":"https:\/\/bobvarela.com\/index.php?rest_route=\/wp\/v2\/posts"}],"about":[{"href":"https:\/\/bobvarela.com\/index.php?rest_route=\/wp\/v2\/types\/post"}],"author":[{"embeddable":true,"href":"https:\/\/bobvarela.com\/index.php?rest_route=\/wp\/v2\/users\/1"}],"replies":[{"embeddable":true,"href":"https:\/\/bobvarela.com\/index.php?rest_route=%2Fwp%2Fv2%2Fcomments&post=174073"}],"version-history":[{"count":2,"href":"https:\/\/bobvarela.com\/index.php?rest_route=\/wp\/v2\/posts\/174073\/revisions"}],"predecessor-version":[{"id":174093,"href":"https:\/\/bobvarela.com\/index.php?rest_route=\/wp\/v2\/posts\/174073\/revisions\/174093"}],"wp:attachment":[{"href":"https:\/\/bobvarela.com\/index.php?rest_route=%2Fwp%2Fv2%2Fmedia&parent=174073"}],"wp:term":[{"taxonomy":"category","embeddable":true,"href":"https:\/\/bobvarela.com\/index.php?rest_route=%2Fwp%2Fv2%2Fcategories&post=174073"},{"taxonomy":"post_tag","embeddable":true,"href":"https:\/\/bobvarela.com\/index.php?rest_route=%2Fwp%2Fv2%2Ftags&post=174073"}],"curies":[{"name":"wp","href":"https:\/\/api.w.org\/{rel}","templated":true}]}}