{"id":174194,"date":"2025-10-17T17:43:15","date_gmt":"2025-10-17T21:43:15","guid":{"rendered":"https:\/\/bobvarela.com\/?p=174194"},"modified":"2025-10-17T17:43:15","modified_gmt":"2025-10-17T21:43:15","slug":"san-juan-moda-celebra-el-dia-del-modelo-reconociendo-a-la-modelo-carmen-salaman-como-icono-de-la-moda-2025","status":"publish","type":"post","link":"https:\/\/bobvarela.com\/?p=174194","title":{"rendered":"San Juan Moda celebra el D\u00eda del Modelo reconociendo a la modelo Carmen Salam\u00e1n como \u00cdcono de la Moda 2025"},"content":{"rendered":"\n<figure class=\"wp-block-image size-large\"><a href=\"https:\/\/bobvarela.com\/wp-content\/uploads\/2025\/10\/1000057098-1.jpg\"><img loading=\"lazy\" decoding=\"async\" width=\"1024\" height=\"710\" src=\"https:\/\/bobvarela.com\/wp-content\/uploads\/2025\/10\/1000057098-1-1024x710.jpg\" alt=\"\" class=\"wp-image-174195\" srcset=\"https:\/\/bobvarela.com\/wp-content\/uploads\/2025\/10\/1000057098-1-1024x710.jpg 1024w, https:\/\/bobvarela.com\/wp-content\/uploads\/2025\/10\/1000057098-1-300x208.jpg 300w, https:\/\/bobvarela.com\/wp-content\/uploads\/2025\/10\/1000057098-1-768x533.jpg 768w, https:\/\/bobvarela.com\/wp-content\/uploads\/2025\/10\/1000057098-1-560x388.jpg 560w, https:\/\/bobvarela.com\/wp-content\/uploads\/2025\/10\/1000057098-1-260x180.jpg 260w, https:\/\/bobvarela.com\/wp-content\/uploads\/2025\/10\/1000057098-1-160x111.jpg 160w, https:\/\/bobvarela.com\/wp-content\/uploads\/2025\/10\/1000057098-1.jpg 1080w\" sizes=\"auto, (max-width: 1024px) 100vw, 1024px\" \/><\/a><\/figure>\n\n\n\n<p>En el marco de la conmemoraci\u00f3n del D\u00eda del Modelo en Puerto Rico, San Juan Moda celebr\u00f3 un emotivo acto de reconocimiento a las figuras que han dejado huella en la historia del modelaje local, destacando a Carmen Salam\u00e1n como \u00cdcono de la Moda 2025 por su extraordinaria trayectoria profesional y su legado en la industria de la belleza y la moda del pa\u00eds.<\/p>\n\n\n\n<p>Durante la ceremonia, la secretaria de Estado y gobernadora interina, Rosachely Rivera, hizo entrega de proclamas oficiales a los principales directores y due\u00f1os de agencias de modelos de Puerto Rico, reconociendo su aportaci\u00f3n al desarrollo del talento local y a la proyecci\u00f3n internacional de la moda puertorrique\u00f1a.<\/p>\n\n\n\n<p>Asimismo, la senadora por el Distrito de San Juan, Nitza Mor\u00e1n, present\u00f3 mociones de felicitaci\u00f3n a nombre del Senado de Puerto Rico, exaltando la dedicaci\u00f3n, disciplina y profesionalismo de los modelos, as\u00ed como el trabajo de quienes han convertido esta profesi\u00f3n en un pilar del arte, la cultura y la econom\u00eda creativa del pa\u00eds.<\/p>\n\n\n\n<figure class=\"wp-block-image size-large\"><a href=\"https:\/\/bobvarela.com\/wp-content\/uploads\/2025\/10\/1000057099.jpg\"><img loading=\"lazy\" decoding=\"async\" width=\"1024\" height=\"683\" src=\"https:\/\/bobvarela.com\/wp-content\/uploads\/2025\/10\/1000057099-1024x683.jpg\" alt=\"\" class=\"wp-image-174196\" srcset=\"https:\/\/bobvarela.com\/wp-content\/uploads\/2025\/10\/1000057099-1024x683.jpg 1024w, https:\/\/bobvarela.com\/wp-content\/uploads\/2025\/10\/1000057099-300x200.jpg 300w, https:\/\/bobvarela.com\/wp-content\/uploads\/2025\/10\/1000057099-768x512.jpg 768w, https:\/\/bobvarela.com\/wp-content\/uploads\/2025\/10\/1000057099-1536x1024.jpg 1536w, https:\/\/bobvarela.com\/wp-content\/uploads\/2025\/10\/1000057099-560x373.jpg 560w, https:\/\/bobvarela.com\/wp-content\/uploads\/2025\/10\/1000057099-260x173.jpg 260w, https:\/\/bobvarela.com\/wp-content\/uploads\/2025\/10\/1000057099-160x107.jpg 160w, https:\/\/bobvarela.com\/wp-content\/uploads\/2025\/10\/1000057099.jpg 2048w\" sizes=\"auto, (max-width: 1024px) 100vw, 1024px\" \/><\/a><\/figure>\n\n\n\n<p>Carmen Salam\u00e1n: \u00edcono de elegancia, disciplina y legado<\/p>\n\n\n\n<p>Carmen Salam\u00e1n comenz\u00f3 su carrera en 1969 en la reconocida agencia Polianna, bajo la tutela de la legendaria Anna Santisteban. Desde entonces, se convirti\u00f3 en una de las figuras m\u00e1s influyentes del modelaje puertorrique\u00f1o, destac\u00e1ndose por su elegancia, profesionalismo y versatilidad.<\/p>\n\n\n\n<p>Model\u00f3 para grandes dise\u00f1adores como Fernando Pena, Carlota Alfaro, Osvaldo Morales y David Antonio. Tambi\u00e9n, represent\u00f3 a Puerto Rico en importantes eventos internacionales en Am\u00e9rica Latina, el Caribe y Estados Unidos. Su imagen apareci\u00f3 en revistas como Vogue, Seventeen y publicaciones locales, consolid\u00e1ndose como una de las modelos m\u00e1s reconocidas de su generaci\u00f3n.<\/p>\n\n\n\n<p>Adem\u00e1s, su contribuci\u00f3n al desarrollo de reinas de belleza y nuevos talentos ha sido invaluable. Dirigi\u00f3 el concurso Miss Carolina, colabor\u00f3 con Miss Universe Puerto Rico, y durante a\u00f1os se desempe\u00f1\u00f3 como preparadora y mentora de j\u00f3venes aspirantes al modelaje, dejando una huella indeleble en la industria.<\/p>\n\n\n\n<p>\u201cReconocer a Carmen Salam\u00e1n como \u00edcono de la moda es rendir tributo a la historia viva del modelaje en Puerto Rico. Ella representa elegancia, disciplina y constancia; tres valores que definen lo que hoy somos como industria. En San Juan Moda creemos firmemente que el modelaje es una profesi\u00f3n con prop\u00f3sito, y figuras como Carmen son testimonio de su grandeza\u201d,<br \/>expres\u00f3 Carlos Berm\u00fadez, presidente de San Juan Moda.<\/p>\n","protected":false},"excerpt":{"rendered":"<p>En el marco de la conmemoraci\u00f3n del D\u00eda del Modelo en Puerto Rico, San Juan Moda celebr\u00f3 un emotivo acto de reconocimiento a las figuras que han dejado huella en la historia del modelaje local, destacando a Carmen Salam\u00e1n como&hellip;<\/p>\n<p class=\"more-link-p\"><a class=\"more-link\" href=\"https:\/\/bobvarela.com\/?p=174194\">Read more &rarr;<\/a><\/p>\n","protected":false},"author":1,"featured_media":0,"comment_status":"open","ping_status":"open","sticky":false,"template":"","format":"standard","meta":{"ngg_post_thumbnail":0,"footnotes":""},"categories":[4],"tags":[],"class_list":["post-174194","post","type-post","status-publish","format-standard","hentry","category-moda"],"_links":{"self":[{"href":"https:\/\/bobvarela.com\/index.php?rest_route=\/wp\/v2\/posts\/174194","targetHints":{"allow":["GET"]}}],"collection":[{"href":"https:\/\/bobvarela.com\/index.php?rest_route=\/wp\/v2\/posts"}],"about":[{"href":"https:\/\/bobvarela.com\/index.php?rest_route=\/wp\/v2\/types\/post"}],"author":[{"embeddable":true,"href":"https:\/\/bobvarela.com\/index.php?rest_route=\/wp\/v2\/users\/1"}],"replies":[{"embeddable":true,"href":"https:\/\/bobvarela.com\/index.php?rest_route=%2Fwp%2Fv2%2Fcomments&post=174194"}],"version-history":[{"count":1,"href":"https:\/\/bobvarela.com\/index.php?rest_route=\/wp\/v2\/posts\/174194\/revisions"}],"predecessor-version":[{"id":174197,"href":"https:\/\/bobvarela.com\/index.php?rest_route=\/wp\/v2\/posts\/174194\/revisions\/174197"}],"wp:attachment":[{"href":"https:\/\/bobvarela.com\/index.php?rest_route=%2Fwp%2Fv2%2Fmedia&parent=174194"}],"wp:term":[{"taxonomy":"category","embeddable":true,"href":"https:\/\/bobvarela.com\/index.php?rest_route=%2Fwp%2Fv2%2Fcategories&post=174194"},{"taxonomy":"post_tag","embeddable":true,"href":"https:\/\/bobvarela.com\/index.php?rest_route=%2Fwp%2Fv2%2Ftags&post=174194"}],"curies":[{"name":"wp","href":"https:\/\/api.w.org\/{rel}","templated":true}]}}