{"id":174283,"date":"2025-10-18T13:57:40","date_gmt":"2025-10-18T17:57:40","guid":{"rendered":"https:\/\/bobvarela.com\/?p=174283"},"modified":"2025-10-18T13:57:40","modified_gmt":"2025-10-18T17:57:40","slug":"la-tierra-como-raz-y-destino-juan-carlos-collazo-presento-su-coleccin-con-los-pies-en-mi-tierra","status":"publish","type":"post","link":"https:\/\/bobvarela.com\/?p=174283","title":{"rendered":"La tierra como ra&iacute;z y destino: Juan Carlos Collazo presento su colecci&oacute;n Con los Pies en Mi Tierra"},"content":{"rendered":"<p align=\"justify\"><font size=\"3\">La conexi\u00f3n con la tierra, la memoria y sus ra\u00edcespuertorrique\u00f1as son parte de la inspiraci\u00f3n de la nueva colecci\u00f3n del dise\u00f1ador Juan Carlos Collazo, titulada <i>Con<\/i><i> <\/i><i>los<\/i><i> <\/i><i>Pies<\/i><i> <\/i><i>en<\/i><i> <\/i><i>Mi<\/i><i> <\/i><i>Tierra<\/i>, que se presento el viernes 17 de octubre en el Parque de las Ciencias de Bayam\u00f3n.<\/font><\/p>\n<p align=\"justify\"><font size=\"3\">La propuesta primavera\u2013verano 2026 del dise\u00f1ador natural de Aibonito es un tributo a la tierraque lo vio nacer, a sus recuerdos en la monta\u00f1a, a la casa de la abuela, las flores y los atardeceres que forman su identidad.<\/font><\/p>\n<p align=\"justify\"><font size=\"3\">\u201cEsta colecci\u00f3n es, sin duda, la m\u00e1s personal que he creado. Es un homenaje a mis or\u00edgenes y una invitaci\u00f3n a mirar al pasado con gratitud y a caminar el presente con orgullo de lo que somos. Los lugares siempre han sido una inspiraci\u00f3n para mi, y que mejor que la tierra que me vio nacer para inspirarme y marcar mi regreso luego de un a\u00f1o de presentaciones fuera de la isla\u201d, destac\u00f3 Collazo.<\/font><\/p>\n<p align=\"justify\"><font size=\"3\">Con los Pies en Mi Tierra cont\u00f3 con 37 cambios de propuestas femeninas y masculinas donde se destacan los colores combinando el anaranjado, fucsia, crema, verde, blanco, negro, bronce y oro, para evocar el verdor de la monta\u00f1a, la fertilidad de la tierra y la intensidad de los atardeceres caribe\u00f1os.<\/font><\/p>\n<p align=\"justify\"><font size=\"3\">La mezcla de textiles reflejo lo org\u00e1nico y lo vital del campo e incluyen algod\u00f3n, chiffon, mikados y textiles de mayor dramatismo como bordados artesanales y encajes.<\/font><\/p>\n<p align=\"justify\"><font size=\"3\">Esta presentaci\u00f3n se da luego de una exitosa semana de la moda en la isla presentada por Puerto Rico Fashion Week y ExpoModa.<\/font><\/p>\n<p align=\"justify\"><font size=\"3\">La directora de esta plataforma, Zuleika Zayas coment\u00f3 que \u201cpara ExpoModa es un honor presentar esta nueva colecci\u00f3n de Juan Carlos Collazo, un dise\u00f1ador que con su talento hallevado el nombre de Puerto Rico a importantes escenarios de la moda internacional. <i>Con<\/i><i> <\/i><i>los Pies en Mi Tierra <\/i>es una propuesta profundamente aut\u00e9ntica que celebra nuestra identidad y demuestra el poder de nuestras ra\u00edces como fuente de inspiraci\u00f3n creativa\u201d.<\/font><\/p>\n<p align=\"justify\"><font size=\"3\">Como cada a\u00f1o ExpoModa identifica una causa para darle visibilidad y apoyarla en su gesti\u00f3n. En esta ocasi\u00f3n el Santuario de Animales PDC, un refugio para animales silvestres heridos, ex\u00f3ticos desplazados, especies nativas en peligro es la entidad seleccionada.<\/font><\/p>\n<p align=\"justify\"><font size=\"3\">El Santuario como centro de conservaci\u00f3n y educaci\u00f3n ambiental tambi\u00e9n busca educar a la comunidad sobre la biodiversidad, el respeto hacia la naturaleza y la importancia de conservar nuestro entorno.<\/font><\/p>\n<p align=\"justify\">ngg_shortcode_0_placeholder<\/p>\n","protected":false},"excerpt":{"rendered":"<p>La conexi\u00f3n con la tierra, la memoria y sus ra\u00edcespuertorrique\u00f1as son parte de la inspiraci\u00f3n de la nueva colecci\u00f3n del dise\u00f1ador Juan Carlos Collazo, titulada Con los Pies en Mi Tierra, que se presento el viernes 17 de octubre en&hellip;<\/p>\n<p class=\"more-link-p\"><a class=\"more-link\" href=\"https:\/\/bobvarela.com\/?p=174283\">Read more &rarr;<\/a><\/p>\n","protected":false},"author":1,"featured_media":0,"comment_status":"open","ping_status":"open","sticky":false,"template":"","format":"standard","meta":{"ngg_post_thumbnail":0,"footnotes":""},"categories":[4,295],"tags":[],"class_list":["post-174283","post","type-post","status-publish","format-standard","hentry","category-moda","category-puerto-rico"],"_links":{"self":[{"href":"https:\/\/bobvarela.com\/index.php?rest_route=\/wp\/v2\/posts\/174283","targetHints":{"allow":["GET"]}}],"collection":[{"href":"https:\/\/bobvarela.com\/index.php?rest_route=\/wp\/v2\/posts"}],"about":[{"href":"https:\/\/bobvarela.com\/index.php?rest_route=\/wp\/v2\/types\/post"}],"author":[{"embeddable":true,"href":"https:\/\/bobvarela.com\/index.php?rest_route=\/wp\/v2\/users\/1"}],"replies":[{"embeddable":true,"href":"https:\/\/bobvarela.com\/index.php?rest_route=%2Fwp%2Fv2%2Fcomments&post=174283"}],"version-history":[{"count":2,"href":"https:\/\/bobvarela.com\/index.php?rest_route=\/wp\/v2\/posts\/174283\/revisions"}],"predecessor-version":[{"id":174348,"href":"https:\/\/bobvarela.com\/index.php?rest_route=\/wp\/v2\/posts\/174283\/revisions\/174348"}],"wp:attachment":[{"href":"https:\/\/bobvarela.com\/index.php?rest_route=%2Fwp%2Fv2%2Fmedia&parent=174283"}],"wp:term":[{"taxonomy":"category","embeddable":true,"href":"https:\/\/bobvarela.com\/index.php?rest_route=%2Fwp%2Fv2%2Fcategories&post=174283"},{"taxonomy":"post_tag","embeddable":true,"href":"https:\/\/bobvarela.com\/index.php?rest_route=%2Fwp%2Fv2%2Ftags&post=174283"}],"curies":[{"name":"wp","href":"https:\/\/api.w.org\/{rel}","templated":true}]}}