{"id":174511,"date":"2025-10-21T10:07:55","date_gmt":"2025-10-21T14:07:55","guid":{"rendered":"https:\/\/bobvarela.com\/?p=174511"},"modified":"2025-10-21T10:07:55","modified_gmt":"2025-10-21T14:07:55","slug":"la-dcada-de-herman-nadal-en-el-puerto-rico-fashion-week","status":"publish","type":"post","link":"https:\/\/bobvarela.com\/?p=174511","title":{"rendered":"&ldquo;La D&eacute;cada&rdquo; de Herman Nadal en el Puerto Rico Fashion Week"},"content":{"rendered":"<p><font size=\"3\">El dise\u00f1ador puertorrique\u00f1o Herman Nadal celebr\u00f3 su d\u00e9cimo aniversario en la moda con el desfile \u201cLa D\u00e9cada\u201d en el Parque de las Ciencias de Bayam\u00f3n como parte de las actividades&nbsp; de Puerto Rico Fashion Week. La pasarela fue un recorrido por sus creaciones, donde la memoria, los paisajes y las tradiciones se entrelazan con su visi\u00f3n \u00fanica.<\/font><\/p>\n<p><font size=\"3\">Comenzamos con el tual, el origen de toda pieza. El tual es la primera muestra, el patr\u00f3n base, el lienzo donde se prueba con precisi\u00f3n que la construcci\u00f3n est\u00e1 correcta. A partir de ah\u00ed, los looks comienzan a evolucionar, haciendo una transici\u00f3n sutil hacia colecciones pasadas, reinterpretadas desde mi mirada actual, con la madurez y la identidad que he construido a lo largo de estos diez a\u00f1os.<\/font><\/p>\n<p><font size=\"3\">La segunda estampa se inspira en los paisajes de Puerto Rico, en sus colores y texturas.Las corbatas comienzan a tomar protagonismo y los recuerdos de nuestras abuelas se manifiestan en los detalles. <\/font><\/p>\n<p><font size=\"3\">La tercera estampa abraza el patriotismo desde una mirada contempor\u00e1nea.El rojo, blanco y azul se reinventan en nuevos cortes inspirados en la bandera, mientras los bordados evocan la flor de maga como s\u00edmbolo vivo de identidad y orgullo. El velo y los patrones de tapicer\u00eda recuperan memorias de colecciones y proyectos pasados.<\/font><\/p>\n<p><font size=\"3\">La \u00faltima estampa explora el pasado reimaginado, tomando inspiraci\u00f3n de publicaciones como Puerto Rico Ilustrado y Our Island and Their People. Recuperamos lo mejor de ese pasado para reinterpretarlo en el presente, manteniendo viva su esencia.<\/font><\/p>\nngg_shortcode_0_placeholder\n","protected":false},"excerpt":{"rendered":"<p>El dise\u00f1ador puertorrique\u00f1o Herman Nadal celebr\u00f3 su d\u00e9cimo aniversario en la moda con el desfile \u201cLa D\u00e9cada\u201d en el Parque de las Ciencias de Bayam\u00f3n como parte de las actividades&nbsp; de Puerto Rico Fashion Week. La pasarela fue un recorrido&hellip;<\/p>\n<p class=\"more-link-p\"><a class=\"more-link\" href=\"https:\/\/bobvarela.com\/?p=174511\">Read more &rarr;<\/a><\/p>\n","protected":false},"author":1,"featured_media":0,"comment_status":"open","ping_status":"open","sticky":false,"template":"","format":"standard","meta":{"ngg_post_thumbnail":0,"footnotes":""},"categories":[4,295],"tags":[],"class_list":["post-174511","post","type-post","status-publish","format-standard","hentry","category-moda","category-puerto-rico"],"_links":{"self":[{"href":"https:\/\/bobvarela.com\/index.php?rest_route=\/wp\/v2\/posts\/174511","targetHints":{"allow":["GET"]}}],"collection":[{"href":"https:\/\/bobvarela.com\/index.php?rest_route=\/wp\/v2\/posts"}],"about":[{"href":"https:\/\/bobvarela.com\/index.php?rest_route=\/wp\/v2\/types\/post"}],"author":[{"embeddable":true,"href":"https:\/\/bobvarela.com\/index.php?rest_route=\/wp\/v2\/users\/1"}],"replies":[{"embeddable":true,"href":"https:\/\/bobvarela.com\/index.php?rest_route=%2Fwp%2Fv2%2Fcomments&post=174511"}],"version-history":[{"count":1,"href":"https:\/\/bobvarela.com\/index.php?rest_route=\/wp\/v2\/posts\/174511\/revisions"}],"predecessor-version":[{"id":174512,"href":"https:\/\/bobvarela.com\/index.php?rest_route=\/wp\/v2\/posts\/174511\/revisions\/174512"}],"wp:attachment":[{"href":"https:\/\/bobvarela.com\/index.php?rest_route=%2Fwp%2Fv2%2Fmedia&parent=174511"}],"wp:term":[{"taxonomy":"category","embeddable":true,"href":"https:\/\/bobvarela.com\/index.php?rest_route=%2Fwp%2Fv2%2Fcategories&post=174511"},{"taxonomy":"post_tag","embeddable":true,"href":"https:\/\/bobvarela.com\/index.php?rest_route=%2Fwp%2Fv2%2Ftags&post=174511"}],"curies":[{"name":"wp","href":"https:\/\/api.w.org\/{rel}","templated":true}]}}