{"id":174538,"date":"2025-10-22T08:55:04","date_gmt":"2025-10-22T12:55:04","guid":{"rendered":"https:\/\/bobvarela.com\/?p=174538"},"modified":"2025-10-22T08:55:04","modified_gmt":"2025-10-22T12:55:04","slug":"desfile-ash-de-lorraine-ortiz-en-el-puerto-rico-fashion-week-2025","status":"publish","type":"post","link":"https:\/\/bobvarela.com\/?p=174538","title":{"rendered":"Desfile Ash&eacute; de Lorraine Ortiz en el Puerto Rico Fashion Week 2025"},"content":{"rendered":"<p align=\"justify\"><font size=\"3\">El 9 de octubre en el Domo Claro Space de Parque de la Ciencias en Bayamon, la dise\u00f1adora Lorraine Ortiz presento su desfile \u201cAsh\u00e9\u201d.<\/font><\/p>\n<p align=\"justify\"><font size=\"3\">Ash\u00e9 es la fuerza invisible que habita en ti, un fuego sereno que transforma cada sue\u00f1o en realidad. Es impulso, es poder, es prop\u00f3sito\u2026Es la vida misma avanzando contigo. En cada corte, en cada forma, en cada color, Ash\u00e9 envuelve a la mujer que no espera, la que convierte su esencia en su mejor arma para hacer que las cosas sucedan.<\/font><\/p>\n<p align=\"justify\">ngg_shortcode_0_placeholder<\/p>\n","protected":false},"excerpt":{"rendered":"<p>El 9 de octubre en el Domo Claro Space de Parque de la Ciencias en Bayamon, la dise\u00f1adora Lorraine Ortiz presento su desfile \u201cAsh\u00e9\u201d. Ash\u00e9 es la fuerza invisible que habita en ti, un fuego sereno que transforma cada sue\u00f1o&hellip;<\/p>\n<p class=\"more-link-p\"><a class=\"more-link\" href=\"https:\/\/bobvarela.com\/?p=174538\">Read more &rarr;<\/a><\/p>\n","protected":false},"author":1,"featured_media":0,"comment_status":"open","ping_status":"open","sticky":false,"template":"","format":"standard","meta":{"ngg_post_thumbnail":0,"footnotes":""},"categories":[4],"tags":[],"class_list":["post-174538","post","type-post","status-publish","format-standard","hentry","category-moda"],"_links":{"self":[{"href":"https:\/\/bobvarela.com\/index.php?rest_route=\/wp\/v2\/posts\/174538","targetHints":{"allow":["GET"]}}],"collection":[{"href":"https:\/\/bobvarela.com\/index.php?rest_route=\/wp\/v2\/posts"}],"about":[{"href":"https:\/\/bobvarela.com\/index.php?rest_route=\/wp\/v2\/types\/post"}],"author":[{"embeddable":true,"href":"https:\/\/bobvarela.com\/index.php?rest_route=\/wp\/v2\/users\/1"}],"replies":[{"embeddable":true,"href":"https:\/\/bobvarela.com\/index.php?rest_route=%2Fwp%2Fv2%2Fcomments&post=174538"}],"version-history":[{"count":2,"href":"https:\/\/bobvarela.com\/index.php?rest_route=\/wp\/v2\/posts\/174538\/revisions"}],"predecessor-version":[{"id":174603,"href":"https:\/\/bobvarela.com\/index.php?rest_route=\/wp\/v2\/posts\/174538\/revisions\/174603"}],"wp:attachment":[{"href":"https:\/\/bobvarela.com\/index.php?rest_route=%2Fwp%2Fv2%2Fmedia&parent=174538"}],"wp:term":[{"taxonomy":"category","embeddable":true,"href":"https:\/\/bobvarela.com\/index.php?rest_route=%2Fwp%2Fv2%2Fcategories&post=174538"},{"taxonomy":"post_tag","embeddable":true,"href":"https:\/\/bobvarela.com\/index.php?rest_route=%2Fwp%2Fv2%2Ftags&post=174538"}],"curies":[{"name":"wp","href":"https:\/\/api.w.org\/{rel}","templated":true}]}}