{"id":174544,"date":"2025-10-23T09:00:42","date_gmt":"2025-10-23T13:00:42","guid":{"rendered":"https:\/\/bobvarela.com\/?p=174544"},"modified":"2025-10-23T09:00:42","modified_gmt":"2025-10-23T13:00:42","slug":"orquesta-sinfnica-de-puerto-rico-ofrecer-concierto-gratuito-en-yauco","status":"publish","type":"post","link":"https:\/\/bobvarela.com\/?p=174544","title":{"rendered":"Orquesta Sinf&oacute;nica de Puerto Rico ofrecer&aacute; concierto gratuito en Yauco"},"content":{"rendered":"<p align=\"center\"><font size=\"3\"><a href=\"https:\/\/bobvarela.com\/wp-content\/uploads\/2025\/10\/OSPR_pueblo.jpg\"><img loading=\"lazy\" decoding=\"async\" width=\"209\" height=\"312\" title=\"OSPR_pueblo\" style=\"display: inline; background-image: none;\" alt=\"OSPR_pueblo\" src=\"https:\/\/bobvarela.com\/wp-content\/uploads\/2025\/10\/OSPR_pueblo_thumb.jpg\" border=\"0\"\/><\/a><\/font><\/p>\n<p align=\"justify\"><font size=\"3\">La Orquesta Sinf\u00f3nica de Puerto Rico (OSPR) se presentar\u00e1 este s\u00e1bado, 25 de octubre, a las 7:00 p.m., en la Parroquia Nuestra Se\u00f1ora del Rosario en Yauco, como parte de su serie de presentaciones \u201cLa Sinf\u00f3nica en tu Pueblo\u201d. El concierto, que ser\u00e1 gratuito, contar\u00e1 con la direcci\u00f3n del maestro Rafael Enrique Irizarry, director asociado de la OSPR.<\/font><\/p>\n<p align=\"justify\"><font size=\"3\">\u201cEl programa que hemos concebido para esta ocasi\u00f3n re\u00fane una diversidad de lenguajes y emociones que dialogan entre s\u00ed, desde la elegancia de nuestra danza puertorrique\u00f1a hasta la energ\u00eda expansiva de Beethoven. Se trata de una experiencia que combina deleite est\u00e9tico con cercan\u00eda humana, y que permite al p\u00fablico de Yauco disfrutar de la potencia musical de nuestra Orquesta Sinf\u00f3nica de Puerto Rico\u201d, expres\u00f3 el maestro Rafael Enrique Irizarry.<\/font><\/p>\n<p align=\"justify\"><font size=\"3\">El programa incluir\u00e1 una variada selecci\u00f3n que combina la elegancia de la m\u00fasica puertorrique\u00f1a con obras maestras del repertorio sinf\u00f3nico internacional. La velada abrir\u00e1 con la danza Felices D\u00edas, de Juan Morel Campos, en arreglo del maestro \u00c1ngel \u201cLito\u201d Pe\u00f1a, pieza que exalta la riqueza mel\u00f3dica y expresiva de la tradici\u00f3n musical puertorrique\u00f1a. El p\u00fablico tambi\u00e9n podr\u00e1 disfrutar de la suite Pell\u00e9as et M\u00e9lisande, de Gabriel Faur\u00e9, y de la obertura Las H\u00e9bridas (La Gruta de Fingal), de F\u00e9lix Mendelssohn-Bartholdy, ambas reconocidas por su refinado lirismo y profundidad atmosf\u00e9rica. El concierto culminar\u00e1 con la Sinfon\u00eda No. 2 en Re Mayor, Op. 36, de Ludwig van Beethoven, una obra de gran vigor r\u00edtmico y luminosidad espiritual.<\/font><\/p>\n<p align=\"center\"><font size=\"3\"><a href=\"https:\/\/bobvarela.com\/wp-content\/uploads\/2025\/10\/Irizarry.jpg\"><img loading=\"lazy\" decoding=\"async\" width=\"217\" height=\"324\" title=\"Irizarry\" style=\"display: inline; background-image: none;\" alt=\"Irizarry\" src=\"https:\/\/bobvarela.com\/wp-content\/uploads\/2025\/10\/Irizarry_thumb.jpg\" border=\"0\"\/><\/a><\/font><\/p>\n<p align=\"justify\"><font size=\"3\">Por su parte, la directora ejecutiva de la Corporaci\u00f3n de la Orquesta Sinf\u00f3nica de Puerto Rico, Melissa Santana, destac\u00f3 la importancia de llevar este tipo de presentaciones a diferentes municipios. \u201cCada concierto de La Sinf\u00f3nica en tu Pueblo representa una oportunidad para compartir nuestra m\u00fasica con nuevas audiencias y fortalecer el v\u00ednculo de la orquesta con las comunidades. Nos alegra poder ofrecer al p\u00fablico del \u00e1rea sur una experiencia sinf\u00f3nica de primer nivel y, sobre todo, gratuita, en un ambiente familiar y accesible\u201d, se\u00f1al\u00f3.<\/font><\/p>\n<p align=\"justify\"><font size=\"3\">Con esta presentaci\u00f3n, la OSPR reafirma su compromiso de llevar la m\u00fasica sinf\u00f3nica a su gente, fomentando el acceso cultural y el aprecio por las artes en todas las regiones de Puerto Rico. Para m\u00e1s informaci\u00f3n sobre esta y otras presentaciones, puede seguir las redes sociales de la Orquesta Sinf\u00f3nica de Puerto Rico en Facebook, Instagram y X.<\/font><\/p>\n","protected":false},"excerpt":{"rendered":"<p>La Orquesta Sinf\u00f3nica de Puerto Rico (OSPR) se presentar\u00e1 este s\u00e1bado, 25 de octubre, a las 7:00 p.m., en la Parroquia Nuestra Se\u00f1ora del Rosario en Yauco, como parte de su serie de presentaciones \u201cLa Sinf\u00f3nica en tu Pueblo\u201d. El&hellip;<\/p>\n<p class=\"more-link-p\"><a class=\"more-link\" href=\"https:\/\/bobvarela.com\/?p=174544\">Read more &rarr;<\/a><\/p>\n","protected":false},"author":1,"featured_media":0,"comment_status":"open","ping_status":"open","sticky":false,"template":"","format":"standard","meta":{"ngg_post_thumbnail":0,"footnotes":""},"categories":[3,127],"tags":[],"class_list":["post-174544","post","type-post","status-publish","format-standard","hentry","category-actividades","category-musica"],"_links":{"self":[{"href":"https:\/\/bobvarela.com\/index.php?rest_route=\/wp\/v2\/posts\/174544","targetHints":{"allow":["GET"]}}],"collection":[{"href":"https:\/\/bobvarela.com\/index.php?rest_route=\/wp\/v2\/posts"}],"about":[{"href":"https:\/\/bobvarela.com\/index.php?rest_route=\/wp\/v2\/types\/post"}],"author":[{"embeddable":true,"href":"https:\/\/bobvarela.com\/index.php?rest_route=\/wp\/v2\/users\/1"}],"replies":[{"embeddable":true,"href":"https:\/\/bobvarela.com\/index.php?rest_route=%2Fwp%2Fv2%2Fcomments&post=174544"}],"version-history":[{"count":1,"href":"https:\/\/bobvarela.com\/index.php?rest_route=\/wp\/v2\/posts\/174544\/revisions"}],"predecessor-version":[{"id":174545,"href":"https:\/\/bobvarela.com\/index.php?rest_route=\/wp\/v2\/posts\/174544\/revisions\/174545"}],"wp:attachment":[{"href":"https:\/\/bobvarela.com\/index.php?rest_route=%2Fwp%2Fv2%2Fmedia&parent=174544"}],"wp:term":[{"taxonomy":"category","embeddable":true,"href":"https:\/\/bobvarela.com\/index.php?rest_route=%2Fwp%2Fv2%2Fcategories&post=174544"},{"taxonomy":"post_tag","embeddable":true,"href":"https:\/\/bobvarela.com\/index.php?rest_route=%2Fwp%2Fv2%2Ftags&post=174544"}],"curies":[{"name":"wp","href":"https:\/\/api.w.org\/{rel}","templated":true}]}}