{"id":174554,"date":"2025-10-23T09:29:44","date_gmt":"2025-10-23T13:29:44","guid":{"rendered":"https:\/\/bobvarela.com\/?p=174554"},"modified":"2025-10-23T09:29:44","modified_gmt":"2025-10-23T13:29:44","slug":"el-festival-de-luces-ms-impresionante-del-mundo-regresa-a-puerto-rico-en-el-parque-de-las-ciencias-by-toroverde-powered-by-claro","status":"publish","type":"post","link":"https:\/\/bobvarela.com\/?p=174554","title":{"rendered":"&iexcl;El festival de luces m&aacute;s impresionante del mundo regresa a Puerto Rico en el Parque de las Ciencias by Toroverde powered by Claro!"},"content":{"rendered":"<p align=\"center\"><font size=\"3\"><a href=\"https:\/\/bobvarela.com\/wp-content\/uploads\/2025\/10\/PHOTO-2025-10-22-09-52-02.jpg\"><img loading=\"lazy\" decoding=\"async\" width=\"362\" height=\"272\" title=\"PHOTO-2025-10-22-09-52-02\" style=\"display: inline; background-image: none;\" alt=\"PHOTO-2025-10-22-09-52-02\" src=\"https:\/\/bobvarela.com\/wp-content\/uploads\/2025\/10\/PHOTO-2025-10-22-09-52-02_thumb.jpg\" border=\"0\"\/><\/a><\/font><\/p>\n<p align=\"justify\"><font size=\"3\">Una de las exhibiciones de luces artesanales m\u00e1s reconocidas a nivel mundial regresa por segunda ocasi\u00f3n a nuestra Isla para iluminar las noches con una experiencia \u00fanica y deslumbrante en el Parque de las Ciencias by Toroverde powered by Claro en Bayam\u00f3n.<\/font><\/p>\n<p align=\"justify\"><font size=\"3\">Esta imponente muestra de arte y luz ha cautivado al p\u00fablico en ciudades como Par\u00eds, Brasil, Nueva York, Los \u00c1ngeles, Dallas, Miami, Espa\u00f1a, M\u00e9xico y Canad\u00e1. Ahora, Puerto Rico vuelve a ser sede de esta experiencia internacional, con una propuesta completamente renovada que promete sorprender a grandes y chicos.<\/font><\/p>\n<p align=\"center\"><font size=\"3\"><a href=\"https:\/\/bobvarela.com\/wp-content\/uploads\/2025\/10\/PHOTO-2025-10-22-09-52-03_1.jpg\"><img loading=\"lazy\" decoding=\"async\" width=\"365\" height=\"274\" title=\"PHOTO-2025-10-22-09-52-03_1\" style=\"display: inline; background-image: none;\" alt=\"PHOTO-2025-10-22-09-52-03_1\" src=\"https:\/\/bobvarela.com\/wp-content\/uploads\/2025\/10\/PHOTO-2025-10-22-09-52-03_1_thumb.jpg\" border=\"0\"\/><\/a><\/font><\/p>\n<p align=\"justify\"><font size=\"3\">El Festival de Luces <b>abrir\u00e1 sus puertas el domingo, 2 de noviembre de 2025<\/b>, y se extender\u00e1 hasta enero de 2026, ofreciendo un recorrido m\u00e1gico lleno de color, m\u00fasica en vivo, gastronom\u00eda, quioscos y entretenimiento para toda la familia, en un ambiente seguro y lleno de alegr\u00eda.<\/font><\/p>\n<p align=\"justify\"><i><font size=\"3\"><\/font><\/i><\/p>\n<p align=\"justify\"><font size=\"3\"><i>\u201cQueremos que los visitantes se sientan transportados a un mundo de fantas\u00eda donde la luz y el arte se unen para celebrar la belleza, la cultura y la uni\u00f3n familiar\u201d,<\/i> expres\u00f3 el CEO del Parque el Sr. Jorge Jorge. <\/font><\/p>\n<p align=\"center\"><font size=\"3\"><a href=\"https:\/\/bobvarela.com\/wp-content\/uploads\/2025\/10\/PHOTO-2025-10-22-09-52-03.jpg\"><img loading=\"lazy\" decoding=\"async\" width=\"367\" height=\"275\" title=\"PHOTO-2025-10-22-09-52-03\" style=\"display: inline; background-image: none;\" alt=\"PHOTO-2025-10-22-09-52-03\" src=\"https:\/\/bobvarela.com\/wp-content\/uploads\/2025\/10\/PHOTO-2025-10-22-09-52-03_thumb.jpg\" border=\"0\"\/><\/a><\/font><\/p>\n<p align=\"justify\"><font size=\"3\">Con espect\u00e1culos visuales, estructuras monumentales y zonas fotogr\u00e1ficas espectaculares, el festival ser\u00e1 el lugar ideal para crear recuerdos inolvidables junto a tus seres queridos.<\/font><\/p>\n<p align=\"justify\"><font size=\"3\"> \u00a1Y como cierre m\u00e1gico de la jornada, daremos la bienvenida oficial a Santa Claus en su llegada en helic\u00f3ptero! Ven al festival que har\u00e1 brillar tus noches y despierta la magia en cada rinc\u00f3n del Parque de las Ciencias.<\/font><\/p>\n<p align=\"center\"><font size=\"3\"><a href=\"https:\/\/bobvarela.com\/wp-content\/uploads\/2025\/10\/PHOTO-2025-10-22-09-52-02_1.jpg\"><img loading=\"lazy\" decoding=\"async\" width=\"363\" height=\"272\" title=\"PHOTO-2025-10-22-09-52-02_1\" style=\"display: inline; background-image: none;\" alt=\"PHOTO-2025-10-22-09-52-02_1\" src=\"https:\/\/bobvarela.com\/wp-content\/uploads\/2025\/10\/PHOTO-2025-10-22-09-52-02_1_thumb.jpg\" border=\"0\"\/><\/a><\/font><\/p>\n<p align=\"justify\"><b><font size=\"3\">Detalles de la Gran Apertura<\/font><\/b><\/p>\n<p align=\"justify\"><b><font size=\"3\"><\/font><\/b><\/p>\n<p align=\"justify\"><font size=\"3\"><b>Fecha<\/b>: S\u00e1bado, 2 de noviembre de 2025<br \/><b>Lugar<\/b>: Parque de las Ciencias by Toroverde powered by Claro<\/font><\/p>\n<p align=\"justify\"><font size=\"3\"><b>Horario<\/b>:<\/font><\/p>\n<ul>\n<li>\n<div align=\"justify\"><font size=\"3\">12:00 p.m. \u2013 Apertura del Parque<\/font><\/div>\n<\/li>\n<li>\n<div align=\"justify\"><font size=\"3\">4:00 p.m. \u2013 Gran desfile de carrozas y bandas con grandes sorpresas<\/font><\/div>\n<\/li>\n<\/ul>\n","protected":false},"excerpt":{"rendered":"<p>Una de las exhibiciones de luces artesanales m\u00e1s reconocidas a nivel mundial regresa por segunda ocasi\u00f3n a nuestra Isla para iluminar las noches con una experiencia \u00fanica y deslumbrante en el Parque de las Ciencias by Toroverde powered by Claro&hellip;<\/p>\n<p class=\"more-link-p\"><a class=\"more-link\" href=\"https:\/\/bobvarela.com\/?p=174554\">Read more &rarr;<\/a><\/p>\n","protected":false},"author":1,"featured_media":0,"comment_status":"open","ping_status":"open","sticky":false,"template":"","format":"standard","meta":{"ngg_post_thumbnail":0,"footnotes":""},"categories":[3],"tags":[],"class_list":["post-174554","post","type-post","status-publish","format-standard","hentry","category-actividades"],"_links":{"self":[{"href":"https:\/\/bobvarela.com\/index.php?rest_route=\/wp\/v2\/posts\/174554","targetHints":{"allow":["GET"]}}],"collection":[{"href":"https:\/\/bobvarela.com\/index.php?rest_route=\/wp\/v2\/posts"}],"about":[{"href":"https:\/\/bobvarela.com\/index.php?rest_route=\/wp\/v2\/types\/post"}],"author":[{"embeddable":true,"href":"https:\/\/bobvarela.com\/index.php?rest_route=\/wp\/v2\/users\/1"}],"replies":[{"embeddable":true,"href":"https:\/\/bobvarela.com\/index.php?rest_route=%2Fwp%2Fv2%2Fcomments&post=174554"}],"version-history":[{"count":1,"href":"https:\/\/bobvarela.com\/index.php?rest_route=\/wp\/v2\/posts\/174554\/revisions"}],"predecessor-version":[{"id":174555,"href":"https:\/\/bobvarela.com\/index.php?rest_route=\/wp\/v2\/posts\/174554\/revisions\/174555"}],"wp:attachment":[{"href":"https:\/\/bobvarela.com\/index.php?rest_route=%2Fwp%2Fv2%2Fmedia&parent=174554"}],"wp:term":[{"taxonomy":"category","embeddable":true,"href":"https:\/\/bobvarela.com\/index.php?rest_route=%2Fwp%2Fv2%2Fcategories&post=174554"},{"taxonomy":"post_tag","embeddable":true,"href":"https:\/\/bobvarela.com\/index.php?rest_route=%2Fwp%2Fv2%2Ftags&post=174554"}],"curies":[{"name":"wp","href":"https:\/\/api.w.org\/{rel}","templated":true}]}}