{"id":174755,"date":"2025-10-27T09:35:05","date_gmt":"2025-10-27T13:35:05","guid":{"rendered":"https:\/\/bobvarela.com\/?p=174755"},"modified":"2025-10-27T09:40:09","modified_gmt":"2025-10-27T13:40:09","slug":"actividad-queen-of-hearts-de-la-fundacin-hospital-peditrico","status":"publish","type":"post","link":"https:\/\/bobvarela.com\/?p=174755","title":{"rendered":"Actividad &ldquo;Queen of Hearts&rdquo; de la Fundaci&oacute;n Hospital Pedi&aacute;trico"},"content":{"rendered":"<p align=\"center\"><span style=\"font-size: medium;\"><a href=\"https:\/\/bobvarela.com\/wp-content\/uploads\/2025\/10\/Fotos-Comm-Prensa-46-1.jpg\"><img loading=\"lazy\" decoding=\"async\" style=\"display: inline; background-image: none;\" title=\"Untitled design\" src=\"https:\/\/bobvarela.com\/wp-content\/uploads\/2025\/10\/Fotos-Comm-Prensa-46_thumb-1.jpg\" alt=\"Untitled design\" width=\"348\" height=\"234\" border=\"0\"\/><\/a><a href=\"https:\/\/bobvarela.com\/wp-content\/uploads\/2025\/10\/Fotos-Comm-Prensa-49-1.jpg\"><img loading=\"lazy\" decoding=\"async\" style=\"display: inline; background-image: none;\" title=\"Untitled design\" src=\"https:\/\/bobvarela.com\/wp-content\/uploads\/2025\/10\/Fotos-Comm-Prensa-49_thumb-1.jpg\" alt=\"Untitled design\" width=\"340\" height=\"228\" border=\"0\"\/><\/a><\/span><\/p>\n<p align=\"justify\"><span style=\"font-size: medium;\">En un evento exclusivo para mujeres, la <b>Fundaci\u00f3n Hospital Pedi\u00e1trico<\/b> reuni\u00f3 el 22 de octubre a un grupo de \u201camigas de gran coraz\u00f3n\u201d. Con <b>\u201cQueen of Hearts\u201d<\/b>, un almuerzo con prop\u00f3sito, la Fundaci\u00f3n reiter\u00f3 su compromiso y capacidad de seguir innovando para movilizar a la comunidad en favor de quienes m\u00e1s lo necesitan, los pacientes del <b>Hospital Pedi\u00e1trico Universitario (HOPU) Dr. Antonio Ortiz<\/b>, en Centro M\u00e9dico. <\/span><\/p>\n<p align=\"justify\"><span style=\"font-size: medium;\">El fin principal de este evento ben\u00e9fico fue continuar sus esfuerzos de recaudaci\u00f3n de fondos para varios servicios esenciales que se canalizan desde esta organizaci\u00f3n sin fines de lucro creada hace 11 a\u00f1os por la necesidad de apoyar al HOPU, donde se reciben y atienden los casos pedi\u00e1tricos m\u00e1s complicados de todo Puerto Rico y el Caribe.<\/span><\/p>\n<p align=\"justify\"><span style=\"font-size: medium;\">\u201cNos sentimos profundamente agradecidas por el respaldo que recibimos durante esta hermosa tarde entre amigas. Cada boleto comprado, cada gesto de apoyo y cada momento compartido se traduce en esperanza para los pacientes del Hospital Pedi\u00e1trico. Esta actividad demostr\u00f3 que, cuando las mujeres se unen con prop\u00f3sito, pueden lograr un impacto real y significativo en la comunidad\u201d, expres\u00f3 <b>Rebeca Qui\u00f1ones<\/b>, directora de la Fundaci\u00f3n Hospital Pedi\u00e1trico.<\/span><\/p>\n<p align=\"center\"><span style=\"font-size: medium;\"><a href=\"https:\/\/bobvarela.com\/wp-content\/uploads\/2025\/10\/Fotos-Comm-Prensa-16-1.jpg\"><img loading=\"lazy\" decoding=\"async\" style=\"margin: 0px; display: inline; background-image: none;\" title=\"Untitled design\" src=\"https:\/\/bobvarela.com\/wp-content\/uploads\/2025\/10\/Fotos-Comm-Prensa-16_thumb-1.jpg\" alt=\"Untitled design\" width=\"164\" height=\"244\" border=\"0\"\/><\/a><a href=\"https:\/\/bobvarela.com\/wp-content\/uploads\/2025\/10\/Fotos-Comm-Prensa-57-1.jpg\"><img loading=\"lazy\" decoding=\"async\" style=\"display: inline; background-image: none;\" title=\"Untitled design\" src=\"https:\/\/bobvarela.com\/wp-content\/uploads\/2025\/10\/Fotos-Comm-Prensa-57_thumb-1.jpg\" alt=\"Untitled design\" width=\"184\" height=\"244\" border=\"0\"\/><\/a><a href=\"https:\/\/bobvarela.com\/wp-content\/uploads\/2025\/10\/Fotos-Comm-Prensa-36-1.jpg\"><img loading=\"lazy\" decoding=\"async\" style=\"margin: 0px; display: inline; background-image: none;\" title=\"Untitled design\" src=\"https:\/\/bobvarela.com\/wp-content\/uploads\/2025\/10\/Fotos-Comm-Prensa-36_thumb-1.jpg\" alt=\"Untitled design\" width=\"164\" height=\"244\" border=\"0\"\/><\/a><a href=\"https:\/\/bobvarela.com\/wp-content\/uploads\/2025\/10\/Fotos-Comm-Prensa-54-1.jpg\"><img loading=\"lazy\" decoding=\"async\" style=\"display: inline; background-image: none;\" title=\"Untitled design\" src=\"https:\/\/bobvarela.com\/wp-content\/uploads\/2025\/10\/Fotos-Comm-Prensa-54_thumb-1.jpg\" alt=\"Untitled design\" width=\"164\" height=\"244\" border=\"0\"\/><\/a><\/span><\/p>\n<p align=\"justify\"><span style=\"font-size: medium;\">Con gran emoci\u00f3n, Qui\u00f1ones coment\u00f3 que, con su apoyo, las asistentes del evento se convirtieron, adem\u00e1s de amigas, en reinas de gran coraz\u00f3n de la Fundaci\u00f3n Hospital Pedi\u00e1trico. Reiter\u00f3 que desde esta organizaci\u00f3n se trabaja con el coraz\u00f3n para que en cada espacio de esta facilidad hospitalaria se reciba y atienda con gran alegr\u00eda, cari\u00f1o y esperanza a todos los ni\u00f1os y ni\u00f1as que los visitan en busca de salud, \u201ccomo si fueran nuestros propios hijos\u201d.<\/span><\/p>\n<p align=\"justify\"><span style=\"font-size: medium;\">\u201cAcompa\u00f1amos a pacientes y sus familias en momentos cr\u00edticos, impulsamos mejoras en \u00e1reas cl\u00ednicas, compramos equipos m\u00e9dicos de vanguardia y creamos programas de apoyo emocional y terapia f\u00edsica dentro de espacios pedi\u00e1tricos dise\u00f1ados al ritmo de nuestra generaci\u00f3n; desde la infancia hasta la juventud\u201d, inform\u00f3.<\/span><\/p>\n<p align=\"center\"><span style=\"font-size: medium;\"><a href=\"https:\/\/bobvarela.com\/wp-content\/uploads\/2025\/10\/Fotos-Comm-Prensa-33-1.jpg\"><img loading=\"lazy\" decoding=\"async\" style=\"display: inline; background-image: none;\" title=\"Untitled design\" src=\"https:\/\/bobvarela.com\/wp-content\/uploads\/2025\/10\/Fotos-Comm-Prensa-33_thumb-1.jpg\" alt=\"Untitled design\" width=\"346\" height=\"232\" border=\"0\"\/><\/a><a href=\"https:\/\/bobvarela.com\/wp-content\/uploads\/2025\/10\/Fotos-Comm-Prensa-42-1.jpg\"><img loading=\"lazy\" decoding=\"async\" style=\"display: inline; background-image: none;\" title=\"Untitled design\" src=\"https:\/\/bobvarela.com\/wp-content\/uploads\/2025\/10\/Fotos-Comm-Prensa-42_thumb-1.jpg\" alt=\"Untitled design\" width=\"348\" height=\"234\" border=\"0\"\/><\/a><\/span><\/p>\n<p align=\"justify\"><span style=\"font-size: medium;\">El evento cont\u00f3 con un divertido desfile de modas con el apoyo de tres destacados y reconocidos dise\u00f1adores del patio: <b>Carlota Alfaro, Liza Thon y David Antonio<\/b>. Adem\u00e1s, lleno de humor y cargado de an\u00e9cdotas estuvo el espect\u00e1culo de <b>Uka Green<\/b>, quien deleit\u00f3 al grupo de amigas con una impactante charla motivacional. El ambiente tambi\u00e9n estuvo amenizado por la alegr\u00eda del grupo <b>Segreles<\/b> y la m\u00fasica de <b>DJ Albert<\/b>. Y, como siempre, contamos con el respaldo de la madrina de la campa\u00f1a de los pacientes estrellas 2025 de la Fundaci\u00f3n Hospital Pedi\u00e1trico, la gran reportera y maravillosa madre, <b>Katiria Soto.<\/b><\/span><\/p>\n<p align=\"justify\"><span style=\"font-size: medium;\">\u201cEventos como este nos recuerdan que la solidaridad sigue viva y que, cuando todos nos unimos, es posible lograr grandes cosas. Para la Junta de Directores, es un orgullo ver c\u00f3mo la Fundaci\u00f3n Hospital Pedi\u00e1trico contin\u00faa desarrollando iniciativas que combinan creatividad, empat\u00eda y acci\u00f3n concreta en beneficio de quienes m\u00e1s lo necesitan\u201d, indic\u00f3 <b>Beatriz Garc\u00eda<\/b>, Vicepresidente de la Junta de Directores.<\/span><\/p>\n<p align=\"center\"><span style=\"font-size: medium;\"><a href=\"https:\/\/bobvarela.com\/wp-content\/uploads\/2025\/10\/Fotos-Comm-Prensa-09.jpg\"><img loading=\"lazy\" decoding=\"async\" style=\"display: inline; background-image: none;\" title=\"Untitled design\" src=\"https:\/\/bobvarela.com\/wp-content\/uploads\/2025\/10\/Fotos-Comm-Prensa-09_thumb.jpg\" alt=\"Untitled design\" width=\"332\" height=\"223\" border=\"0\"\/><\/a><a href=\"https:\/\/bobvarela.com\/wp-content\/uploads\/2025\/10\/Fotos-Comm-Prensa-53.jpg\"><img loading=\"lazy\" decoding=\"async\" style=\"display: inline; background-image: none;\" title=\"Untitled design\" src=\"https:\/\/bobvarela.com\/wp-content\/uploads\/2025\/10\/Fotos-Comm-Prensa-53_thumb.jpg\" alt=\"Untitled design\" width=\"318\" height=\"214\" border=\"0\"\/><\/a><\/span><\/p>\n<p align=\"justify\"><span style=\"font-size: medium;\">Durante la jornada solidaria se inform\u00f3 que los recaudos ir\u00e1n dirigidos a continuar robusteciendo el programa de apoyo emocional Child Life, pieza importante en el proceso de recuperaci\u00f3n de los pacientes. Tambi\u00e9n, para apoyar la construcci\u00f3n de la nueva y moderna sala de cirug\u00eda pedi\u00e1trica, con equipo mobiliario hospitalario, ambientaci\u00f3n y entretenimiento para los pacientes del HOPU.<\/span><\/p>\n<p align=\"justify\"><span style=\"font-size: medium;\">Seg\u00fan inform\u00f3 Qui\u00f1ones, este proyecto busca convertir la nueva ala de cirug\u00eda en un espacio que promueva la comodidad y seguridad de los ni\u00f1os. Mediante una ambientaci\u00f3n adecuada el prop\u00f3sito es reducir el estr\u00e9s y la ansiedad de los pacientes, ayudando a mejorar su recuperaci\u00f3n y la comunicaci\u00f3n con sus cuidadores y el personal m\u00e9dico. Con la integraci\u00f3n de elementos de juego y distracci\u00f3n, el fin es crear un ambiente donde los ni\u00f1os puedan mantener un estado de \u00e1nimo positivo, mientras que los padres se sientan m\u00e1s involucrados en su proceso de salud.<\/span><\/p>\n<p align=\"center\"><span style=\"font-size: medium;\"><a href=\"https:\/\/bobvarela.com\/wp-content\/uploads\/2025\/10\/Fotos-Comm-Prensa-27.jpg\"><img loading=\"lazy\" decoding=\"async\" style=\"display: inline; background-image: none;\" title=\"Untitled design\" src=\"https:\/\/bobvarela.com\/wp-content\/uploads\/2025\/10\/Fotos-Comm-Prensa-27_thumb.jpg\" alt=\"Untitled design\" width=\"327\" height=\"220\" border=\"0\"\/><\/a><a href=\"https:\/\/bobvarela.com\/wp-content\/uploads\/2025\/10\/Fotos-Comm-Prensa-23.jpg\"><img loading=\"lazy\" decoding=\"async\" style=\"display: inline; background-image: none;\" title=\"Untitled design\" src=\"https:\/\/bobvarela.com\/wp-content\/uploads\/2025\/10\/Fotos-Comm-Prensa-23_thumb.jpg\" alt=\"Untitled design\" width=\"335\" height=\"225\" border=\"0\"\/><\/a><\/span><\/p>\n<p align=\"justify\"><a name=\"_GoBack\"><\/a><span style=\"font-size: medium;\">\u201cLos fondos recaudados ser\u00e1n de gran ayuda para continuar ofreciendo servicios de calidad a nuestros pacientes. M\u00e1s all\u00e1 del aspecto econ\u00f3mico, el apoyo recibido nos confirma que estamos acompa\u00f1ados totalmente en esta jornada de salud de nuestra comunidad pedi\u00e1trica de este milenio. Agradecemos de coraz\u00f3n a la Fundaci\u00f3n Hospital Pedi\u00e1trico y a cada mujer que particip\u00f3 por hacer de esta causa una prioridad\u201d, se\u00f1al\u00f3 la <b>licenciada Van Derdys<\/b>, directora ejecutiva del HOPU.<\/span><\/p>\n<p align=\"justify\"><span style=\"font-size: medium;\">La Fundaci\u00f3n Hospital Pedi\u00e1trico se cre\u00f3 en el 2014 gracias a la visi\u00f3n y compromiso de un grupo de m\u00e9dicos visionarios, encabezados por las pediatras Alicia Fern\u00e1ndez Sein y Liliana Morales, junto a un colectivo cada d\u00eda m\u00e1s creciente de voluntarios comprometidos con la misi\u00f3n de ayudar y apoyar al HOPU. El Hospital Pedi\u00e1trico Universitario ofrece servicios de cuidado de salud a nivel terciario y supra terciario desde el 1982, recibiendo anualmente a m\u00e1s de 8,500 ni\u00f1os, el 85% de familias con recursos limitados. Brinda servicios m\u00e9dicos, quir\u00fargicos y de habilitaci\u00f3n del desarrollo neurol\u00f3gico a toda la poblaci\u00f3n pedi\u00e1trica de Puerto Rico, hasta los 21 a\u00f1os. Adem\u00e1s, es centro de referencia para quienes necesitan servicios m\u00e9dicos pedi\u00e1tricos especializados en la regi\u00f3n del Caribe. El HOPU tambi\u00e9n se distingue como el hospital docente de la Universidad de Puerto Rico, donde se entrenan los futuros m\u00e9dicos del pa\u00eds. <\/span><\/p>\n<p align=\"justify\">ngg_shortcode_0_placeholder<\/p>\n","protected":false},"excerpt":{"rendered":"<p>En un evento exclusivo para mujeres, la Fundaci\u00f3n Hospital Pedi\u00e1trico reuni\u00f3 el 22 de octubre a un grupo de \u201camigas de gran coraz\u00f3n\u201d. Con \u201cQueen of Hearts\u201d, un almuerzo con prop\u00f3sito, la Fundaci\u00f3n reiter\u00f3 su compromiso y capacidad de seguir&hellip;<\/p>\n<p class=\"more-link-p\"><a class=\"more-link\" href=\"https:\/\/bobvarela.com\/?p=174755\">Read more &rarr;<\/a><\/p>\n","protected":false},"author":1,"featured_media":0,"comment_status":"open","ping_status":"open","sticky":false,"template":"","format":"standard","meta":{"ngg_post_thumbnail":0,"footnotes":""},"categories":[3],"tags":[],"class_list":["post-174755","post","type-post","status-publish","format-standard","hentry","category-actividades"],"_links":{"self":[{"href":"https:\/\/bobvarela.com\/index.php?rest_route=\/wp\/v2\/posts\/174755","targetHints":{"allow":["GET"]}}],"collection":[{"href":"https:\/\/bobvarela.com\/index.php?rest_route=\/wp\/v2\/posts"}],"about":[{"href":"https:\/\/bobvarela.com\/index.php?rest_route=\/wp\/v2\/types\/post"}],"author":[{"embeddable":true,"href":"https:\/\/bobvarela.com\/index.php?rest_route=\/wp\/v2\/users\/1"}],"replies":[{"embeddable":true,"href":"https:\/\/bobvarela.com\/index.php?rest_route=%2Fwp%2Fv2%2Fcomments&post=174755"}],"version-history":[{"count":2,"href":"https:\/\/bobvarela.com\/index.php?rest_route=\/wp\/v2\/posts\/174755\/revisions"}],"predecessor-version":[{"id":174757,"href":"https:\/\/bobvarela.com\/index.php?rest_route=\/wp\/v2\/posts\/174755\/revisions\/174757"}],"wp:attachment":[{"href":"https:\/\/bobvarela.com\/index.php?rest_route=%2Fwp%2Fv2%2Fmedia&parent=174755"}],"wp:term":[{"taxonomy":"category","embeddable":true,"href":"https:\/\/bobvarela.com\/index.php?rest_route=%2Fwp%2Fv2%2Fcategories&post=174755"},{"taxonomy":"post_tag","embeddable":true,"href":"https:\/\/bobvarela.com\/index.php?rest_route=%2Fwp%2Fv2%2Ftags&post=174755"}],"curies":[{"name":"wp","href":"https:\/\/api.w.org\/{rel}","templated":true}]}}