{"id":174838,"date":"2025-10-27T10:45:28","date_gmt":"2025-10-27T14:45:28","guid":{"rendered":"https:\/\/bobvarela.com\/?p=174838"},"modified":"2025-10-27T10:45:28","modified_gmt":"2025-10-27T14:45:28","slug":"desfile-liza-thon-david-antonio-y-carlota-alfaro-en-la-actividad-queen-of-hearts-de-la-fundacin-hospital-peditrico","status":"publish","type":"post","link":"https:\/\/bobvarela.com\/?p=174838","title":{"rendered":"Desfile Liza Thon, David Antonio, y Carlota Alfaro en la actividad &ldquo;Queen of Hearts&rdquo; de la Fundaci&oacute;n Hospital Pedi&aacute;trico"},"content":{"rendered":"<p><font size=\"3\">El 22 de octubre como parte de la actividad \u201cQueen of Hearts\u201d&nbsp; de la Fundaci\u00f3n Hospital Pedi\u00e1trico se presento un desfile de modas por parte de los destacados dise\u00f1adores Liza Thon, David Antonio, y Carlota Alfaro<\/font><\/p>\n<p><font size=\"3\"><strong><em>Lisa Thon \u2013 Pura&nbsp; SS 2026<\/em><\/strong><\/font><\/p>\n<p><font size=\"3\"><strong><em>ngg_shortcode_0_placeholder<\/em><\/strong><\/font><\/p>\n<p><font size=\"3\"><strong><em>David Antonio&nbsp; &#8211; El sonido de Viento<\/em><\/strong><\/font><\/p>\n<p><font size=\"3\"><strong><em>ngg_shortcode_1_placeholder<\/em><\/strong><\/font><\/p>\n<p><strong><em><font size=\"3\">Carlota Alfaro<\/font><\/em><\/strong><\/p>\n<p><font size=\"3\"><strong><em>ngg_shortcode_2_placeholder<\/em><\/strong><\/font><\/p>\n","protected":false},"excerpt":{"rendered":"<p>El 22 de octubre como parte de la actividad \u201cQueen of Hearts\u201d&nbsp; de la Fundaci\u00f3n Hospital Pedi\u00e1trico se presento un desfile de modas por parte de los destacados dise\u00f1adores Liza Thon, David Antonio, y Carlota Alfaro Lisa Thon \u2013 Pura&nbsp;&hellip;<\/p>\n<p class=\"more-link-p\"><a class=\"more-link\" href=\"https:\/\/bobvarela.com\/?p=174838\">Read more &rarr;<\/a><\/p>\n","protected":false},"author":1,"featured_media":0,"comment_status":"open","ping_status":"open","sticky":false,"template":"","format":"standard","meta":{"ngg_post_thumbnail":0,"footnotes":""},"categories":[3,4,295],"tags":[],"class_list":["post-174838","post","type-post","status-publish","format-standard","hentry","category-actividades","category-moda","category-puerto-rico"],"_links":{"self":[{"href":"https:\/\/bobvarela.com\/index.php?rest_route=\/wp\/v2\/posts\/174838","targetHints":{"allow":["GET"]}}],"collection":[{"href":"https:\/\/bobvarela.com\/index.php?rest_route=\/wp\/v2\/posts"}],"about":[{"href":"https:\/\/bobvarela.com\/index.php?rest_route=\/wp\/v2\/types\/post"}],"author":[{"embeddable":true,"href":"https:\/\/bobvarela.com\/index.php?rest_route=\/wp\/v2\/users\/1"}],"replies":[{"embeddable":true,"href":"https:\/\/bobvarela.com\/index.php?rest_route=%2Fwp%2Fv2%2Fcomments&post=174838"}],"version-history":[{"count":1,"href":"https:\/\/bobvarela.com\/index.php?rest_route=\/wp\/v2\/posts\/174838\/revisions"}],"predecessor-version":[{"id":174839,"href":"https:\/\/bobvarela.com\/index.php?rest_route=\/wp\/v2\/posts\/174838\/revisions\/174839"}],"wp:attachment":[{"href":"https:\/\/bobvarela.com\/index.php?rest_route=%2Fwp%2Fv2%2Fmedia&parent=174838"}],"wp:term":[{"taxonomy":"category","embeddable":true,"href":"https:\/\/bobvarela.com\/index.php?rest_route=%2Fwp%2Fv2%2Fcategories&post=174838"},{"taxonomy":"post_tag","embeddable":true,"href":"https:\/\/bobvarela.com\/index.php?rest_route=%2Fwp%2Fv2%2Ftags&post=174838"}],"curies":[{"name":"wp","href":"https:\/\/api.w.org\/{rel}","templated":true}]}}