{"id":175034,"date":"2025-11-06T10:09:51","date_gmt":"2025-11-06T14:09:51","guid":{"rendered":"https:\/\/bobvarela.com\/?p=175034"},"modified":"2025-11-06T10:09:51","modified_gmt":"2025-11-06T14:09:51","slug":"la-tienda-cultural-del-icp-reabre-sus-puertas-en-la-sede-principal-del-viejo-san-juan","status":"publish","type":"post","link":"https:\/\/bobvarela.com\/?p=175034","title":{"rendered":"La Tienda Cultural del ICP reabre sus puertas en la sede principal del Viejo San Juan"},"content":{"rendered":"<p align=\"center\"><font size=\"3\"><a href=\"https:\/\/bobvarela.com\/wp-content\/uploads\/2025\/11\/TiendaCultural3.jpg\"><img loading=\"lazy\" decoding=\"async\" width=\"184\" height=\"244\" title=\"TiendaCultural3\" style=\"display: inline; background-image: none;\" alt=\"TiendaCultural3\" src=\"https:\/\/bobvarela.com\/wp-content\/uploads\/2025\/11\/TiendaCultural3_thumb.jpg\" border=\"0\"\/><\/a><\/font><\/p>\n<p align=\"justify\"><font size=\"3\">El Instituto de Cultura Puertorrique\u00f1a (ICP) anunci\u00f3 la reapertura y relocalizaci\u00f3n de su Tienda Cultural, que a partir de ahora estar\u00e1 ubicada en el primer nivel de la sede principal de la instituci\u00f3n en el Viejo San Juan.<\/font><\/p>\n<p align=\"justify\"><font size=\"3\">Anteriormente localizada al lado de la Iglesia San Jos\u00e9, la Tienda Cultural se muda ahora a la sede del ICP en la Calle Beneficencia, como parte de los esfuerzos de la instituci\u00f3n por centralizar servicios y fortalecer el acceso del p\u00fablico a sus programas y publicaciones. Con esta reubicaci\u00f3n, el ICP busca ofrecer una experiencia m\u00e1s completa e integrada para los visitantes, quienes podr\u00e1n disfrutar en un mismo espacio de las exhibiciones, actividades y t\u00edtulos editoriales que promueven la cultura puertorrique\u00f1a.<\/font><\/p>\n<p align=\"center\"><font size=\"3\"><a href=\"https:\/\/bobvarela.com\/wp-content\/uploads\/2025\/11\/TiendaCultural2.jpg\"><img loading=\"lazy\" decoding=\"async\" width=\"358\" height=\"269\" title=\"TiendaCultural2\" style=\"display: inline; background-image: none;\" alt=\"TiendaCultural2\" src=\"https:\/\/bobvarela.com\/wp-content\/uploads\/2025\/11\/TiendaCultural2_thumb.jpg\" border=\"0\"\/><\/a><\/font><\/p>\n<p align=\"justify\"><font size=\"3\">\u201cLa Tienda Cultural es un punto de encuentro entre el p\u00fablico y nuestra producci\u00f3n art\u00edstica y literaria. Su mudanza a la sede del ICP nos permite ampliar su alcance y fortalecer la conexi\u00f3n directa con quienes visitan el Viejo San Juan en busca de experiencias culturales aut\u00e9nticas\u201d, expres\u00f3 Melissa Santana, directora ejecutiva del ICP.<\/font><\/p>\n<p align=\"justify\"><font size=\"3\">La Tienda Cultural del ICP ofrece una amplia y diversa selecci\u00f3n de art\u00edculos que reflejan la riqueza creativa del pa\u00eds. Entre sus ofrecimientos se destacan libros de autores puertorrique\u00f1os, t\u00edtulos de las principales editoriales locales, literatura infantil y juvenil, revistas, c\u00f3mics, carteles, m\u00fasica y libros de autor. Asimismo, el espacio promueve el trabajo de artesanos, orfebres y dise\u00f1adores puertorrique\u00f1os, presentando piezas \u00fanicas elaboradas a mano.<\/font><\/p>\n<p align=\"justify\"><font size=\"3\"><a href=\"https:\/\/bobvarela.com\/wp-content\/uploads\/2025\/11\/TiendaCultural.jpg\"><img loading=\"lazy\" decoding=\"async\" width=\"244\" height=\"184\" title=\"TiendaCultural\" style=\"margin-right: auto; margin-left: auto; float: none; display: block; background-image: none;\" alt=\"TiendaCultural\" src=\"https:\/\/bobvarela.com\/wp-content\/uploads\/2025\/11\/TiendaCultural_thumb.jpg\" border=\"0\"\/><\/a><\/font><\/p>\n<p align=\"justify\"><font size=\"3\">La Tienda Cultural est\u00e1 ubicada en el primer nivel de la sede del ICP, en la Calle Beneficencia, Viejo San Juan, y abre sus puertas todos los d\u00edas de 10:00 a.m. a 5:00 p.m.<\/font><\/p>\n","protected":false},"excerpt":{"rendered":"<p>El Instituto de Cultura Puertorrique\u00f1a (ICP) anunci\u00f3 la reapertura y relocalizaci\u00f3n de su Tienda Cultural, que a partir de ahora estar\u00e1 ubicada en el primer nivel de la sede principal de la instituci\u00f3n en el Viejo San Juan. Anteriormente localizada&hellip;<\/p>\n<p class=\"more-link-p\"><a class=\"more-link\" href=\"https:\/\/bobvarela.com\/?p=175034\">Read more &rarr;<\/a><\/p>\n","protected":false},"author":1,"featured_media":0,"comment_status":"open","ping_status":"open","sticky":false,"template":"","format":"standard","meta":{"ngg_post_thumbnail":0,"footnotes":""},"categories":[3],"tags":[],"class_list":["post-175034","post","type-post","status-publish","format-standard","hentry","category-actividades"],"_links":{"self":[{"href":"https:\/\/bobvarela.com\/index.php?rest_route=\/wp\/v2\/posts\/175034","targetHints":{"allow":["GET"]}}],"collection":[{"href":"https:\/\/bobvarela.com\/index.php?rest_route=\/wp\/v2\/posts"}],"about":[{"href":"https:\/\/bobvarela.com\/index.php?rest_route=\/wp\/v2\/types\/post"}],"author":[{"embeddable":true,"href":"https:\/\/bobvarela.com\/index.php?rest_route=\/wp\/v2\/users\/1"}],"replies":[{"embeddable":true,"href":"https:\/\/bobvarela.com\/index.php?rest_route=%2Fwp%2Fv2%2Fcomments&post=175034"}],"version-history":[{"count":1,"href":"https:\/\/bobvarela.com\/index.php?rest_route=\/wp\/v2\/posts\/175034\/revisions"}],"predecessor-version":[{"id":175035,"href":"https:\/\/bobvarela.com\/index.php?rest_route=\/wp\/v2\/posts\/175034\/revisions\/175035"}],"wp:attachment":[{"href":"https:\/\/bobvarela.com\/index.php?rest_route=%2Fwp%2Fv2%2Fmedia&parent=175034"}],"wp:term":[{"taxonomy":"category","embeddable":true,"href":"https:\/\/bobvarela.com\/index.php?rest_route=%2Fwp%2Fv2%2Fcategories&post=175034"},{"taxonomy":"post_tag","embeddable":true,"href":"https:\/\/bobvarela.com\/index.php?rest_route=%2Fwp%2Fv2%2Ftags&post=175034"}],"curies":[{"name":"wp","href":"https:\/\/api.w.org\/{rel}","templated":true}]}}