{"id":175168,"date":"2025-11-10T08:22:53","date_gmt":"2025-11-10T12:22:53","guid":{"rendered":"https:\/\/bobvarela.com\/?p=175168"},"modified":"2025-11-10T08:23:48","modified_gmt":"2025-11-10T12:23:48","slug":"the-other-tale-25-anniversary-de-juan-colon","status":"publish","type":"post","link":"https:\/\/bobvarela.com\/?p=175168","title":{"rendered":"&ldquo;The Other Tale 25 anniversary&rdquo; de Juan Colon"},"content":{"rendered":"<p align=\"justify\"><span style=\"font-size: medium;\">El pasado 7 de noviembre se present\u00f3 en El ballroom del Condado Plaza Hotel el desfile de modas del dise\u00f1ador Juan Col\u00f3n titulado \u201cThe Other Tale 25 anniversary\u201d en la plataforma San Juan Moda <\/span><\/p>\n<p align=\"justify\"><span style=\"font-size: medium;\">El dise\u00f1ador comenz\u00f3 su celebraci\u00f3n de 25 a\u00f1os en la industria en el 2024 con el desfile \u201cFAIRYTALE\u201d inspirado en las hadas de cuentos y cerro el aniversario con esta propuesta \u201cThe other tale\u201d enfoc\u00e1ndose en los personajes enigm\u00e1ticos de leyendas.<\/span><\/p>\n<p align=\"justify\"><span style=\"font-size: medium;\">\u201cSiempre las historias tienen dos versiones, y esta en cada quien llegar a sus propias conclusiones, muchos son buenos y se convierten en villanos por circunstancias de la vida, y otros son creados villanos por historias. Por eso: Todos somos los malos en historias mal contadas\u201d comento Juan Col\u00f3n referente a su inspiraci\u00f3n. <\/span><\/p>\n<p align=\"justify\"><span style=\"font-size: medium;\">La pasarela tomo vida en colores: fushia, magenta, burgundy, negros y dorados. Cada material seleccionado para la colecci\u00f3n tenia un prop\u00f3sito crear un efecto de fluidez o rigidez, por eso se utilizaron: tafetas, seda, charmuse, chiffon, brocados, encajes, bordados, plumas y algodones. La opulencia en accesorios complemento cada look creando un personaje a cada modelo.<\/span><\/p>\n<p align=\"justify\"><span style=\"font-size: medium;\">&#8220;Es una colecci\u00f3n de 25 aniversario que demuestra mi compromiso con la inclusi\u00f3n real y donde cada modelo representa un segmento de la sociedad creando visibilidad, sin importar genero, identidad,edadni constituci\u00f3n f\u00edsica&#8221; indica Juan Colon.<\/span><\/p>\n<p align=\"justify\"><span style=\"font-size: medium;\">La pasarela fue complementada por el maquillaje de MVO y peinados por Myrangel Beauty Institute.<\/span><\/p>\n<p><strong><em>ngg_shortcode_0_placeholder<\/em><\/strong><\/p>\n","protected":false},"excerpt":{"rendered":"<p>El pasado 7 de noviembre se present\u00f3 en El ballroom del Condado Plaza Hotel el desfile de modas del dise\u00f1ador Juan Col\u00f3n titulado \u201cThe Other Tale 25 anniversary\u201d en la plataforma San Juan Moda El dise\u00f1ador comenz\u00f3 su celebraci\u00f3n de&hellip;<\/p>\n<p class=\"more-link-p\"><a class=\"more-link\" href=\"https:\/\/bobvarela.com\/?p=175168\">Read more &rarr;<\/a><\/p>\n","protected":false},"author":1,"featured_media":0,"comment_status":"open","ping_status":"open","sticky":false,"template":"","format":"standard","meta":{"ngg_post_thumbnail":0,"footnotes":""},"categories":[4,295],"tags":[],"class_list":["post-175168","post","type-post","status-publish","format-standard","hentry","category-moda","category-puerto-rico"],"_links":{"self":[{"href":"https:\/\/bobvarela.com\/index.php?rest_route=\/wp\/v2\/posts\/175168","targetHints":{"allow":["GET"]}}],"collection":[{"href":"https:\/\/bobvarela.com\/index.php?rest_route=\/wp\/v2\/posts"}],"about":[{"href":"https:\/\/bobvarela.com\/index.php?rest_route=\/wp\/v2\/types\/post"}],"author":[{"embeddable":true,"href":"https:\/\/bobvarela.com\/index.php?rest_route=\/wp\/v2\/users\/1"}],"replies":[{"embeddable":true,"href":"https:\/\/bobvarela.com\/index.php?rest_route=%2Fwp%2Fv2%2Fcomments&post=175168"}],"version-history":[{"count":3,"href":"https:\/\/bobvarela.com\/index.php?rest_route=\/wp\/v2\/posts\/175168\/revisions"}],"predecessor-version":[{"id":175171,"href":"https:\/\/bobvarela.com\/index.php?rest_route=\/wp\/v2\/posts\/175168\/revisions\/175171"}],"wp:attachment":[{"href":"https:\/\/bobvarela.com\/index.php?rest_route=%2Fwp%2Fv2%2Fmedia&parent=175168"}],"wp:term":[{"taxonomy":"category","embeddable":true,"href":"https:\/\/bobvarela.com\/index.php?rest_route=%2Fwp%2Fv2%2Fcategories&post=175168"},{"taxonomy":"post_tag","embeddable":true,"href":"https:\/\/bobvarela.com\/index.php?rest_route=%2Fwp%2Fv2%2Ftags&post=175168"}],"curies":[{"name":"wp","href":"https:\/\/api.w.org\/{rel}","templated":true}]}}