{"id":175357,"date":"2025-11-11T13:08:09","date_gmt":"2025-11-11T17:08:09","guid":{"rendered":"https:\/\/bobvarela.com\/?p=175357"},"modified":"2025-11-11T13:08:43","modified_gmt":"2025-11-11T17:08:43","slug":"desfile-pome-de-ruben-dario","status":"publish","type":"post","link":"https:\/\/bobvarela.com\/?p=175357","title":{"rendered":"Desfile &ldquo;Po&egrave;me&rdquo; de Ruben Dario"},"content":{"rendered":"<p align=\"justify\"><font size=\"3\">El pasado 10 de noviembre se present\u00f3 en la Plaza de Quinto Centenario en el Viejo San Juan,el desfile de modas del dise\u00f1ador Ruben Dario&nbsp; titulado \u201cPo\u00e8me\u201d&nbsp; como parte de la celebracion de 30 a\u00f1os&nbsp; de Dise\u00f1ador en el mundo de la moda.<\/font><\/p>\n<p align=\"justify\"><font size=\"3\">Cerrando el tercer ciclo de la plataforma de San Juan Moda&nbsp; lujo silencioso 2025,&nbsp; el dise\u00f1ador hace alusi\u00f3n a su estilo y forma po\u00e9tica de ver la moda.&nbsp; Predomino los colores Blanco, negro y rosa.&nbsp; El Dise\u00f1ador demostro una vez mas por ue es considerado uno de lo maximos expodiente de la moda con su estilo un estilo atemporal de extrema sofisticaci\u00f3n.<\/font><\/p>\n<p align=\"justify\"><strong><em>ngg_shortcode_0_placeholder<\/em><\/strong><\/p>\n","protected":false},"excerpt":{"rendered":"<p>El pasado 10 de noviembre se present\u00f3 en la Plaza de Quinto Centenario en el Viejo San Juan,el desfile de modas del dise\u00f1ador Ruben Dario&nbsp; titulado \u201cPo\u00e8me\u201d&nbsp; como parte de la celebracion de 30 a\u00f1os&nbsp; de Dise\u00f1ador en el mundo&hellip;<\/p>\n<p class=\"more-link-p\"><a class=\"more-link\" href=\"https:\/\/bobvarela.com\/?p=175357\">Read more &rarr;<\/a><\/p>\n","protected":false},"author":1,"featured_media":0,"comment_status":"open","ping_status":"open","sticky":false,"template":"","format":"standard","meta":{"ngg_post_thumbnail":0,"footnotes":""},"categories":[4,295],"tags":[],"class_list":["post-175357","post","type-post","status-publish","format-standard","hentry","category-moda","category-puerto-rico"],"_links":{"self":[{"href":"https:\/\/bobvarela.com\/index.php?rest_route=\/wp\/v2\/posts\/175357","targetHints":{"allow":["GET"]}}],"collection":[{"href":"https:\/\/bobvarela.com\/index.php?rest_route=\/wp\/v2\/posts"}],"about":[{"href":"https:\/\/bobvarela.com\/index.php?rest_route=\/wp\/v2\/types\/post"}],"author":[{"embeddable":true,"href":"https:\/\/bobvarela.com\/index.php?rest_route=\/wp\/v2\/users\/1"}],"replies":[{"embeddable":true,"href":"https:\/\/bobvarela.com\/index.php?rest_route=%2Fwp%2Fv2%2Fcomments&post=175357"}],"version-history":[{"count":2,"href":"https:\/\/bobvarela.com\/index.php?rest_route=\/wp\/v2\/posts\/175357\/revisions"}],"predecessor-version":[{"id":175359,"href":"https:\/\/bobvarela.com\/index.php?rest_route=\/wp\/v2\/posts\/175357\/revisions\/175359"}],"wp:attachment":[{"href":"https:\/\/bobvarela.com\/index.php?rest_route=%2Fwp%2Fv2%2Fmedia&parent=175357"}],"wp:term":[{"taxonomy":"category","embeddable":true,"href":"https:\/\/bobvarela.com\/index.php?rest_route=%2Fwp%2Fv2%2Fcategories&post=175357"},{"taxonomy":"post_tag","embeddable":true,"href":"https:\/\/bobvarela.com\/index.php?rest_route=%2Fwp%2Fv2%2Ftags&post=175357"}],"curies":[{"name":"wp","href":"https:\/\/api.w.org\/{rel}","templated":true}]}}