{"id":175572,"date":"2025-11-14T13:53:02","date_gmt":"2025-11-14T17:53:02","guid":{"rendered":"https:\/\/bobvarela.com\/?p=175572"},"modified":"2025-11-14T13:53:02","modified_gmt":"2025-11-14T17:53:02","slug":"instituto-de-cultura-puertorriquea-celebra-la-semana-de-los-archivos-histricos-2025","status":"publish","type":"post","link":"https:\/\/bobvarela.com\/?p=175572","title":{"rendered":"Instituto de Cultura Puertorrique&ntilde;a celebra la Semana de los Archivos Hist&oacute;ricos 2025"},"content":{"rendered":"<p align=\"center\"><font size=\"3\"><a href=\"https:\/\/bobvarela.com\/wp-content\/uploads\/2025\/11\/ArchivoGeneral.jpg\"><img loading=\"lazy\" decoding=\"async\" width=\"509\" height=\"382\" title=\"ArchivoGeneral\" style=\"display: inline; background-image: none;\" alt=\"ArchivoGeneral\" src=\"https:\/\/bobvarela.com\/wp-content\/uploads\/2025\/11\/ArchivoGeneral_thumb.jpg\" border=\"0\"\/><\/a><\/font><\/p>\n<p align=\"justify\"><font size=\"3\">El Instituto de Cultura Puertorrique\u00f1a (ICP) anunci\u00f3 que celebrar\u00e1 la Semana de los Archivos Hist\u00f3ricos 2025, con actividades el 17 y 18 de noviembre en el Archivo General de Puerto Rico (AGPR). Esta edici\u00f3n, en colaboraci\u00f3n con la Oficina Estatal de Conservaci\u00f3n Hist\u00f3rica (OECH), estar\u00e1 dedicada al tema \u201cLa investigaci\u00f3n de archivos para emprender proyectos de rehabilitaci\u00f3n y de construcci\u00f3n en Puerto Rico\u201d. Todas las actividades ser\u00e1n libres de costo y se llevar\u00e1n a cabo en la sede del AGPR, ubicada en la Avenida Constituci\u00f3n en Puerta de Tierra, frente al Parque Luis Mu\u00f1oz Rivera.<\/font><\/p>\n<p align=\"justify\"><font size=\"3\">\u201cEn la Semana de los Archivos Hist\u00f3ricos en Puerto Rico rendimos homenaje a nuestro valioso patrimonio documental. El Archivo General representa la memoria colectiva de nuestra historia y es una instituci\u00f3n clave para la investigaci\u00f3n, la planificaci\u00f3n y la preservaci\u00f3n del legado hist\u00f3rico de nuestras comunidades. Les invitamos a participar de todas las actividades programadas\u201d, expres\u00f3 Melissa Santana, directora ejecutiva del ICP.<\/font><\/p>\n<p align=\"justify\"><font size=\"3\">Por su parte, la directora interina del Archivo General de Puerto Rico, Marly Ferrer, destac\u00f3 que \u201cel trabajo archiv\u00edstico y la investigaci\u00f3n hist\u00f3rica son esenciales para comprender nuestra memoria y orientar cualquier desarrollo futuro. Los documentos que custodiamos en el Archivo General son piezas vivas de nuestra historia colectiva. Nuestro patrimonio documental nos conecta con nuestras ra\u00edces como pueblo\u201d.<\/font><\/p>\n<p align=\"center\"><font size=\"3\"><a href=\"https:\/\/bobvarela.com\/wp-content\/uploads\/2025\/11\/Proyecto_de_Carretera_de_Caguas_a_Cayey_1875._Manuel_Lopez_Bayo1.jpg\"><img loading=\"lazy\" decoding=\"async\" width=\"468\" height=\"318\" title=\"Proyecto_de_Carretera_de_Caguas_a_Cayey,_1875._Manuel_Lopez_Bayo[1]\" style=\"display: inline; background-image: none;\" alt=\"Proyecto_de_Carretera_de_Caguas_a_Cayey,_1875._Manuel_Lopez_Bayo[1]\" src=\"https:\/\/bobvarela.com\/wp-content\/uploads\/2025\/11\/Proyecto_de_Carretera_de_Caguas_a_Cayey_1875._Manuel_Lopez_Bayo1_thumb.jpg\" border=\"0\"\/><\/a><\/font><\/p>\n<p align=\"justify\"><font size=\"3\">La programaci\u00f3n comenzar\u00e1 el lunes, 17 de noviembre a las 10:00 a.m., con la Lectura de la Proclama oficial y un conversatorio sobre la importancia de la investigaci\u00f3n archiv\u00edstica en proyectos de construcci\u00f3n y rehabilitaci\u00f3n en Puerto Rico. En este di\u00e1logo participar\u00e1n el Ing. Jos\u00e9 Izquierdo, el Arq. Jorge Ortiz Colom, PhD, y la Arqlga. Aida Bel\u00e9n Rivera. Ese mismo d\u00eda se inaugurar\u00e1 la exposici\u00f3n \u201cSiguiendo el rastro del plan carretero espa\u00f1ol de 1860: documentos y recursos\u201d, que presenta una selecci\u00f3n de materiales hist\u00f3ricos relacionados con el desarrollo del sistema vial planificado y construido durante el periodo colonial espa\u00f1ol.<\/font><\/p>\n<p align=\"justify\"><font size=\"3\">El martes, 18 de noviembre a las 6:00 p.m., se presentar\u00e1 el libro El Plan Carretero de Puerto Rico de 1860: historia y legado, escrito por Juan Llanes Santos, PhD, especialista en propiedad hist\u00f3rica de la OECH. La publicaci\u00f3n examina la evoluci\u00f3n de las principales carreteras del pa\u00eds y su impacto en el desarrollo econ\u00f3mico y social del siglo XIX. Esta edici\u00f3n de la Semana de los Archivos Hist\u00f3ricos se articula precisamente en torno a este proyecto editorial, que recopila en dos vol\u00famenes una extensa investigaci\u00f3n sobre el plan carretero elaborado por la Corona Espa\u00f1ola en 1859 y reorganizado en 1867. El estudio destaca tres carreteras de primer orden: la Carretera Central (PR-1; PR-14; PR-735), la Carretera n.\u00ba 4 (PR-15) y la Carretera n.\u00ba 6 (PR-123; PR-10). Estas carreteras fueron nominadas e inscritas en el Registro Nacional de Lugares Hist\u00f3ricos del Departamento del Interior entre 2019 y 2021. El segundo tomo del libro incluye una amplia documentaci\u00f3n visual de obras de ingenier\u00eda que a\u00fan permanecen en pie, invitando a redescubrir un proyecto fundamental en la transformaci\u00f3n del paisaje puertorrique\u00f1o. Durante la presentaci\u00f3n, el autor estar\u00e1 acompa\u00f1ado por el historiador Dr. Francisco Moscoso y el Ing. Jos\u00e9 \u201cPepe\u201d Izquierdo, quienes ofrecer\u00e1n comentarios y reflexiones sobre la obra.<\/font><\/p>\n<p align=\"center\"><font size=\"3\"><a href=\"https:\/\/bobvarela.com\/wp-content\/uploads\/2025\/11\/PR14_km19.jpg\"><img loading=\"lazy\" decoding=\"async\" width=\"452\" height=\"222\" title=\"PR14_km19\" style=\"display: inline; background-image: none;\" alt=\"PR14_km19\" src=\"https:\/\/bobvarela.com\/wp-content\/uploads\/2025\/11\/PR14_km19_thumb.jpg\" border=\"0\"\/><\/a><\/font><\/p>\n<p align=\"justify\"><font size=\"3\">\u201cEsta publicaci\u00f3n representa la culminaci\u00f3n de un monumental proyecto de investigaci\u00f3n de nuestro historiador Juan Llanes Santos, cuyas bases surgieron al preparar las nominaciones de estas carreteras al Registro Nacional de Lugares Hist\u00f3ricos. Felicitamos al colega por completar este valioso estudio y ponerlo al alcance de un p\u00fablico m\u00e1s amplio\u201d, manifest\u00f3 Carlos A. Rubio Cancela, director ejecutivo de la OECH.<\/font><\/p>\n<p align=\"justify\"><font size=\"3\">El Archivo General de Puerto Rico tiene como misi\u00f3n custodiar, conservar y divulgar el patrimonio hist\u00f3rico documental del pa\u00eds. Con esta actividad, el AGPR comienza a poner a disposici\u00f3n sus espacios para que investigadores presenten publicaciones basadas en los recursos de su acervo.<\/font><\/p>\n<p align=\"justify\"><font size=\"3\">Para m\u00e1s informaci\u00f3n, puede comunicarse al 787-725-1060 ext. 2015 o visitar nuestras redes sociales en Facebook, Instagram y X.<\/font><\/p>\n","protected":false},"excerpt":{"rendered":"<p>El Instituto de Cultura Puertorrique\u00f1a (ICP) anunci\u00f3 que celebrar\u00e1 la Semana de los Archivos Hist\u00f3ricos 2025, con actividades el 17 y 18 de noviembre en el Archivo General de Puerto Rico (AGPR). Esta edici\u00f3n, en colaboraci\u00f3n con la Oficina Estatal&hellip;<\/p>\n<p class=\"more-link-p\"><a class=\"more-link\" href=\"https:\/\/bobvarela.com\/?p=175572\">Read more &rarr;<\/a><\/p>\n","protected":false},"author":1,"featured_media":0,"comment_status":"open","ping_status":"open","sticky":false,"template":"","format":"standard","meta":{"ngg_post_thumbnail":0,"footnotes":""},"categories":[3],"tags":[],"class_list":["post-175572","post","type-post","status-publish","format-standard","hentry","category-actividades"],"_links":{"self":[{"href":"https:\/\/bobvarela.com\/index.php?rest_route=\/wp\/v2\/posts\/175572","targetHints":{"allow":["GET"]}}],"collection":[{"href":"https:\/\/bobvarela.com\/index.php?rest_route=\/wp\/v2\/posts"}],"about":[{"href":"https:\/\/bobvarela.com\/index.php?rest_route=\/wp\/v2\/types\/post"}],"author":[{"embeddable":true,"href":"https:\/\/bobvarela.com\/index.php?rest_route=\/wp\/v2\/users\/1"}],"replies":[{"embeddable":true,"href":"https:\/\/bobvarela.com\/index.php?rest_route=%2Fwp%2Fv2%2Fcomments&post=175572"}],"version-history":[{"count":1,"href":"https:\/\/bobvarela.com\/index.php?rest_route=\/wp\/v2\/posts\/175572\/revisions"}],"predecessor-version":[{"id":175573,"href":"https:\/\/bobvarela.com\/index.php?rest_route=\/wp\/v2\/posts\/175572\/revisions\/175573"}],"wp:attachment":[{"href":"https:\/\/bobvarela.com\/index.php?rest_route=%2Fwp%2Fv2%2Fmedia&parent=175572"}],"wp:term":[{"taxonomy":"category","embeddable":true,"href":"https:\/\/bobvarela.com\/index.php?rest_route=%2Fwp%2Fv2%2Fcategories&post=175572"},{"taxonomy":"post_tag","embeddable":true,"href":"https:\/\/bobvarela.com\/index.php?rest_route=%2Fwp%2Fv2%2Ftags&post=175572"}],"curies":[{"name":"wp","href":"https:\/\/api.w.org\/{rel}","templated":true}]}}