{"id":175654,"date":"2025-12-01T06:43:31","date_gmt":"2025-12-01T10:43:31","guid":{"rendered":"https:\/\/bobvarela.com\/?p=175654"},"modified":"2025-12-01T06:43:31","modified_gmt":"2025-12-01T10:43:31","slug":"desfile-de-moda-yuki-torii-primavera-verano-2026","status":"publish","type":"post","link":"https:\/\/bobvarela.com\/?p=175654","title":{"rendered":"Desfile de moda Yuki Torii Primavera-Verano 2026"},"content":{"rendered":"<p align=\"justify\"><font size=\"3\">La presentaci\u00f3n de la colecci\u00f3n primavera-verano 2026 de Yuki Torii comenz\u00f3 con una declaraci\u00f3n serena pero decidida: un abrigo largo impreso como un lienzo gastado por el viaje, creando un ambiente de recuerdo y alegr\u00eda de vivir que recorri\u00f3 toda la colecci\u00f3n.<\/font><\/p>\n<p><font size=\"3\"><\/p>\n<p align=\"justify\"><font size=\"3\"><\/font><\/p>\n<p align=\"justify\"><font size=\"3\">El dise\u00f1ador equilibr\u00f3 h\u00e1bilmente los motivos pict\u00f3ricos\u2014patrones abstractos que evocaban las olas y las calles ba\u00f1adas por el sol del sur de Francia\u2014con estampados geom\u00e9tricos precisos, unific\u00e1ndolos mediante paletas contenidas y monotonas. El juego texturizado fue lo m\u00e1s destacado: abrigos cortos y prendas cortadas y cosido adornadas con bijoux tipo joya captaban las luces de la pasarela, mientras que los materiales mezclados en capas aportaban movimiento a los estampados florales, creando una sensibilidad relajada y de lujo que resultaba a la vez moderna y atemporal.<\/font><\/p>\n<p><\/font><font size=\"3\"><\/p>\n<p align=\"justify\"><font size=\"3\"><\/font><\/p>\n<p><\/font><\/p>\n<p align=\"justify\"><font size=\"3\"><\/font><font size=\"3\"><\/font><font size=\"3\">El color y la silueta manten\u00edan la energ\u00eda viva; Conjuntos de punto en rosa caramelo y verde esmeralda contrastaban con un vestido azotado por el viento en un rojo-anaranjado vibrante que parec\u00eda un estallido de sol en toda la serie. El talento de Yuki Torii para combinar tejidos y patrones dispares en looks coherentes y armonizados con colores estaba a la vista, ofreciendo arte ponible en lugar de mera novedad. En conjunto, la colecci\u00f3n logr\u00f3 un romanticismo navide\u00f1o pulido\u2014elegante, optimista y claramente torii\u2014invitando al p\u00fablico a adentrarse en una temporada luminosa y despreocupada.<\/font><\/p>\n<p><font size=\"3\"><\/font><font size=\"3\"><\/font><font size=\"3\"><strong><em>ngg_shortcode_0_placeholder<\/em><\/strong><\/font><\/p>\n","protected":false},"excerpt":{"rendered":"<p>La presentaci\u00f3n de la colecci\u00f3n primavera-verano 2026 de Yuki Torii comenz\u00f3 con una declaraci\u00f3n serena pero decidida: un abrigo largo impreso como un lienzo gastado por el viaje, creando un ambiente de recuerdo y alegr\u00eda de vivir que recorri\u00f3 toda&hellip;<\/p>\n<p class=\"more-link-p\"><a class=\"more-link\" href=\"https:\/\/bobvarela.com\/?p=175654\">Read more &rarr;<\/a><\/p>\n","protected":false},"author":1,"featured_media":0,"comment_status":"open","ping_status":"open","sticky":false,"template":"","format":"standard","meta":{"ngg_post_thumbnail":0,"footnotes":""},"categories":[4],"tags":[],"class_list":["post-175654","post","type-post","status-publish","format-standard","hentry","category-moda"],"_links":{"self":[{"href":"https:\/\/bobvarela.com\/index.php?rest_route=\/wp\/v2\/posts\/175654","targetHints":{"allow":["GET"]}}],"collection":[{"href":"https:\/\/bobvarela.com\/index.php?rest_route=\/wp\/v2\/posts"}],"about":[{"href":"https:\/\/bobvarela.com\/index.php?rest_route=\/wp\/v2\/types\/post"}],"author":[{"embeddable":true,"href":"https:\/\/bobvarela.com\/index.php?rest_route=\/wp\/v2\/users\/1"}],"replies":[{"embeddable":true,"href":"https:\/\/bobvarela.com\/index.php?rest_route=%2Fwp%2Fv2%2Fcomments&post=175654"}],"version-history":[{"count":1,"href":"https:\/\/bobvarela.com\/index.php?rest_route=\/wp\/v2\/posts\/175654\/revisions"}],"predecessor-version":[{"id":175655,"href":"https:\/\/bobvarela.com\/index.php?rest_route=\/wp\/v2\/posts\/175654\/revisions\/175655"}],"wp:attachment":[{"href":"https:\/\/bobvarela.com\/index.php?rest_route=%2Fwp%2Fv2%2Fmedia&parent=175654"}],"wp:term":[{"taxonomy":"category","embeddable":true,"href":"https:\/\/bobvarela.com\/index.php?rest_route=%2Fwp%2Fv2%2Fcategories&post=175654"},{"taxonomy":"post_tag","embeddable":true,"href":"https:\/\/bobvarela.com\/index.php?rest_route=%2Fwp%2Fv2%2Ftags&post=175654"}],"curies":[{"name":"wp","href":"https:\/\/api.w.org\/{rel}","templated":true}]}}