{"id":175658,"date":"2025-12-03T08:21:30","date_gmt":"2025-12-03T12:21:30","guid":{"rendered":"https:\/\/bobvarela.com\/?p=175658"},"modified":"2025-12-03T08:21:30","modified_gmt":"2025-12-03T12:21:30","slug":"juntos-por-ltima-vez-en-objetivo-fama-el-concierto","status":"publish","type":"post","link":"https:\/\/bobvarela.com\/?p=175658","title":{"rendered":"Juntos por &uacute;ltima vez en Objetivo Fama El Concierto"},"content":{"rendered":"<p align=\"center\"><font size=\"3\"><a href=\"https:\/\/bobvarela.com\/wp-content\/uploads\/2025\/12\/OF-pic-.jpg\"><img loading=\"lazy\" decoding=\"async\" width=\"296\" height=\"370\" title=\"OF pic \" style=\"display: inline; background-image: none;\" alt=\"OF pic \" src=\"https:\/\/bobvarela.com\/wp-content\/uploads\/2025\/12\/OF-pic-_thumb.jpg\" border=\"0\"\/><\/a><\/font><\/p>\n<p align=\"justify\"><font size=\"3\">Por una sola noche, las 20 estrellas de Objetivo Fama se reunir\u00e1n en un mismo escenario para ofrecer un espect\u00e1culo inolvidable este pr\u00f3ximo domingo, 14 de diciembre, en el Coca-Cola Music Hall.<\/font><\/p>\n<p align=\"justify\"><font size=\"3\">El p\u00fablico podr\u00e1 revivir los grandes \u00e9xitos de la temporada, desde los d\u00faos de las parejas que se enamoraron en el reality, hasta las en\u00e9rgicas actuaciones que llevaron a Dionicio a coronarse como ganador. Adem\u00e1s, disfrutar\u00e1n de cl\u00e1sicos de Juan Gabriel, Olga Ta\u00f1\u00f3n, Ednita Nazario y Jos\u00e9 Jos\u00e9, interpretados magistralmente por los finalistas Cristian, Yancy y Sheila, garantizando momentos de emoci\u00f3n, nostalgia y puro espect\u00e1culo.<\/font><\/p>\n<p align=\"justify\"><font size=\"3\">Cada presentaci\u00f3n promete ser un viaje lleno de energ\u00eda y pasi\u00f3n, donde los recuerdos del reality se mezclan con la magia de la m\u00fasica en vivo, creando una experiencia que los fan\u00e1ticos no olvidar\u00e1n. Habr\u00e1 sorpresas, historias detr\u00e1s del escenario y momentos que revelan la dedicaci\u00f3n y el talento que hicieron de Objetivo Fama un fen\u00f3meno musical en Puerto Rico.<\/font><\/p>\n<p align=\"justify\"><font size=\"3\">La velada comenzar\u00e1 a las 4:30pm, y contar\u00e1 adem\u00e1s con la participaci\u00f3n especial de Ana\u00eds, ganadora de la segunda temporada, quien deleitar\u00e1 al p\u00fablico con su poderosa voz, sumando un toque \u00fanico y memorable a la noche.<\/font><\/p>\n","protected":false},"excerpt":{"rendered":"<p>Por una sola noche, las 20 estrellas de Objetivo Fama se reunir\u00e1n en un mismo escenario para ofrecer un espect\u00e1culo inolvidable este pr\u00f3ximo domingo, 14 de diciembre, en el Coca-Cola Music Hall. El p\u00fablico podr\u00e1 revivir los grandes \u00e9xitos de&hellip;<\/p>\n<p class=\"more-link-p\"><a class=\"more-link\" href=\"https:\/\/bobvarela.com\/?p=175658\">Read more &rarr;<\/a><\/p>\n","protected":false},"author":1,"featured_media":0,"comment_status":"open","ping_status":"open","sticky":false,"template":"","format":"standard","meta":{"ngg_post_thumbnail":0,"footnotes":""},"categories":[3],"tags":[],"class_list":["post-175658","post","type-post","status-publish","format-standard","hentry","category-actividades"],"_links":{"self":[{"href":"https:\/\/bobvarela.com\/index.php?rest_route=\/wp\/v2\/posts\/175658","targetHints":{"allow":["GET"]}}],"collection":[{"href":"https:\/\/bobvarela.com\/index.php?rest_route=\/wp\/v2\/posts"}],"about":[{"href":"https:\/\/bobvarela.com\/index.php?rest_route=\/wp\/v2\/types\/post"}],"author":[{"embeddable":true,"href":"https:\/\/bobvarela.com\/index.php?rest_route=\/wp\/v2\/users\/1"}],"replies":[{"embeddable":true,"href":"https:\/\/bobvarela.com\/index.php?rest_route=%2Fwp%2Fv2%2Fcomments&post=175658"}],"version-history":[{"count":1,"href":"https:\/\/bobvarela.com\/index.php?rest_route=\/wp\/v2\/posts\/175658\/revisions"}],"predecessor-version":[{"id":175659,"href":"https:\/\/bobvarela.com\/index.php?rest_route=\/wp\/v2\/posts\/175658\/revisions\/175659"}],"wp:attachment":[{"href":"https:\/\/bobvarela.com\/index.php?rest_route=%2Fwp%2Fv2%2Fmedia&parent=175658"}],"wp:term":[{"taxonomy":"category","embeddable":true,"href":"https:\/\/bobvarela.com\/index.php?rest_route=%2Fwp%2Fv2%2Fcategories&post=175658"},{"taxonomy":"post_tag","embeddable":true,"href":"https:\/\/bobvarela.com\/index.php?rest_route=%2Fwp%2Fv2%2Ftags&post=175658"}],"curies":[{"name":"wp","href":"https:\/\/api.w.org\/{rel}","templated":true}]}}