{"id":175668,"date":"2025-12-03T08:56:31","date_gmt":"2025-12-03T12:56:31","guid":{"rendered":"https:\/\/bobvarela.com\/?p=175668"},"modified":"2025-12-03T08:56:31","modified_gmt":"2025-12-03T12:56:31","slug":"orquesta-sinfnica-de-puerto-rico-abre-nueva-funcin-de-su-parrandn-sinfnico","status":"publish","type":"post","link":"https:\/\/bobvarela.com\/?p=175668","title":{"rendered":"Orquesta Sinf&oacute;nica de Puerto Rico abre nueva funci&oacute;n de su Parrand&oacute;n Sinf&oacute;nico"},"content":{"rendered":"<p align=\"center\"><font size=\"3\"><a href=\"https:\/\/bobvarela.com\/wp-content\/uploads\/2025\/12\/OSPRConciertoNavidad.jpg\"><img loading=\"lazy\" decoding=\"async\" width=\"354\" height=\"238\" title=\"OSPRConciertoNavidad\" style=\"display: inline; background-image: none;\" alt=\"OSPRConciertoNavidad\" src=\"https:\/\/bobvarela.com\/wp-content\/uploads\/2025\/12\/OSPRConciertoNavidad_thumb.jpg\" border=\"0\"\/><\/a><\/font><\/p>\n<p align=\"justify\"><font size=\"3\">La Orquesta Sinf\u00f3nica de Puerto Rico (OSPR) anunci\u00f3 que abri\u00f3 una nueva funci\u00f3n de su tradicional concierto de Navidad, Parrand\u00f3n Sinf\u00f3nico, para el viernes, 19 de diciembre, a las 7:00 p.m., la cual se suma a la ya anunciada funci\u00f3n del s\u00e1bado, 20 de diciembre. Asimismo, celebrar\u00e1 el concierto Reyando con tu Sinf\u00f3nica el domingo, 4 de enero de 2026, a las 5:00 p.m. Ambos conciertos se presentar\u00e1n en la Sala de Festivales Antonio Paoli del Centro de Bellas Artes Luis A. Ferr\u00e9 (CBA) en Santurce, bajo la direcci\u00f3n del maestro Rosel\u00edn Pab\u00f3n, director em\u00e9rito de la OSPR.<\/font><\/p>\n<p align=\"justify\"><font size=\"3\">Por m\u00e1s de tres d\u00e9cadas, el maestro Pab\u00f3n ha guiado este encuentro musical, convirti\u00e9ndolo en uno de los eventos m\u00e1s esperados de la Navidad puertorrique\u00f1a. Con su estilo inconfundible y su profundo amor por la tradici\u00f3n, el concierto navide\u00f1o de la OSPR se ha consolidado como un verdadero s\u00edmbolo de uni\u00f3n, esperanza y celebraci\u00f3n en la \u00e9poca m\u00e1s festiva de Puerto Rico.<\/font><\/p>\n<p align=\"center\"><font size=\"3\"><a href=\"https:\/\/bobvarela.com\/wp-content\/uploads\/2025\/12\/RoselinPabon_Sinfonica_Navidad.jpg\"><img loading=\"lazy\" decoding=\"async\" width=\"389\" height=\"261\" title=\"RoselinPabon_Sinfonica_Navidad\" style=\"display: inline; background-image: none;\" alt=\"RoselinPabon_Sinfonica_Navidad\" src=\"https:\/\/bobvarela.com\/wp-content\/uploads\/2025\/12\/RoselinPabon_Sinfonica_Navidad_thumb.jpg\" border=\"0\"\/><\/a><\/font><\/p>\n<p align=\"justify\"><font size=\"3\">Para esta nueva edici\u00f3n, la Orquesta Sinf\u00f3nica presentar\u00e1 un programa que combina la grandeza de lo sinf\u00f3nico con la calidez de nuestras ra\u00edces musicales. La velada contar\u00e1 con la participaci\u00f3n de Deciman\u00eda de Puerto Rico y sus trovadores Omar Santiago, Roberto Silva, Jovino Gonz\u00e1lez y Samuel Quijano. Tambi\u00e9n participar\u00e1n la trovadora Shamira L. Santiago, el acordeonista H\u00e9ctor Quijano, el virtuoso cuatrista Christian Nieves, el bar\u00edtono Gabriel Natal, el Coro Nacional de Puerto Rico y el Coro del Conservatorio de M\u00fasica de Puerto Rico, quienes acompa\u00f1ar\u00e1n a la orquesta en un homenaje vibrante a la cultura puertorrique\u00f1a que une lo cl\u00e1sico con lo popular. La primera parte del concierto estar\u00e1 dedicada a canciones navide\u00f1as reconocidas internacionalmente, mientras que la segunda parte presentar\u00e1 un recorrido por la m\u00fasica t\u00edpica puertorrique\u00f1a, exaltando el esp\u00edritu festivo y las tradiciones de nuestra Isla.<\/font><\/p>\n<p align=\"center\"><font size=\"3\"><a href=\"https:\/\/bobvarela.com\/wp-content\/uploads\/2025\/12\/ReyandoSinfonica.jpg\"><img loading=\"lazy\" decoding=\"async\" width=\"380\" height=\"255\" title=\"ReyandoSinfonica\" style=\"display: inline; background-image: none;\" alt=\"ReyandoSinfonica\" src=\"https:\/\/bobvarela.com\/wp-content\/uploads\/2025\/12\/ReyandoSinfonica_thumb.jpg\" border=\"0\"\/><\/a><\/font><\/p>\n<p align=\"justify\"><font size=\"3\">El repertorio incluir\u00e1 obras de gran belleza como Alleluia! Venite Gaudete Grand Processional de Gary Fry; Jornadas: Three Traditional Spanish Carols de Gary Fry; Amanecer de Monserrate Ferrer; Canci\u00f3n del Tamborilero de Katherine K. Davis; O Holy Night de Adolphe-Charles Adam; y una nueva versi\u00f3n sinf\u00f3nica de Navidad que vuelve de Benito de Jes\u00fas, con arreglos de Raymond Torres-Santos y Emmanuel Segarra. Tambi\u00e9n se interpretar\u00e1n The Impossible Dream de Mitch Leigh, Villancico Yaucano de Amaury Veray, Largo al fact\u00f3tum de Il barbiere di Siviglia de Gioachino Rossini, y Hallelujah del oratorio El Mes\u00edas de George Frideric Handel.<\/font><\/p>\n<p align=\"justify\"><font size=\"3\">En la segunda parte, el p\u00fablico disfrutar\u00e1 de una explosi\u00f3n de ritmos t\u00edpicos con temas como Aguinaldo Cag\u00fce\u00f1o de Zayas; Seis Marumba: Parranda de verdad de Omar Santiago; Por ah\u00ed, por ah\u00ed de Samuel Quijano; Yo te traigo una parranda; Negrura de Christian Nieves; Aires navide\u00f1os de Roberto Silva; Seis Fajarde\u00f1o (d\u00e9cimas improvisadas); y el Medley T\u00edpico Navide\u00f1o de Mandy Vizoso, que promete encender el esp\u00edritu navide\u00f1o con alegr\u00eda y orgullo boricua.<\/font><\/p>\n<p align=\"center\"><font size=\"3\"><a href=\"https:\/\/bobvarela.com\/wp-content\/uploads\/2025\/12\/JovinoGonzalez_ChristianNieves_RoselinPabon_b.jpg\"><img loading=\"lazy\" decoding=\"async\" width=\"386\" height=\"283\" title=\"JovinoGonzalez_ChristianNieves_RoselinPabon_b\" style=\"display: inline; background-image: none;\" alt=\"JovinoGonzalez_ChristianNieves_RoselinPabon_b\" src=\"https:\/\/bobvarela.com\/wp-content\/uploads\/2025\/12\/JovinoGonzalez_ChristianNieves_RoselinPabon_b_thumb.jpg\" border=\"0\"\/><\/a><\/font><\/p>\n<p align=\"justify\"><font size=\"3\">La celebraci\u00f3n continuar\u00e1 con el concierto Reyando con tu Sinf\u00f3nica, que se presentar\u00e1 el domingo, 4 de enero de 2026, a las 5:00 p.m., tambi\u00e9n en la Sala de Festivales Antonio Paoli. Este evento especial, dedicado al D\u00eda de Reyes, celebra la magia de la Epifan\u00eda y resalta el talento de j\u00f3venes m\u00fasicos, trovadores y cantantes desde los cinco a\u00f1os en adelante.<\/font><\/p>\n<p align=\"justify\"><font size=\"3\">Fiel a su car\u00e1cter familiar y festivo, Reyando con tu Sinf\u00f3nica combina la m\u00fasica t\u00edpica puertorrique\u00f1a con joyas cl\u00e1sicas internacionales en un ambiente lleno de ternura, entusiasmo y esperanza. Ser\u00e1 una tarde que celebra el futuro de la m\u00fasica puertorrique\u00f1a y reafirma el compromiso de la OSPR con la educaci\u00f3n, la cultura y la excelencia art\u00edstica.<\/font><\/p>\n","protected":false},"excerpt":{"rendered":"<p>La Orquesta Sinf\u00f3nica de Puerto Rico (OSPR) anunci\u00f3 que abri\u00f3 una nueva funci\u00f3n de su tradicional concierto de Navidad, Parrand\u00f3n Sinf\u00f3nico, para el viernes, 19 de diciembre, a las 7:00 p.m., la cual se suma a la ya anunciada funci\u00f3n&hellip;<\/p>\n<p class=\"more-link-p\"><a class=\"more-link\" href=\"https:\/\/bobvarela.com\/?p=175668\">Read more &rarr;<\/a><\/p>\n","protected":false},"author":1,"featured_media":0,"comment_status":"open","ping_status":"open","sticky":false,"template":"","format":"standard","meta":{"ngg_post_thumbnail":0,"footnotes":""},"categories":[3,127],"tags":[],"class_list":["post-175668","post","type-post","status-publish","format-standard","hentry","category-actividades","category-musica"],"_links":{"self":[{"href":"https:\/\/bobvarela.com\/index.php?rest_route=\/wp\/v2\/posts\/175668","targetHints":{"allow":["GET"]}}],"collection":[{"href":"https:\/\/bobvarela.com\/index.php?rest_route=\/wp\/v2\/posts"}],"about":[{"href":"https:\/\/bobvarela.com\/index.php?rest_route=\/wp\/v2\/types\/post"}],"author":[{"embeddable":true,"href":"https:\/\/bobvarela.com\/index.php?rest_route=\/wp\/v2\/users\/1"}],"replies":[{"embeddable":true,"href":"https:\/\/bobvarela.com\/index.php?rest_route=%2Fwp%2Fv2%2Fcomments&post=175668"}],"version-history":[{"count":1,"href":"https:\/\/bobvarela.com\/index.php?rest_route=\/wp\/v2\/posts\/175668\/revisions"}],"predecessor-version":[{"id":175669,"href":"https:\/\/bobvarela.com\/index.php?rest_route=\/wp\/v2\/posts\/175668\/revisions\/175669"}],"wp:attachment":[{"href":"https:\/\/bobvarela.com\/index.php?rest_route=%2Fwp%2Fv2%2Fmedia&parent=175668"}],"wp:term":[{"taxonomy":"category","embeddable":true,"href":"https:\/\/bobvarela.com\/index.php?rest_route=%2Fwp%2Fv2%2Fcategories&post=175668"},{"taxonomy":"post_tag","embeddable":true,"href":"https:\/\/bobvarela.com\/index.php?rest_route=%2Fwp%2Fv2%2Ftags&post=175668"}],"curies":[{"name":"wp","href":"https:\/\/api.w.org\/{rel}","templated":true}]}}