{"id":175676,"date":"2025-12-03T09:22:23","date_gmt":"2025-12-03T13:22:23","guid":{"rendered":"https:\/\/bobvarela.com\/?p=175676"},"modified":"2025-12-03T09:22:23","modified_gmt":"2025-12-03T13:22:23","slug":"se-llena-de-amor-la-pasarela-de-san-juan-moda","status":"publish","type":"post","link":"https:\/\/bobvarela.com\/?p=175676","title":{"rendered":"Se llena de amor la Pasarela de San Juan Moda"},"content":{"rendered":"<p align=\"center\"><font size=\"3\"><a href=\"https:\/\/bobvarela.com\/wp-content\/uploads\/2025\/12\/IMG_7959.jpg\"><img loading=\"lazy\" decoding=\"async\" width=\"361\" height=\"205\" title=\"IMG_7959\" style=\"display: inline; background-image: none;\" alt=\"IMG_7959\" src=\"https:\/\/bobvarela.com\/wp-content\/uploads\/2025\/12\/IMG_7959_thumb.jpg\" border=\"0\"\/><\/a><\/font><\/p>\n<p align=\"justify\"><font size=\"3\">San Juan Moda uni\u00f3 la creatividad, sensibilidad y compromiso social de 45 dise\u00f1adores puertorrique\u00f1os en el evento especial \u201cLa fuerza de la vida\u201d, un desfile celebrado en conmemoraci\u00f3n del D\u00eda Internacional del VIH\/SIDA.<\/font><\/p>\n<p align=\"justify\"><font size=\"3\">El evento reuni\u00f3 a talentos consagrados y emergentes que, a trav\u00e9s de su arte, destacaron un mensaje de apoyo, inclusi\u00f3n, educaci\u00f3n y esperanza para las comunidades afectadas por el VIH.<\/font><\/p>\n<p align=\"center\"><font size=\"3\"><a href=\"https:\/\/bobvarela.com\/wp-content\/uploads\/2025\/12\/IMG_7954.jpg\"><img loading=\"lazy\" decoding=\"async\" width=\"363\" height=\"246\" title=\"IMG_7954\" style=\"display: inline; background-image: none;\" alt=\"IMG_7954\" src=\"https:\/\/bobvarela.com\/wp-content\/uploads\/2025\/12\/IMG_7954_thumb.jpg\" border=\"0\"\/><\/a><\/font><\/p>\n<p align=\"justify\"><font size=\"3\">\u201cA nombre de San Juan Moda, queremos expresar nuestro m\u00e1s profundo agradecimiento a cada uno de los dise\u00f1adores que se unieron a \u2018La fuerza de la vida\u2019. Gracias por decir presente, por aportar su creatividad y por vestir de esperanza una causa que toca tantas vidas. Su compromiso, talento y solidaridad demostraron que la moda tambi\u00e9n es una plataforma de conciencia, respeto y apoyo comunitario\u201d, expres\u00f3 Carlos Berm\u00fadez, presidente de San Juan Moda.<\/font><\/p>\n<p align=\"center\"><font size=\"3\"><a href=\"https:\/\/bobvarela.com\/wp-content\/uploads\/2025\/12\/IMG_7951.jpg\"><img loading=\"lazy\" decoding=\"async\" width=\"346\" height=\"211\" title=\"IMG_7951\" style=\"display: inline; background-image: none;\" alt=\"IMG_7951\" src=\"https:\/\/bobvarela.com\/wp-content\/uploads\/2025\/12\/IMG_7951_thumb.jpg\" border=\"0\"\/><\/a><\/font><\/p>\n<p align=\"justify\"><font size=\"3\">Cada pieza presentada fue un recordatorio poderoso de que el arte y la sensibilidad pueden transformar conversaciones, inspirar cambios y crear espacios donde todos se sientan vistos y acompa\u00f1ados.<\/font><\/p>\n<p align=\"justify\"><font size=\"3\">\u201cHoy, m\u00e1s que un desfile, logramos juntos un acto de humanidad. Gracias por ser parte esencial de esta misi\u00f3n\u201d, a\u00f1adi\u00f3 Berm\u00fadez.<\/font><\/p>\n<p align=\"justify\"><font size=\"3\"><br \/><\/font><\/p>\n<p align=\"justify\"><font size=\"3\"><br \/><\/font><\/p>\n","protected":false},"excerpt":{"rendered":"<p>San Juan Moda uni\u00f3 la creatividad, sensibilidad y compromiso social de 45 dise\u00f1adores puertorrique\u00f1os en el evento especial \u201cLa fuerza de la vida\u201d, un desfile celebrado en conmemoraci\u00f3n del D\u00eda Internacional del VIH\/SIDA. El evento reuni\u00f3 a talentos consagrados y&hellip;<\/p>\n<p class=\"more-link-p\"><a class=\"more-link\" href=\"https:\/\/bobvarela.com\/?p=175676\">Read more &rarr;<\/a><\/p>\n","protected":false},"author":1,"featured_media":0,"comment_status":"open","ping_status":"open","sticky":false,"template":"","format":"standard","meta":{"ngg_post_thumbnail":0,"footnotes":""},"categories":[3,4,295],"tags":[],"class_list":["post-175676","post","type-post","status-publish","format-standard","hentry","category-actividades","category-moda","category-puerto-rico"],"_links":{"self":[{"href":"https:\/\/bobvarela.com\/index.php?rest_route=\/wp\/v2\/posts\/175676","targetHints":{"allow":["GET"]}}],"collection":[{"href":"https:\/\/bobvarela.com\/index.php?rest_route=\/wp\/v2\/posts"}],"about":[{"href":"https:\/\/bobvarela.com\/index.php?rest_route=\/wp\/v2\/types\/post"}],"author":[{"embeddable":true,"href":"https:\/\/bobvarela.com\/index.php?rest_route=\/wp\/v2\/users\/1"}],"replies":[{"embeddable":true,"href":"https:\/\/bobvarela.com\/index.php?rest_route=%2Fwp%2Fv2%2Fcomments&post=175676"}],"version-history":[{"count":1,"href":"https:\/\/bobvarela.com\/index.php?rest_route=\/wp\/v2\/posts\/175676\/revisions"}],"predecessor-version":[{"id":175677,"href":"https:\/\/bobvarela.com\/index.php?rest_route=\/wp\/v2\/posts\/175676\/revisions\/175677"}],"wp:attachment":[{"href":"https:\/\/bobvarela.com\/index.php?rest_route=%2Fwp%2Fv2%2Fmedia&parent=175676"}],"wp:term":[{"taxonomy":"category","embeddable":true,"href":"https:\/\/bobvarela.com\/index.php?rest_route=%2Fwp%2Fv2%2Fcategories&post=175676"},{"taxonomy":"post_tag","embeddable":true,"href":"https:\/\/bobvarela.com\/index.php?rest_route=%2Fwp%2Fv2%2Ftags&post=175676"}],"curies":[{"name":"wp","href":"https:\/\/api.w.org\/{rel}","templated":true}]}}