{"id":175776,"date":"2025-12-11T10:28:41","date_gmt":"2025-12-11T14:28:41","guid":{"rendered":"https:\/\/bobvarela.com\/?p=175776"},"modified":"2025-12-11T10:28:41","modified_gmt":"2025-12-11T14:28:41","slug":"instituto-de-cultura-puertorriquea-celebrar-su-mercado-navideo-este-sbado-en-su-sede-en-el-viejo-san-juan","status":"publish","type":"post","link":"https:\/\/bobvarela.com\/?p=175776","title":{"rendered":"Instituto de Cultura Puertorrique&ntilde;a celebrar&aacute; su Mercado Navide&ntilde;o este s&aacute;bado en su sede en el Viejo San Juan"},"content":{"rendered":"<p align=\"justify\"><a href=\"https:\/\/bobvarela.com\/wp-content\/uploads\/2025\/12\/Nacimiento-Viviente-con-Tercera-llamada.jpg\"><font size=\"3\"><img loading=\"lazy\" decoding=\"async\" width=\"320\" height=\"240\" title=\"Nacimiento Viviente con Tercera llamada\" style=\"margin-right: auto; margin-left: auto; float: none; display: block; background-image: none;\" alt=\"Nacimiento Viviente con Tercera llamada\" src=\"https:\/\/bobvarela.com\/wp-content\/uploads\/2025\/12\/Nacimiento-Viviente-con-Tercera-llamada_thumb.jpg\" border=\"0\"\/><\/font><\/a><\/p>\n<p align=\"justify\"><font size=\"3\">El Instituto de Cultura Puertorrique\u00f1a (ICP) anunci\u00f3 que celebrar\u00e1 su tradicional Mercado Navide\u00f1o este s\u00e1bado, 13 de diciembre, de 10:00 a.m. a 7:00 p.m., en su sede en el Viejo San Juan. Los asistentes podr\u00e1n realizar sus compras navide\u00f1as en un ambiente familiar con una amplia muestra de artesan\u00edas, artes pl\u00e1sticas, libreros, emprendimiento creativo y organizaciones sin fines de lucro. Como parte del evento, el p\u00fablico tambi\u00e9n podr\u00e1 disfrutar del 26to Encuentro de Talladoras de Santos. <\/font><\/p>\n<p align=\"justify\"><font size=\"3\">\u201cEl Mercado Navide\u00f1o es una oportunidad extraordinaria para que el p\u00fablico apoye directamente a nuestros artesanos y artistas pl\u00e1sticos, mientras adquiere regalos \u00fanicos creados por manos puertorrique\u00f1as\u201d, expres\u00f3 la directora ejecutiva del ICP, Melissa Santana. De igual forma, destac\u00f3 que \u201cen esta edici\u00f3n, en la que se integra el 26to Encuentro de Talladoras y se reconoce la labor invaluable de las mujeres que preservan esta tradici\u00f3n artesanal, nos llena de alegr\u00eda convertir nuestra Sede en un punto de encuentro familiar donde se unen la compra consciente, la expresi\u00f3n art\u00edstica y el orgullo por nuestra cultura\u201d.<\/font><\/p>\n<p align=\"center\"><font size=\"3\"><a href=\"https:\/\/bobvarela.com\/wp-content\/uploads\/2025\/12\/mercado-navideno-2.jpg\"><img loading=\"lazy\" decoding=\"async\" width=\"355\" height=\"267\" title=\"mercado navide&ntilde;o 2\" style=\"display: inline; background-image: none;\" alt=\"mercado navide&ntilde;o 2\" src=\"https:\/\/bobvarela.com\/wp-content\/uploads\/2025\/12\/mercado-navideno-2_thumb.jpg\" border=\"0\"\/><\/a><\/font><\/p>\n<p align=\"justify\"><font size=\"3\">Este a\u00f1o, el Mercado Navide\u00f1o contar\u00e1 con m\u00e1s de 130 recursos art\u00edsticos, entre artesanos, m\u00fasicos, artistas pl\u00e1sticos, comparsas. Programaci\u00f3n para todas las edades.<\/font><\/p>\n<p align=\"justify\"><font size=\"3\">Las actividades comenzar\u00e1n a partir de las 10:00 a.m. con el mercado y Al mismo tiempo, se llevar\u00e1 a cabo el 26to Encuentro de Talladoras, as\u00ed como las exposiciones \u201c26 A\u00f1os de Trayectoria del Colectivo de Talladoras de Santos\u201d y \u201cMundillo de Nuestro Tiempo\u201d en la Galer\u00eda La Sede. La variada oferta tambi\u00e9n incluir\u00e1 un Nacimiento Viviente del colectivo Tercera Llamada, programado para las 11:00 a.m. La representaci\u00f3n se realizar\u00e1 en el Patio Sur y en el exterior de la Sede, donde el p\u00fablico podr\u00e1 tomarse fotograf\u00edas.<\/font><\/p>\n<p align=\"center\"><font size=\"3\"><a href=\"https:\/\/bobvarela.com\/wp-content\/uploads\/2025\/12\/mercado-navideno-4.jpg\"><img loading=\"lazy\" decoding=\"async\" width=\"381\" height=\"256\" title=\"mercado navide&ntilde;o 4\" style=\"display: inline; background-image: none;\" alt=\"mercado navide&ntilde;o 4\" src=\"https:\/\/bobvarela.com\/wp-content\/uploads\/2025\/12\/mercado-navideno-4_thumb.jpg\" border=\"0\"\/><\/a><\/font><\/p>\n<p align=\"justify\"><font size=\"3\">La programaci\u00f3n continuar\u00e1 a las 12:30 p.m. con la m\u00fasica de Onda Moderna, seguida por Los Cantores de San Juan a la 1:30 p.m., y un Taller de Circo a cargo de Circo Teatro Bandada a las 2:00 p.m. en el patio sur. Luego, a las 3:00 p.m., la Orquesta La Sociedad subir\u00e1 a tarima para contagiar al p\u00fablico con su energ\u00eda. La fiesta continuar\u00e1 a las 4:00 p.m. con una colorida comparsa del Taller Folkl\u00f3rico de Puerto Rico Guateque, tambi\u00e9n en el patio sur. Como cierre del evento, a las 5:00 p.m. se presentar\u00e1 el cantautor puertorrique\u00f1o Manolo Ramos.<\/font><\/p>\n<p align=\"justify\"><font size=\"3\">Como parte del 26to Encuentro de Talladoras, se har\u00e1 entrega del Premio Obdulia Gracia a Lenice V\u00e1zquez, en reconocimiento a su dedicaci\u00f3n y excelencia en la talla de santos. Asimismo, el Premio Nueva Generaci\u00f3n se otorgar\u00e1 a Jessica Gerena. De igual forma, se realizar\u00e1 una dedicatoria a Mar\u00eda de los \u00c1ngeles Cajigas Nieto y un reconocimiento especial a Esther Santiago Ortiz, como distinciones al trabajo artesanal y la trayectoria de estas creadoras. Este encuentro promueve, rescata y difunde la tradici\u00f3n artesanal. El Premio Obdulia Gracia lleva su nombre en honor a la primera mujer talladora de santos de Puerto Rico certificada por el ICP.<\/font><\/p>\n<p align=\"center\"><font size=\"3\"><a href=\"https:\/\/bobvarela.com\/wp-content\/uploads\/2025\/12\/Talladoras_Exhibicion.jpg\"><img loading=\"lazy\" decoding=\"async\" width=\"389\" height=\"274\" title=\"Talladoras_Exhibicion\" style=\"display: inline; background-image: none;\" alt=\"Talladoras_Exhibicion\" src=\"https:\/\/bobvarela.com\/wp-content\/uploads\/2025\/12\/Talladoras_Exhibicion_thumb.jpg\" border=\"0\"\/><\/a><\/font><\/p>\n<p align=\"justify\"><font size=\"3\">Ese d\u00eda, el p\u00fablico podr\u00e1 visitar las exhibiciones \u201c26 a\u00f1os de trayectoria del Colectivo de Talladoras de Santos de Puerto Rico\u201d y \u201cMundillo de Nuestro Tiempo\u201d desde las 10:00 a.m. en la Galer\u00eda La Sede.<\/font><\/p>\n<p align=\"justify\"><font size=\"3\">En la exhibici\u00f3n del Colectivo de Talladoras se presenta una muestra de 64 piezas de tallas de santos elaboradas por mujeres, de las cuales cuatro forman parte de la Colecci\u00f3n Nacional del ICP. Mientras, en la exhibici\u00f3n de mundillo, los visitantes podr\u00e1n apreciar piezas como margaritas, ara\u00f1as y bruselas, utilizadas en telas y en trajes de mujer, ropa de infantes, pa\u00f1uelos y m\u00e1s.<\/font><\/p>\n<p align=\"justify\"><font size=\"3\">Para m\u00e1s informaci\u00f3n sobre esta y otras actividades, puede seguir las redes sociales del ICP en Facebook, Instagram y X.<\/font><\/p>\n","protected":false},"excerpt":{"rendered":"<p>El Instituto de Cultura Puertorrique\u00f1a (ICP) anunci\u00f3 que celebrar\u00e1 su tradicional Mercado Navide\u00f1o este s\u00e1bado, 13 de diciembre, de 10:00 a.m. a 7:00 p.m., en su sede en el Viejo San Juan. Los asistentes podr\u00e1n realizar sus compras navide\u00f1as en&hellip;<\/p>\n<p class=\"more-link-p\"><a class=\"more-link\" href=\"https:\/\/bobvarela.com\/?p=175776\">Read more &rarr;<\/a><\/p>\n","protected":false},"author":1,"featured_media":0,"comment_status":"open","ping_status":"open","sticky":false,"template":"","format":"standard","meta":{"ngg_post_thumbnail":0,"footnotes":""},"categories":[3,127],"tags":[],"class_list":["post-175776","post","type-post","status-publish","format-standard","hentry","category-actividades","category-musica"],"_links":{"self":[{"href":"https:\/\/bobvarela.com\/index.php?rest_route=\/wp\/v2\/posts\/175776","targetHints":{"allow":["GET"]}}],"collection":[{"href":"https:\/\/bobvarela.com\/index.php?rest_route=\/wp\/v2\/posts"}],"about":[{"href":"https:\/\/bobvarela.com\/index.php?rest_route=\/wp\/v2\/types\/post"}],"author":[{"embeddable":true,"href":"https:\/\/bobvarela.com\/index.php?rest_route=\/wp\/v2\/users\/1"}],"replies":[{"embeddable":true,"href":"https:\/\/bobvarela.com\/index.php?rest_route=%2Fwp%2Fv2%2Fcomments&post=175776"}],"version-history":[{"count":1,"href":"https:\/\/bobvarela.com\/index.php?rest_route=\/wp\/v2\/posts\/175776\/revisions"}],"predecessor-version":[{"id":175777,"href":"https:\/\/bobvarela.com\/index.php?rest_route=\/wp\/v2\/posts\/175776\/revisions\/175777"}],"wp:attachment":[{"href":"https:\/\/bobvarela.com\/index.php?rest_route=%2Fwp%2Fv2%2Fmedia&parent=175776"}],"wp:term":[{"taxonomy":"category","embeddable":true,"href":"https:\/\/bobvarela.com\/index.php?rest_route=%2Fwp%2Fv2%2Fcategories&post=175776"},{"taxonomy":"post_tag","embeddable":true,"href":"https:\/\/bobvarela.com\/index.php?rest_route=%2Fwp%2Fv2%2Ftags&post=175776"}],"curies":[{"name":"wp","href":"https:\/\/api.w.org\/{rel}","templated":true}]}}