{"id":175794,"date":"2025-12-12T09:06:44","date_gmt":"2025-12-12T13:06:44","guid":{"rendered":"https:\/\/bobvarela.com\/?p=175794"},"modified":"2025-12-12T09:06:44","modified_gmt":"2025-12-12T13:06:44","slug":"impresionante-escultura-mi-terruo-se-exhibir-este-sbado-durante-el-mercado-navideo-del-icp","status":"publish","type":"post","link":"https:\/\/bobvarela.com\/?p=175794","title":{"rendered":"Impresionante escultura Mi Terru&ntilde;o se exhibir&aacute; este s&aacute;bado durante el Mercado Navide&ntilde;o del ICP"},"content":{"rendered":"<p align=\"center\"><font size=\"3\"><a href=\"https:\/\/bobvarela.com\/wp-content\/uploads\/2025\/12\/MiTerruno2.jpg\"><img loading=\"lazy\" decoding=\"async\" width=\"355\" height=\"267\" title=\"MiTerruno2\" style=\"display: inline; background-image: none;\" alt=\"MiTerruno2\" src=\"https:\/\/bobvarela.com\/wp-content\/uploads\/2025\/12\/MiTerruno2_thumb.jpg\" border=\"0\"\/><\/a><\/font><\/p>\n<p align=\"justify\"><font size=\"3\">La obra escult\u00f3rica Mi Terru\u00f1o, creada por el tallador y ebanista Osiel Hern\u00e1ndez en colaboraci\u00f3n con el artista pl\u00e1stico y artesano en hig\u00fcera An\u00edbal Rom\u00e1n Homs, se exhibir\u00e1 este s\u00e1bado, 13 de diciembre, durante el Mercado Navide\u00f1o del Instituto de Cultura Puertorrique\u00f1a (ICP), en la sede de la instituci\u00f3n en el Viejo San Juan desde las 10:00 a.m. La monumental pieza estar\u00e1 ubicada en la entrada del edificio y permanecer\u00e1 en exhibici\u00f3n hasta las tradicionales Fiestas de la Calle San Sebasti\u00e1n.<\/font><\/p>\n<p align=\"center\"><font size=\"3\"><a href=\"https:\/\/bobvarela.com\/wp-content\/uploads\/2025\/12\/MiTerruno_detalle_jibaro.jpg\"><img loading=\"lazy\" decoding=\"async\" width=\"220\" height=\"292\" title=\"MiTerruno_detalle_jibaro\" style=\"display: inline; background-image: none;\" alt=\"MiTerruno_detalle_jibaro\" src=\"https:\/\/bobvarela.com\/wp-content\/uploads\/2025\/12\/MiTerruno_detalle_jibaro_thumb.jpg\" border=\"0\"\/><\/a><\/font><\/p>\n<p align=\"justify\"><font size=\"3\">La escultura fue tallada en la ra\u00edz de un \u00e1rbol centenario de caoba ca\u00eddo durante el hurac\u00e1n Mar\u00eda en 2017, material que le otorga un significado hist\u00f3rico y simb\u00f3lico relacionado con la resiliencia del pa\u00eds. La obra mide aproximadamente nueve pies de alto por nueve pies de ancho, y fue trabajada respetando la forma natural del tronco y sus ra\u00edces.<\/font><\/p>\n<p align=\"justify\"><font size=\"3\">\u201cEsta pieza es un recordatorio poderoso de que, incluso en medio de la p\u00e9rdida, nuestro pueblo encuentra maneras de crear belleza y celebrar su cultura. Trabajada a partir de un \u00e1rbol ca\u00eddo durante el hurac\u00e1n Mar\u00eda, la obra nos habla de ra\u00edces, memoria y resiliencia\u201d, resalt\u00f3 la directora ejecutiva del ICP, Melissa Santana.<\/font><\/p>\n<p align=\"center\"><font size=\"3\"><a href=\"https:\/\/bobvarela.com\/wp-content\/uploads\/2025\/12\/MiTerruno_detalle_musica.jpg\"><img loading=\"lazy\" decoding=\"async\" width=\"221\" height=\"293\" title=\"MiTerruno_detalle_musica\" style=\"display: inline; background-image: none;\" alt=\"MiTerruno_detalle_musica\" src=\"https:\/\/bobvarela.com\/wp-content\/uploads\/2025\/12\/MiTerruno_detalle_musica_thumb.jpg\" border=\"0\"\/><\/a><\/font><\/p>\n<p align=\"justify\"><font size=\"3\">Mi Terru\u00f1o integra diversos s\u00edmbolos culturales y elementos representativos de Puerto Rico, entre ellos la garita del Morro, un j\u00edbaro, el cuatro puertorrique\u00f1o, la cotorra puertorrique\u00f1a, flora y fauna nativa como la flor de maga, el coqu\u00ed, el manat\u00ed. En la impresionante escultura, el p\u00fablico podr\u00e1 reconocer otras escenas de Puerto Rico, como El Yunque, el Viejo San Juan, el faro de Cabo Rojo, casas de campo y de playa, entre otras. Las figuras emergen del relieve natural de la madera, combinando oficio tradicional, escultura figurativa y narrativa visual.<\/font><\/p>\n<p align=\"center\"><font size=\"3\"><a href=\"https:\/\/bobvarela.com\/wp-content\/uploads\/2025\/12\/MiTerruno_bandera.jpg\"><img loading=\"lazy\" decoding=\"async\" width=\"217\" height=\"288\" title=\"MiTerruno_bandera\" style=\"display: inline; background-image: none;\" alt=\"MiTerruno_bandera\" src=\"https:\/\/bobvarela.com\/wp-content\/uploads\/2025\/12\/MiTerruno_bandera_thumb.jpg\" border=\"0\"\/><\/a><\/font><\/p>\n<p align=\"justify\"><font size=\"3\">El Instituto de Cultura Puertorrique\u00f1a destac\u00f3 que la exhibici\u00f3n forma parte de los esfuerzos para promover la producci\u00f3n artesanal puertorrique\u00f1a y fortalecer la preservaci\u00f3n de oficios, memoria cultural y patrimonio material del pa\u00eds.<\/font><\/p>\n<p align=\"justify\"><font size=\"3\">Para m\u00e1s informaci\u00f3n sobre el Mercado Navide\u00f1o y otras actividades, puede seguir las redes sociales del ICP en Facebook, Instagram y X.<\/font><\/p>\n","protected":false},"excerpt":{"rendered":"<p>La obra escult\u00f3rica Mi Terru\u00f1o, creada por el tallador y ebanista Osiel Hern\u00e1ndez en colaboraci\u00f3n con el artista pl\u00e1stico y artesano en hig\u00fcera An\u00edbal Rom\u00e1n Homs, se exhibir\u00e1 este s\u00e1bado, 13 de diciembre, durante el Mercado Navide\u00f1o del Instituto de&hellip;<\/p>\n<p class=\"more-link-p\"><a class=\"more-link\" href=\"https:\/\/bobvarela.com\/?p=175794\">Read more &rarr;<\/a><\/p>\n","protected":false},"author":1,"featured_media":0,"comment_status":"open","ping_status":"open","sticky":false,"template":"","format":"standard","meta":{"ngg_post_thumbnail":0,"footnotes":""},"categories":[3],"tags":[],"class_list":["post-175794","post","type-post","status-publish","format-standard","hentry","category-actividades"],"_links":{"self":[{"href":"https:\/\/bobvarela.com\/index.php?rest_route=\/wp\/v2\/posts\/175794","targetHints":{"allow":["GET"]}}],"collection":[{"href":"https:\/\/bobvarela.com\/index.php?rest_route=\/wp\/v2\/posts"}],"about":[{"href":"https:\/\/bobvarela.com\/index.php?rest_route=\/wp\/v2\/types\/post"}],"author":[{"embeddable":true,"href":"https:\/\/bobvarela.com\/index.php?rest_route=\/wp\/v2\/users\/1"}],"replies":[{"embeddable":true,"href":"https:\/\/bobvarela.com\/index.php?rest_route=%2Fwp%2Fv2%2Fcomments&post=175794"}],"version-history":[{"count":1,"href":"https:\/\/bobvarela.com\/index.php?rest_route=\/wp\/v2\/posts\/175794\/revisions"}],"predecessor-version":[{"id":175795,"href":"https:\/\/bobvarela.com\/index.php?rest_route=\/wp\/v2\/posts\/175794\/revisions\/175795"}],"wp:attachment":[{"href":"https:\/\/bobvarela.com\/index.php?rest_route=%2Fwp%2Fv2%2Fmedia&parent=175794"}],"wp:term":[{"taxonomy":"category","embeddable":true,"href":"https:\/\/bobvarela.com\/index.php?rest_route=%2Fwp%2Fv2%2Fcategories&post=175794"},{"taxonomy":"post_tag","embeddable":true,"href":"https:\/\/bobvarela.com\/index.php?rest_route=%2Fwp%2Fv2%2Ftags&post=175794"}],"curies":[{"name":"wp","href":"https:\/\/api.w.org\/{rel}","templated":true}]}}