{"id":176105,"date":"2026-01-14T10:05:18","date_gmt":"2026-01-14T14:05:18","guid":{"rendered":"https:\/\/bobvarela.com\/?p=176105"},"modified":"2026-01-14T10:05:18","modified_gmt":"2026-01-14T14:05:18","slug":"todo-listo-para-la-feria-de-artesanas-y-artes-plsticas-del-instituto-de-cultura-puertorriquea","status":"publish","type":"post","link":"https:\/\/bobvarela.com\/?p=176105","title":{"rendered":"Todo listo para la Feria de Artesan&iacute;as y Artes Pl&aacute;sticas del Instituto de Cultura Puertorrique&ntilde;a"},"content":{"rendered":"<p align=\"center\"><font size=\"3\"><a href=\"https:\/\/bobvarela.com\/wp-content\/uploads\/2026\/01\/Feria2026.jpg\"><img loading=\"lazy\" decoding=\"async\" width=\"298\" height=\"395\" title=\"Feria2026\" style=\"display: inline; background-image: none;\" alt=\"Feria2026\" src=\"https:\/\/bobvarela.com\/wp-content\/uploads\/2026\/01\/Feria2026_thumb.jpg\" border=\"0\"\/><\/a><\/font><\/p>\n<p align=\"justify\"><font size=\"3\">El Instituto de Cultura Puertorrique\u00f1a (ICP) anunci\u00f3 que todo est\u00e1 listo para la celebraci\u00f3n de su tradicional Feria de Artesan\u00edas y Artes Pl\u00e1sticas. El evento se llevar\u00e1 a cabo del jueves 15 al domingo 18 de enero, como parte de la 56ta edici\u00f3n de las Fiestas de la Calle San Sebasti\u00e1n, en la sede del ICP y en el patio interior del Cuartel de Ballaj\u00e1, en el Viejo San Juan.<\/font><\/p>\n<p align=\"justify\"><font size=\"3\">\u201cLa Feria de Artesan\u00edas y Artes Pl\u00e1sticas es un espacio de encuentro para celebrar el talento, la creatividad y la tradici\u00f3n que distinguen a Puerto Rico. Invitamos al pueblo a visitar nuestra sede y el Cuartel de Ballaj\u00e1 durante estos cuatro d\u00edas, a apoyar a nuestros artesanos y artistas, y a disfrutar de una variada programaci\u00f3n pensada para toda la familia, en el marco de las Fiestas de la Calle San Sebasti\u00e1n\u201d, expres\u00f3 la directora ejecutiva del Instituto de Cultura Puertorrique\u00f1a, Melissa Santana.<\/font><\/p>\n<p align=\"justify\"><font size=\"3\">Durante estos cuatro d\u00edas, el Barrio Ballaj\u00e1 se convertir\u00e1 en un amplio espacio de encuentro cultural con la participaci\u00f3n de m\u00e1s de 450 recursos culturales, entre artesanos, artistas pl\u00e1sticos, colectivos art\u00edsticos, m\u00fasicos y organizaciones sin fines de lucro. La feria ofrecer\u00e1 una programaci\u00f3n diversa que incluye exhibiciones, talleres, actividades educativas para ni\u00f1os y j\u00f3venes, presentaciones musicales y manifestaciones del arte popular puertorrique\u00f1o, reafirmando el compromiso del ICP con la preservaci\u00f3n y difusi\u00f3n de nuestra identidad cultural. Las presentaciones musicales contar\u00e1n con int\u00e9rpretes de lenguaje de se\u00f1as.<\/font><\/p>\n<p align=\"center\"><font size=\"3\"><a href=\"https:\/\/bobvarela.com\/wp-content\/uploads\/2026\/01\/IrisTorres.jpg\"><img loading=\"lazy\" decoding=\"async\" width=\"226\" height=\"308\" title=\"IrisTorres\" style=\"display: inline; background-image: none;\" alt=\"IrisTorres\" src=\"https:\/\/bobvarela.com\/wp-content\/uploads\/2026\/01\/IrisTorres_thumb.jpg\" border=\"0\"\/><\/a><\/font><\/p>\n<p align=\"justify\"><font size=\"3\">Este a\u00f1o, el ICP dedicar\u00e1 el evento a la reconocida artesana Iris Torres Mel\u00e9ndez. La obra de la destacada talladora de santos en madera y hueso de res, se distingue por su excelencia t\u00e9cnica y profundo arraigo cultural. Torres Mel\u00e9ndez tambi\u00e9n elabora sortijas y accesorios en semilla de palma de corozo y trabaja con maderas duras como el \u00e9bano, el maj\u00f3 y el guayac\u00e1n. Su meticuloso trabajo de tallado en hueso de res, que requiere un riguroso proceso de limpieza, da vida a representaciones de los Reyes Magos, nacimientos y s\u00edmbolos emblem\u00e1ticos de Puerto Rico, consolidando su aportaci\u00f3n a nuestro patrimonio artesanal.<\/font><\/p>\n<p align=\"justify\"><font size=\"3\">Las actividades iniciar\u00e1n el jueves 15 de enero, con la apertura oficial de la Feria de Artesan\u00edas y Artes Pl\u00e1sticas desde el mediod\u00eda tanto en la sede del ICP como en el Cuartel de Ballaj\u00e1. Desde ese primer d\u00eda, el p\u00fablico podr\u00e1 apreciar la pieza artesanal Mi Terru\u00f1o, ubicada en la entrada de la Sede del ICP, as\u00ed como visitar la Tienda ICP. Adem\u00e1s, quedar\u00e1 inaugurada la exposici\u00f3n \u201c26 a\u00f1os de trayectoria del Colectivo de Talladoras de Santos y Mundillo de Nuestro Tiempo\u201d, instalada en la Galer\u00eda de la Sede del ICP. La jornada culminar\u00e1 con la presentaci\u00f3n musical de Wilbert Rivera en horas de la noche.<\/font><\/p>\n<p align=\"justify\"><font size=\"3\">El viernes 16 de enero, la feria continuar\u00e1 desde las 10:00 de la ma\u00f1ana en la sede del ICP, junto con la apertura oficial de la mencionada exposici\u00f3n del colectivo de talladoras. Como parte de la programaci\u00f3n educativa, se ofrecer\u00e1 un recorrido guiado por el Barrio Ballaj\u00e1, titulado \u201cDe plaza militar a espacio cultural\u201d, que permitir\u00e1 al p\u00fablico conocer la transformaci\u00f3n hist\u00f3rica de este emblem\u00e1tico espacio. Durante la tarde y la noche se llevar\u00e1n a cabo las presentaciones musicales de Merari, Hermanos Sanz y Los Cantores de Bayam\u00f3n, ofreciendo una muestra representativa de la m\u00fasica tradicional puertorrique\u00f1a.<\/font><\/p>\n<p align=\"center\"><font size=\"3\"><a href=\"https:\/\/bobvarela.com\/wp-content\/uploads\/2026\/01\/SedeICP_interior.jpg\"><img loading=\"lazy\" decoding=\"async\" width=\"348\" height=\"234\" title=\"SedeICP_interior\" style=\"display: inline; background-image: none;\" alt=\"SedeICP_interior\" src=\"https:\/\/bobvarela.com\/wp-content\/uploads\/2026\/01\/SedeICP_interior_thumb.jpg\" border=\"0\"\/><\/a><\/font><\/p>\n<p align=\"justify\"><font size=\"3\">El s\u00e1bado 17 ser\u00e1 una de las jornadas m\u00e1s completas y familiares de la feria. Desde la ma\u00f1ana, el p\u00fablico podr\u00e1 disfrutar de la feria artesanal y la final del 57mo Concurso Nacional de Trova en la sede del ICP. Adem\u00e1s, el colectivo Agua, Sol y Sereno realizar\u00e1 un taller de m\u00e1scaras de cart\u00f3n y la obra teatral \u201cComer\u201d. Asimismo,&nbsp; se llevar\u00e1 a cabo un taller de m\u00fasica con materiales reciclables a cargo de La Sociedad y lectura infantil del cuento \u201cLa Sinf\u00f3nica llega al Pueblo\u201d. Las presentaciones musicales incluir\u00e1n a Cultura Pes\u00e1, Fabiola Mu\u00f1oz y David Rivera y la B\u00e1mbula. En el Cuartel de Ballaj\u00e1, se llevar\u00e1 a cabo el reconocimiento a la destacada artesana Iris Torres Mel\u00e9ndez, junto a otras actividades como la aparici\u00f3n del Cabezudo Ricardo Alegr\u00eda y el espect\u00e1culo musical de los Pleneros del M\u00e1s All\u00e1.<\/font><\/p>\n<p align=\"justify\"><font size=\"3\">La feria culminar\u00e1 el domingo 18 de enero con una programaci\u00f3n variada que incluir\u00e1 presentaciones de la Rondalla de Humacao, Desde Cero, la Tuna de Segreles, la Orquesta La Sociedad y el cierre musical a cargo de Plena Libre. Adem\u00e1s, continuar\u00e1n los talleres educativos, lectura de cuentos y la participaci\u00f3n del Cabezudo Ricardo Alegr\u00eda y los Pleneros del M\u00e1s All\u00e1 en el Cuartel de Ballaj\u00e1, cerrando as\u00ed cuatro d\u00edas de celebraci\u00f3n cultural en el Viejo San Juan.<\/font><\/p>\n<p align=\"justify\"><font size=\"3\">El Instituto de Cultura Puertorrique\u00f1a invita al p\u00fablico en general a formar parte de esta gran fiesta del arte, la tradici\u00f3n y la creatividad puertorrique\u00f1a, y a apoyar a los artesanos y artistas que, con su trabajo, mantienen viva nuestra herencia cultural.<\/font><\/p>\n<p align=\"justify\"><font size=\"3\">Para m\u00e1s informaci\u00f3n sobre la Feria de Artesan\u00edas y Artes Pl\u00e1sticas del ICP puede seguir sus redes sociales en Facebook, Instagram y X.<\/font><\/p>\n","protected":false},"excerpt":{"rendered":"<p>El Instituto de Cultura Puertorrique\u00f1a (ICP) anunci\u00f3 que todo est\u00e1 listo para la celebraci\u00f3n de su tradicional Feria de Artesan\u00edas y Artes Pl\u00e1sticas. El evento se llevar\u00e1 a cabo del jueves 15 al domingo 18 de enero, como parte de&hellip;<\/p>\n<p class=\"more-link-p\"><a class=\"more-link\" href=\"https:\/\/bobvarela.com\/?p=176105\">Read more &rarr;<\/a><\/p>\n","protected":false},"author":1,"featured_media":0,"comment_status":"open","ping_status":"open","sticky":false,"template":"","format":"standard","meta":{"ngg_post_thumbnail":0,"footnotes":""},"categories":[3],"tags":[],"class_list":["post-176105","post","type-post","status-publish","format-standard","hentry","category-actividades"],"_links":{"self":[{"href":"https:\/\/bobvarela.com\/index.php?rest_route=\/wp\/v2\/posts\/176105","targetHints":{"allow":["GET"]}}],"collection":[{"href":"https:\/\/bobvarela.com\/index.php?rest_route=\/wp\/v2\/posts"}],"about":[{"href":"https:\/\/bobvarela.com\/index.php?rest_route=\/wp\/v2\/types\/post"}],"author":[{"embeddable":true,"href":"https:\/\/bobvarela.com\/index.php?rest_route=\/wp\/v2\/users\/1"}],"replies":[{"embeddable":true,"href":"https:\/\/bobvarela.com\/index.php?rest_route=%2Fwp%2Fv2%2Fcomments&post=176105"}],"version-history":[{"count":1,"href":"https:\/\/bobvarela.com\/index.php?rest_route=\/wp\/v2\/posts\/176105\/revisions"}],"predecessor-version":[{"id":176106,"href":"https:\/\/bobvarela.com\/index.php?rest_route=\/wp\/v2\/posts\/176105\/revisions\/176106"}],"wp:attachment":[{"href":"https:\/\/bobvarela.com\/index.php?rest_route=%2Fwp%2Fv2%2Fmedia&parent=176105"}],"wp:term":[{"taxonomy":"category","embeddable":true,"href":"https:\/\/bobvarela.com\/index.php?rest_route=%2Fwp%2Fv2%2Fcategories&post=176105"},{"taxonomy":"post_tag","embeddable":true,"href":"https:\/\/bobvarela.com\/index.php?rest_route=%2Fwp%2Fv2%2Ftags&post=176105"}],"curies":[{"name":"wp","href":"https:\/\/api.w.org\/{rel}","templated":true}]}}