{"id":176175,"date":"2026-01-21T10:22:55","date_gmt":"2026-01-21T14:22:55","guid":{"rendered":"https:\/\/bobvarela.com\/?p=176175"},"modified":"2026-01-21T10:22:55","modified_gmt":"2026-01-21T14:22:55","slug":"lookbook-pre-otoo-2026-de-zuhair-murad","status":"publish","type":"post","link":"https:\/\/bobvarela.com\/?p=176175","title":{"rendered":"Lookbook Pre-Oto&ntilde;o 2026 de Zuhair Murad"},"content":{"rendered":"<p align=\"justify\"><font size=\"3\">Para Pre-Oto\u00f1o 2026, Zuhair Murad mira hacia atr\u00e1s para avanzar con decisi\u00f3n, enmarcando la colecci\u00f3n alrededor de Par\u00eds en el apogeo de la Belle \u00c9poque. Es una referencia hist\u00f3rica menos sobre nostalgia que sobre actitud: un momento en el que una feminidad cultivada y transgresora se representaba con intenci\u00f3n y autoconciencia teatral. Las musas elegidas por Murad \u2014figuras como la condesa de Castiglione y la marquesa Casati\u2014 no se evocan como referencias literales, sino como arquetipos de exceso, autonom\u00eda y autoautor\u00eda, mujeres que entend\u00edan la vida misma como una forma de puesta en escena.<\/font><\/p>\n<p align=\"justify\"><font size=\"3\">El lookbook comienza con un registro de opulencia controlada. Predominan los tonos joya, con vestidos sin tirantes en tafet\u00e1n esmeralda y granate cady que establecen una paleta saturada pero disciplinada. La corseter\u00eda desempe\u00f1a un papel estructural central, dando forma a siluetas ajustadas y acampanadas en algod\u00f3n rosa caracola y marfil, donde las faldas de ojal cortadas con l\u00e1ser suavizan la tensi\u00f3n arquitect\u00f3nica del corpi\u00f1o. Estas prendas dependen de la proporci\u00f3n y la claridad superficial m\u00e1s que de un adorno evidente, permitiendo que la construcci\u00f3n y el peso de la tela tengan un impacto visual.<\/font><\/p>\n<p><font size=\"3\"><\/p>\n<p align=\"justify\"><font size=\"3\"><\/font><\/p>\n<p><\/font><\/p>\n<p align=\"justify\"><font size=\"3\"><\/font><font size=\"3\">Los accesorios, recientemente ampliados dentro de la casa, cobran una prominencia inusual gracias a la contenci\u00f3n. El bolso Mandapa de cuero trabajado, sandalias escult\u00f3ricas de aguja, bolsos de noche compactos tipo jewelbox y diamantes falsos sobredimensionados est\u00e1n dise\u00f1ados tonalmente, sin competir nunca con las prendas. Un vestido color chocolate combinado con un imponente collar de babero se convierte en emblem\u00e1tico de la tensi\u00f3n m\u00e1s exitosa de la colecci\u00f3n: opulencia articulada mediante un \u00e9nfasis selectivo en lugar de acumulaci\u00f3n.<\/font><\/p>\n<p align=\"justify\"><font size=\"3\"><\/font><font size=\"3\"><\/font><font size=\"3\">Donde Murad se aparta de esta compostura, lo hace deliberadamente. Los vestidos de encaje con toques boudoir y cors\u00e9 integrado reintroducen una sensualidad evidente, mientras que un vestido caf\u00e9 au lait transparente completamente incrustado con lentejuelas espejadas se inclina hacia el espect\u00e1culo. En otros lugares, lentejuelas en tonos joya se agrupan sobre una chaqueta estructurada, zarcillos azabache se desbordan del hombro de una prenda negra a medida, y una hoja de diamante ancla un vestido sin tirantes que por lo dem\u00e1s era contenido. Un breve interludio de flores pintadas sugiere el rom\u00e1ntico recinto de un jard\u00edn de hi\u00e9r?, a\u00f1adiendo suavidad sin menoscabar la autoridad subyacente de la colecci\u00f3n.<\/font><\/p>\n<p align=\"justify\"><font size=\"3\">Aunque el cartel es decididamente enfocado en la noche, refuerza discretamente el traje como una fortaleza constante, aunque discreta. Las chaquetas y pantalones a medida son elegantes pero fluidos, dise\u00f1ados para la repetici\u00f3n m\u00e1s que para la ocasi\u00f3n, y probablemente entre los elementos m\u00e1s innovadores de la propuesta. Ofrecen un contrapeso al lenguaje decorativo de otros lugares, anclando la colecci\u00f3n en la l\u00f3gica del vestuario en lugar de la fantas\u00eda \u00fanica.<\/font><\/p>\n<p><font size=\"3\"><\/p>\n<p align=\"justify\"><font size=\"3\"><\/font><\/p>\n<p><\/font><\/p>\n<p align=\"justify\"><font size=\"3\"><\/font><font size=\"3\">Desde un punto de vista cr\u00edtico, la colecci\u00f3n Pre-Oto\u00f1o 2026 funciona m\u00e1s cuando Murad permite que la disciplina modere el extravagancia. En ocasiones, el adorno corre el riesgo de rozar la familiaridad, especialmente en los looks m\u00e1s adornados. Sin embargo, el sentimiento general sigue siendo muy positivo: la colecci\u00f3n demuestra una recalibraci\u00f3n segura del glamour, que alinea la referencia hist\u00f3rica, la construcci\u00f3n moderna y la continuidad de la marca. Con el creciente reconocimiento institucional de Murad y su inminente traslado a un h\u00f4tel particulier en el tri\u00e1ngulo dorado de Par\u00eds, esta pre-colecci\u00f3n se percibe menos como una oferta de transici\u00f3n y m\u00e1s como una afirmaci\u00f3n medida de longevidad y escala.<\/font><\/p>\n<p align=\"justify\"><font size=\"3\"><\/font><font size=\"3\"><strong><em>ngg_shortcode_0_placeholder<\/em><\/strong><\/font><\/p>\n","protected":false},"excerpt":{"rendered":"<p>Para Pre-Oto\u00f1o 2026, Zuhair Murad mira hacia atr\u00e1s para avanzar con decisi\u00f3n, enmarcando la colecci\u00f3n alrededor de Par\u00eds en el apogeo de la Belle \u00c9poque. Es una referencia hist\u00f3rica menos sobre nostalgia que sobre actitud: un momento en el que&hellip;<\/p>\n<p class=\"more-link-p\"><a class=\"more-link\" href=\"https:\/\/bobvarela.com\/?p=176175\">Read more &rarr;<\/a><\/p>\n","protected":false},"author":1,"featured_media":0,"comment_status":"open","ping_status":"open","sticky":false,"template":"","format":"standard","meta":{"ngg_post_thumbnail":0,"footnotes":""},"categories":[4],"tags":[],"class_list":["post-176175","post","type-post","status-publish","format-standard","hentry","category-moda"],"_links":{"self":[{"href":"https:\/\/bobvarela.com\/index.php?rest_route=\/wp\/v2\/posts\/176175","targetHints":{"allow":["GET"]}}],"collection":[{"href":"https:\/\/bobvarela.com\/index.php?rest_route=\/wp\/v2\/posts"}],"about":[{"href":"https:\/\/bobvarela.com\/index.php?rest_route=\/wp\/v2\/types\/post"}],"author":[{"embeddable":true,"href":"https:\/\/bobvarela.com\/index.php?rest_route=\/wp\/v2\/users\/1"}],"replies":[{"embeddable":true,"href":"https:\/\/bobvarela.com\/index.php?rest_route=%2Fwp%2Fv2%2Fcomments&post=176175"}],"version-history":[{"count":1,"href":"https:\/\/bobvarela.com\/index.php?rest_route=\/wp\/v2\/posts\/176175\/revisions"}],"predecessor-version":[{"id":176176,"href":"https:\/\/bobvarela.com\/index.php?rest_route=\/wp\/v2\/posts\/176175\/revisions\/176176"}],"wp:attachment":[{"href":"https:\/\/bobvarela.com\/index.php?rest_route=%2Fwp%2Fv2%2Fmedia&parent=176175"}],"wp:term":[{"taxonomy":"category","embeddable":true,"href":"https:\/\/bobvarela.com\/index.php?rest_route=%2Fwp%2Fv2%2Fcategories&post=176175"},{"taxonomy":"post_tag","embeddable":true,"href":"https:\/\/bobvarela.com\/index.php?rest_route=%2Fwp%2Fv2%2Ftags&post=176175"}],"curies":[{"name":"wp","href":"https:\/\/api.w.org\/{rel}","templated":true}]}}