{"id":176181,"date":"2026-01-22T09:23:05","date_gmt":"2026-01-22T13:23:05","guid":{"rendered":"https:\/\/bobvarela.com\/?p=176181"},"modified":"2026-01-22T09:23:05","modified_gmt":"2026-01-22T13:23:05","slug":"el-pianista-jos-ramos-santana-se-une-al-concierto-clsico-8-de-la-orquesta-sinfnica-de-puerto-rico","status":"publish","type":"post","link":"https:\/\/bobvarela.com\/?p=176181","title":{"rendered":"El pianista Jos&eacute; Ramos Santana se une al Concierto Cl&aacute;sico 8 de la Orquesta Sinf&oacute;nica de Puerto Rico"},"content":{"rendered":"<p align=\"center\"><font size=\"3\"><a href=\"https:\/\/bobvarela.com\/wp-content\/uploads\/2026\/01\/JoseRamosSantana_piano.jpg\"><img loading=\"lazy\" decoding=\"async\" width=\"271\" height=\"405\" title=\"JoseRamosSantana_piano\" style=\"display: inline; background-image: none;\" alt=\"JoseRamosSantana_piano\" src=\"https:\/\/bobvarela.com\/wp-content\/uploads\/2026\/01\/JoseRamosSantana_piano_thumb.jpg\" border=\"0\"\/><\/a><\/font><\/p>\n<p align=\"justify\"><font size=\"3\">La Orquesta Sinf\u00f3nica de Puerto Rico (OSPR) anunci\u00f3 que el Concierto Cl\u00e1sico 8 se llevar\u00e1 a cabo este s\u00e1bado, 24 de enero, a las 7:00 p.m. en la Sala Sinf\u00f3nica Pablo Casals, en Santurce. Bajo la direcci\u00f3n del maestro Maximiano Vald\u00e9s, director titular de la OSPR, el Concierto Cl\u00e1sico 8 contar\u00e1 con la participaci\u00f3n especial del pianista puertorrique\u00f1o de renombre internacional Jos\u00e9 Ramos Santana.<\/font><\/p>\n<p align=\"justify\"><font size=\"3\">\u201cLa participaci\u00f3n de Jos\u00e9 Ramos Santana en este Concierto Cl\u00e1sico 8 representa una celebraci\u00f3n del talento puertorrique\u00f1o en di\u00e1logo con grandes obras del repertorio sinf\u00f3nico. Es una oportunidad para que nuestro p\u00fablico disfrute de una velada de gran riqueza art\u00edstica y sensibilidad musical\u201d, expres\u00f3 la directora ejecutiva de la Corporaci\u00f3n de la OSPR, Melissa Santana.<\/font><\/p>\n<p align=\"center\"><font size=\"3\"><a href=\"https:\/\/bobvarela.com\/wp-content\/uploads\/2026\/01\/Maximiano_Valdes_saludapublico.jpg\"><img loading=\"lazy\" decoding=\"async\" width=\"254\" height=\"379\" title=\"Maximiano_Valdes_saludapublico\" style=\"display: inline; background-image: none;\" alt=\"Maximiano_Valdes_saludapublico\" src=\"https:\/\/bobvarela.com\/wp-content\/uploads\/2026\/01\/Maximiano_Valdes_saludapublico_thumb.jpg\" border=\"0\"\/><\/a><\/font><\/p>\n<p align=\"justify\"><font size=\"3\">El programa inicia con la evocadora Eleg\u00eda andina de Gabriela Lena Frank, una obra que dialoga con la memoria y los paisajes sonoros de los Andes.<\/font><\/p>\n<p align=\"justify\"><font size=\"3\">A continuaci\u00f3n, el piano se convierte en protagonista en Noches en los jardines de Espa\u00f1a de Manuel de Falla, un viaje impresionista por jardines, danzas lejanas y atm\u00f3sferas nocturnas llenas de color y sensualidad.Tras el intermedio, la orquesta despliega todo su poder expresivo con la Sinfon\u00eda n\u00fam. 3 en la menor, op. 56 de F\u00e9lix Mendelssohn (\u201cEscocesa\u201d), una obra monumental que combina lirismo, energ\u00eda y un final majestuoso, inspirada en los paisajes y la historia de Escocia.<\/font><\/p>\n<p align=\"justify\"><font size=\"3\">Los boletos para el Concierto Cl\u00e1sico 8 est\u00e1n disponibles a trav\u00e9s de Ticketera y Ticket Center.<\/font><\/p>\n","protected":false},"excerpt":{"rendered":"<p>La Orquesta Sinf\u00f3nica de Puerto Rico (OSPR) anunci\u00f3 que el Concierto Cl\u00e1sico 8 se llevar\u00e1 a cabo este s\u00e1bado, 24 de enero, a las 7:00 p.m. en la Sala Sinf\u00f3nica Pablo Casals, en Santurce. Bajo la direcci\u00f3n del maestro Maximiano&hellip;<\/p>\n<p class=\"more-link-p\"><a class=\"more-link\" href=\"https:\/\/bobvarela.com\/?p=176181\">Read more &rarr;<\/a><\/p>\n","protected":false},"author":1,"featured_media":0,"comment_status":"open","ping_status":"open","sticky":false,"template":"","format":"standard","meta":{"ngg_post_thumbnail":0,"footnotes":""},"categories":[3,127],"tags":[],"class_list":["post-176181","post","type-post","status-publish","format-standard","hentry","category-actividades","category-musica"],"_links":{"self":[{"href":"https:\/\/bobvarela.com\/index.php?rest_route=\/wp\/v2\/posts\/176181","targetHints":{"allow":["GET"]}}],"collection":[{"href":"https:\/\/bobvarela.com\/index.php?rest_route=\/wp\/v2\/posts"}],"about":[{"href":"https:\/\/bobvarela.com\/index.php?rest_route=\/wp\/v2\/types\/post"}],"author":[{"embeddable":true,"href":"https:\/\/bobvarela.com\/index.php?rest_route=\/wp\/v2\/users\/1"}],"replies":[{"embeddable":true,"href":"https:\/\/bobvarela.com\/index.php?rest_route=%2Fwp%2Fv2%2Fcomments&post=176181"}],"version-history":[{"count":1,"href":"https:\/\/bobvarela.com\/index.php?rest_route=\/wp\/v2\/posts\/176181\/revisions"}],"predecessor-version":[{"id":176182,"href":"https:\/\/bobvarela.com\/index.php?rest_route=\/wp\/v2\/posts\/176181\/revisions\/176182"}],"wp:attachment":[{"href":"https:\/\/bobvarela.com\/index.php?rest_route=%2Fwp%2Fv2%2Fmedia&parent=176181"}],"wp:term":[{"taxonomy":"category","embeddable":true,"href":"https:\/\/bobvarela.com\/index.php?rest_route=%2Fwp%2Fv2%2Fcategories&post=176181"},{"taxonomy":"post_tag","embeddable":true,"href":"https:\/\/bobvarela.com\/index.php?rest_route=%2Fwp%2Fv2%2Ftags&post=176181"}],"curies":[{"name":"wp","href":"https:\/\/api.w.org\/{rel}","templated":true}]}}