{"id":176892,"date":"2026-01-30T08:43:33","date_gmt":"2026-01-30T12:43:33","guid":{"rendered":"https:\/\/bobvarela.com\/?p=176892"},"modified":"2026-01-30T08:43:33","modified_gmt":"2026-01-30T12:43:33","slug":"instituto-de-cultura-puertorriquea-dedicar-el-63er-festival-de-teatro-puertorriqueo-a-ngela-meyer-y-presenta-su-cartelera-oficial","status":"publish","type":"post","link":"https:\/\/bobvarela.com\/?p=176892","title":{"rendered":"Instituto de Cultura Puertorrique&ntilde;a dedicar&aacute; el 63er Festival de Teatro Puertorrique&ntilde;o a &Aacute;ngela Meyer y presenta su cartelera oficial"},"content":{"rendered":"<p align=\"center\"><font size=\"3\"><a href=\"https:\/\/bobvarela.com\/wp-content\/uploads\/2026\/01\/FTP2026_afiche.jpg\"><img loading=\"lazy\" decoding=\"async\" width=\"313\" height=\"467\" title=\"FTP2026_afiche\" style=\"display: inline; background-image: none;\" alt=\"FTP2026_afiche\" src=\"https:\/\/bobvarela.com\/wp-content\/uploads\/2026\/01\/FTP2026_afiche_thumb.jpg\" border=\"0\"\/><\/a><\/font><\/p>\n<p align=\"justify\"><font size=\"3\">El Instituto de Cultura Puertorrique\u00f1a (ICP) dedicar\u00e1 el 63er Festival de Teatro Puertorrique\u00f1o a la primera actriz \u00c1ngela Meyer. La programaci\u00f3n se extender\u00e1 del 6 de febrero al 17 de mayo de 2026 y reunir\u00e1 una amplia muestra del teatro puertorrique\u00f1o contempor\u00e1neo. Las obras subir\u00e1n a escena en el Teatro Francisco Arriv\u00ed, el Teatro Victoria Espinosa y otras importantes salas y espacios culturales alrededor de Puerto Rico.<\/font><\/p>\n<p align=\"justify\"><font size=\"3\">\u201cCon esta edici\u00f3n, el Instituto de Cultura Puertorrique\u00f1a reafirma su compromiso con el desarrollo y la visibilidad del teatro puertorrique\u00f1o, as\u00ed como con el reconocimiento de figuras fundamentales de nuestra escena cultural. Esta dedicatoria a \u00c1ngela Meyer honra a una artista cuya trayectoria ha marcado generaciones y ha dejado una huella indeleble en el teatro y la televisi\u00f3n de Puerto Rico, y reafirma el Festival como un espacio de encuentro entre artistas, p\u00fablicos y diversas expresiones del quehacer esc\u00e9nico en la Isla\u201d, expres\u00f3 Melissa Santana, directora ejecutiva del Instituto de Cultura Puertorrique\u00f1a.<\/font><\/p>\n<p align=\"center\"><font size=\"3\"><a href=\"https:\/\/bobvarela.com\/wp-content\/uploads\/2026\/01\/FTP_CP6_FotoGrupalProducciones.jpg\"><img loading=\"lazy\" decoding=\"async\" width=\"443\" height=\"283\" title=\"FTP_CP6_FotoGrupalProducciones\" style=\"display: inline; background-image: none;\" alt=\"FTP_CP6_FotoGrupalProducciones\" src=\"https:\/\/bobvarela.com\/wp-content\/uploads\/2026\/01\/FTP_CP6_FotoGrupalProducciones_thumb.jpg\" border=\"0\"\/><\/a><\/font><\/p>\n<p align=\"justify\"><font size=\"3\">El Festival dar\u00e1 inicio con la reposici\u00f3n de Volver\u00e9, de Deborah Hunt, que se presentar\u00e1 del 6 al 8 de febrero en el Teatro Victoria Espinosa como parte del Programa de Residencias Art\u00edsticas del ICP. La pieza propone una experiencia esc\u00e9nica centrada en la memoria, el viaje y la transformaci\u00f3n a trav\u00e9s de m\u00e1scaras, teatro de objetos y un lenguaje visual distintivo.<\/font><\/p>\n<p align=\"justify\"><font size=\"3\">La programaci\u00f3n continuar\u00e1 el 19 de febrero en el Teatro Francisco Arriv\u00ed con el conversatorio El teatro en la rehabilitaci\u00f3n y prevenci\u00f3n, enfocado en el valor del teatro como herramienta de reflexi\u00f3n social. Posteriormente, la pieza El Escenario, del Programa de Teatro Correccional del Departamento de Correcci\u00f3n y Rehabilitaci\u00f3n, se presentar\u00e1 del 20 al 22 de febrero en el Arriv\u00ed, abordando realidades comunitarias atravesadas por la violencia, la adicci\u00f3n y la posibilidad de redenci\u00f3n colectiva.<\/font><\/p>\n<p align=\"center\"><font size=\"3\"><a href=\"https:\/\/bobvarela.com\/wp-content\/uploads\/2026\/01\/FTP_CP4.jpg\"><img loading=\"lazy\" decoding=\"async\" width=\"407\" height=\"285\" title=\"FTP_CP4\" style=\"display: inline; background-image: none;\" alt=\"FTP_CP4\" src=\"https:\/\/bobvarela.com\/wp-content\/uploads\/2026\/01\/FTP_CP4_thumb.jpg\" border=\"0\"\/><\/a><\/font><\/p>\n<p align=\"justify\"><font size=\"3\">Mientras tanto, el 20 de febrero, el Teatro Am\u00e9rica acoger\u00e1 La hojita verde, de Pedro Rodiz, una f\u00e1bula teatral dirigida al p\u00fablico infantil y familiar con un marcado mensaje ambiental. Por su parte, La cacer\u00eda, de Jorge Gonz\u00e1lez, subir\u00e1 a escena del 20 al 22 de febrero en el Teatro Victoria Espinosa, con una mirada cr\u00edtica a la \u00e9tica, la justicia social y las consecuencias del uso de la mentira como herramienta pol\u00edtica. Ambas piezas fueron galardonadas en los Premios de Dramaturgia ICP 2025.<\/font><\/p>\n<p align=\"justify\"><font size=\"3\">El 12 de febrero, el Teatro Am\u00e9rica ser\u00e1 sede del taller inmersivo Elogio de una pintura, actividad formativa que antecede a la versi\u00f3n esc\u00e9nica de la obra del mismo t\u00edtulo. Esta se presentar\u00e1 del 5 al 8 de marzo en el Teatro Francisco Arriv\u00ed, luego de haber sido reconocida como obra ganadora del Certamen de Dramaturgia del ICP 2024.<\/font><\/p>\n<p align=\"center\"><font size=\"3\"><a href=\"https:\/\/bobvarela.com\/wp-content\/uploads\/2026\/01\/FTP_CP4-1.jpg\"><img loading=\"lazy\" decoding=\"async\" width=\"436\" height=\"305\" title=\"FTP_CP4\" style=\"display: inline; background-image: none;\" alt=\"FTP_CP4\" src=\"https:\/\/bobvarela.com\/wp-content\/uploads\/2026\/01\/FTP_CP4_thumb-1.jpg\" border=\"0\"\/><\/a><\/font><\/p>\n<p align=\"justify\"><font size=\"3\">La cartelera continuar\u00e1 el 25 de marzo en el Teatro Francisco Arriv\u00ed con el Conversatorio sobre el mercadeo de las artes en las redes sociales, dirigido a artistas y gestores culturales. Dos d\u00edas m\u00e1s tarde, el 27 de marzo, se presentar\u00e1 en ese mismo espacio el libro La Instituci\u00f3n del Teatro Nacional en Puerto Rico, una publicaci\u00f3n dedicada a documentar el desarrollo del quehacer teatral en la Isla.<\/font><\/p>\n<p align=\"justify\"><font size=\"3\">Del 30 de marzo al 2 de abril, el Teatro Universitario de la Universidad de Puerto Rico presentar\u00e1, en saludo al Festival, la pieza El mapa de la libertad: La historia de la pirata Mar\u00eda Isabel en el Teatro Francisco Arriv\u00ed. Escrita por Yolanda Arroyo Pizarro, la obra rescata la figura hist\u00f3rica de una mujer negra, capitana y abolicionista del Caribe del siglo XIX desde una perspectiva de memoria, justicia y reparaci\u00f3n.<\/font><\/p>\n<p align=\"justify\"><font size=\"3\">En abril, el Festival incluir\u00e1 LPM 100x35cv, creaci\u00f3n colectiva del Laboratorio Comej\u00e9n, que se presentar\u00e1 los d\u00edas 9 y 12 de abril en el Taller Comunitario La Goyco. Esta pieza est\u00e1 inspirada en el legado po\u00e9tico de Luis Pal\u00e9s Matos y la memoria afroantillana. Por otro lado, el Teatro Victoria Espinosa acoger\u00e1 la obra Lita, de Pedro Rodiz, del 17 al 19 de abril. Esta puesta en escena aborda un momento decisivo en la vida de Ram\u00f3n Emeterio Betances como punto de partida para una reflexi\u00f3n sobre el amor, la p\u00e9rdida y la identidad. Durante esas mismas fechas, el Teatro Francisco Arriv\u00ed ser\u00e1 el escenario de Mi Isla en Sue\u00f1os, de Y No Hab\u00eda Luz, una obra que explora la imaginaci\u00f3n, la ni\u00f1ez y el deseo colectivo de una Isla en armon\u00eda.<\/font><\/p>\n<p align=\"center\"><font size=\"3\"><a href=\"https:\/\/bobvarela.com\/wp-content\/uploads\/2026\/01\/FTP_CP3_MelissaSantana.jpg\"><img loading=\"lazy\" decoding=\"async\" width=\"404\" height=\"285\" title=\"FTP_CP3_MelissaSantana\" style=\"display: inline; background-image: none;\" alt=\"FTP_CP3_MelissaSantana\" src=\"https:\/\/bobvarela.com\/wp-content\/uploads\/2026\/01\/FTP_CP3_MelissaSantana_thumb.jpg\" border=\"0\"\/><\/a><\/font><\/p>\n<p align=\"justify\"><font size=\"3\">La programaci\u00f3n de abril concluir\u00e1 con las presentaciones de los participantes de la residencia art\u00edstica 2026 del Programa de Artes Esc\u00e9nicas del ICP. Las Suertes: un archivo de fantasmas, de Pepe \u00c1lvarez, que se presentar\u00e1 del 24 al 26 de abril en el Teatro Victoria Espinosa, combinando teatro, danza y artes visuales para explorar la memoria, lo espectral y el territorio.<\/font><\/p>\n<p align=\"justify\"><font size=\"3\">La recta final del Festival incluir\u00e1 Poetas Nuyoricans, de Alexon Duprey, que se presentar\u00e1 del 8 al 10 de mayo en el Teatro Victoria Espinosa, inspirada en los or\u00edgenes del Movimiento Nuyorican y en la poes\u00eda como acto de resistencia cultural. De igual manera, el Espinosa servir\u00e1 de escenario para que el ICP realice el homenaje oficial a \u00c1ngela Meyer, el 1 de mayo, durante la presentaci\u00f3n de la pieza Tres noches tropicales y una vida de infierno de Myrna Casas. Esta pieza estar\u00e1 protagonizada por Meyer. El Festival sigue con las funciones de Homenaje al ombligo, del 14 al 17 de mayo, en ese mismo teatro. Esta versi\u00f3n esc\u00e9nica del poemario con el mismo nombre escrito entre \u00c1ngela Mar\u00eda D\u00e1vila y Jos\u00e9 Mar\u00eda Lima en 1966, cuenta, canta y celebra un amor breve, intenso, pol\u00edtico y profundamente humano.<\/font><\/p>\n<p align=\"center\"><font size=\"3\"><a href=\"https:\/\/bobvarela.com\/wp-content\/uploads\/2026\/01\/FTP_CP1.jpg\"><img loading=\"lazy\" decoding=\"async\" width=\"426\" height=\"291\" title=\"FTP_CP1\" style=\"display: inline; background-image: none;\" alt=\"FTP_CP1\" src=\"https:\/\/bobvarela.com\/wp-content\/uploads\/2026\/01\/FTP_CP1_thumb.jpg\" border=\"0\"\/><\/a><\/font><\/p>\n<p align=\"justify\"><font size=\"3\">Como cierre de la programaci\u00f3n, Recital Realengo para Saltamontes, de Eduardo Alegr\u00eda, se presentar\u00e1 del 15 al 17 de mayo en el Teatro Victoria Espinosa, culminando su residencia art\u00edstica con el Programa de Artes Esc\u00e9nicas del ICP.<\/font><\/p>\n<p align=\"justify\"><font size=\"3\">Los boletos para las obras del Festival est\u00e1n disponibles a trav\u00e9s de Boletera.net. Asimismo, el p\u00fablico podr\u00e1 adquirir boletos de abono que le permitir\u00e1n asistir a m\u00e1s obras a menor precio a lo largo de la edici\u00f3n 63 del Festival de Teatro Puertorrique\u00f1o.<\/font><\/p>\n","protected":false},"excerpt":{"rendered":"<p>El Instituto de Cultura Puertorrique\u00f1a (ICP) dedicar\u00e1 el 63er Festival de Teatro Puertorrique\u00f1o a la primera actriz \u00c1ngela Meyer. La programaci\u00f3n se extender\u00e1 del 6 de febrero al 17 de mayo de 2026 y reunir\u00e1 una amplia muestra del teatro&hellip;<\/p>\n<p class=\"more-link-p\"><a class=\"more-link\" href=\"https:\/\/bobvarela.com\/?p=176892\">Read more &rarr;<\/a><\/p>\n","protected":false},"author":1,"featured_media":0,"comment_status":"open","ping_status":"open","sticky":false,"template":"","format":"standard","meta":{"ngg_post_thumbnail":0,"footnotes":""},"categories":[3],"tags":[],"class_list":["post-176892","post","type-post","status-publish","format-standard","hentry","category-actividades"],"_links":{"self":[{"href":"https:\/\/bobvarela.com\/index.php?rest_route=\/wp\/v2\/posts\/176892","targetHints":{"allow":["GET"]}}],"collection":[{"href":"https:\/\/bobvarela.com\/index.php?rest_route=\/wp\/v2\/posts"}],"about":[{"href":"https:\/\/bobvarela.com\/index.php?rest_route=\/wp\/v2\/types\/post"}],"author":[{"embeddable":true,"href":"https:\/\/bobvarela.com\/index.php?rest_route=\/wp\/v2\/users\/1"}],"replies":[{"embeddable":true,"href":"https:\/\/bobvarela.com\/index.php?rest_route=%2Fwp%2Fv2%2Fcomments&post=176892"}],"version-history":[{"count":1,"href":"https:\/\/bobvarela.com\/index.php?rest_route=\/wp\/v2\/posts\/176892\/revisions"}],"predecessor-version":[{"id":176893,"href":"https:\/\/bobvarela.com\/index.php?rest_route=\/wp\/v2\/posts\/176892\/revisions\/176893"}],"wp:attachment":[{"href":"https:\/\/bobvarela.com\/index.php?rest_route=%2Fwp%2Fv2%2Fmedia&parent=176892"}],"wp:term":[{"taxonomy":"category","embeddable":true,"href":"https:\/\/bobvarela.com\/index.php?rest_route=%2Fwp%2Fv2%2Fcategories&post=176892"},{"taxonomy":"post_tag","embeddable":true,"href":"https:\/\/bobvarela.com\/index.php?rest_route=%2Fwp%2Fv2%2Ftags&post=176892"}],"curies":[{"name":"wp","href":"https:\/\/api.w.org\/{rel}","templated":true}]}}