{"id":176932,"date":"2026-02-02T08:37:17","date_gmt":"2026-02-02T12:37:17","guid":{"rendered":"https:\/\/bobvarela.com\/?p=176932"},"modified":"2026-02-02T08:37:17","modified_gmt":"2026-02-02T12:37:17","slug":"julien-fournie-desfile-de-alta-costura-primavera-verano-2026","status":"publish","type":"post","link":"https:\/\/bobvarela.com\/?p=176932","title":{"rendered":"Julien Fournie Desfile de Alta Costura Primavera Verano 2026"},"content":{"rendered":"<p align=\"justify\"><font size=\"3\">La \u00faltima colecci\u00f3n de alta costura de Julien Fourni\u00e9 lleg\u00f3 como un recordatorio de que la moda a\u00fan puede afirmar independencia, personalidad y narrativa a trav\u00e9s de los textiles. En lugar de ceder a la uniformidad o a la convenci\u00f3n, el dise\u00f1ador abraz\u00f3 la individualidad como principio rector, bas\u00e1ndose en su filosof\u00eda de larga data de que la alta costura alcanza su mayor poder cuando la articula el propio fundador de la casa viva. El cartel Primavera-Verano 2026 fue una v\u00edvida exploraci\u00f3n del car\u00e1cter, la energ\u00eda y la interacci\u00f3n social, traduciendo la diversidad de la vida parisina en prendas esculpidas que hablan tanto de actitud como de artesan\u00eda.<\/font><\/p>\n<p align=\"justify\"><font size=\"3\">Inspirado por el lema &#8220;Vivir juntos&#8221;, Fourni\u00e9 busc\u00f3 sus musas en las calles, trenes y caf\u00e9s de Par\u00eds. Los encuentros cotidianos con individuos audaces y expresivos\u2014cada uno con su propia est\u00e9tica distintiva\u2014formaron la base conceptual de la colecci\u00f3n. La pasarela se llen\u00f3 de un espectro de personalidades: chicos rebeldes que subvert\u00edan sutilmente los c\u00f3digos de vestimenta, princesas caprichosas que irradiaban encanto y elegancia, figuras &#8220;Nuevo Rom\u00e1ntico&#8221; impregnadas de un toque pop-cultural y arquetipos burgueses poco convencionales impregnados de sensibilidades vintage. Esta mezcla ecl\u00e9ctica dio a la colecci\u00f3n un esp\u00edritu animado y cosmopolita, celebrando la inclusi\u00f3n a trav\u00e9s de una perspectiva imaginativa.<\/font><\/p>\n<p><font size=\"3\"><\/p>\n<p align=\"justify\"><font size=\"3\"><\/font><\/p>\n<p><\/font><\/p>\n<p align=\"justify\"><font size=\"3\"><\/font><font size=\"3\">Las siluetas reflejaban esta dualidad de audacia y refinamiento. Las telas se esculp\u00edan en formas dram\u00e1ticas pero se mov\u00edan libremente, sugiriendo fluidez dentro de la estructura. Los adornos, los drapeados y las superposiciones alternaban entre teatralidad e intimidad, permitiendo que cada look contara su propia historia mientras permanec\u00eda anclada en la meticulosa confecci\u00f3n de Fourni\u00e9. La cuidadosa atenci\u00f3n del dise\u00f1ador a la proporci\u00f3n, el volumen y el detalle asegur\u00f3 que incluso los looks m\u00e1s juguetones o extravagantes mantuvieran un aire de elegancia y coherencia.<\/font><\/p>\n<p align=\"justify\"><font size=\"3\"><\/font><font size=\"3\"><\/font><font size=\"3\">El color y la textura jugaban un papel complementario, equilibrando audacia con sutileza. Tonos joya, pasteles apagados y neutros profundos se mezclaban, mientras que acentos met\u00e1licos y bordados punteaban las prendas con momentos de deleite visual. El efecto general fue una pasarela que oscilaba entre lo caprichoso y lo refinado, evocando la vida urbana y las interacciones humanas que inspiraron la colecci\u00f3n.<\/font><\/p>\n<p align=\"justify\"><font size=\"3\">De forma cr\u00edtica, Spring Summer 2026 de Fourni\u00e9 logra reafirmar la voz del dise\u00f1ador como autora de alta costura. Aunque algunos momentos tend\u00edan hacia la teatralidad, la colecci\u00f3n nunca perdi\u00f3 de vista la precisi\u00f3n t\u00e9cnica ni la facilidad de uso, ofreciendo una visi\u00f3n sofisticada pero l\u00fadica de la alta costura. Es una celebraci\u00f3n de la diversidad, el car\u00e1cter y la creatividad, que invita a quien lo lleva a abrazar la diferencia mientras capta la atenci\u00f3n con elegancia y encanto.<\/font><\/p>\n<p align=\"justify\">ngg_shortcode_0_placeholder<\/p>\n","protected":false},"excerpt":{"rendered":"<p>La \u00faltima colecci\u00f3n de alta costura de Julien Fourni\u00e9 lleg\u00f3 como un recordatorio de que la moda a\u00fan puede afirmar independencia, personalidad y narrativa a trav\u00e9s de los textiles. En lugar de ceder a la uniformidad o a la convenci\u00f3n,&hellip;<\/p>\n<p class=\"more-link-p\"><a class=\"more-link\" href=\"https:\/\/bobvarela.com\/?p=176932\">Read more &rarr;<\/a><\/p>\n","protected":false},"author":1,"featured_media":0,"comment_status":"open","ping_status":"open","sticky":false,"template":"","format":"standard","meta":{"ngg_post_thumbnail":0,"footnotes":""},"categories":[4,523],"tags":[],"class_list":["post-176932","post","type-post","status-publish","format-standard","hentry","category-moda","category-paris"],"_links":{"self":[{"href":"https:\/\/bobvarela.com\/index.php?rest_route=\/wp\/v2\/posts\/176932","targetHints":{"allow":["GET"]}}],"collection":[{"href":"https:\/\/bobvarela.com\/index.php?rest_route=\/wp\/v2\/posts"}],"about":[{"href":"https:\/\/bobvarela.com\/index.php?rest_route=\/wp\/v2\/types\/post"}],"author":[{"embeddable":true,"href":"https:\/\/bobvarela.com\/index.php?rest_route=\/wp\/v2\/users\/1"}],"replies":[{"embeddable":true,"href":"https:\/\/bobvarela.com\/index.php?rest_route=%2Fwp%2Fv2%2Fcomments&post=176932"}],"version-history":[{"count":1,"href":"https:\/\/bobvarela.com\/index.php?rest_route=\/wp\/v2\/posts\/176932\/revisions"}],"predecessor-version":[{"id":176933,"href":"https:\/\/bobvarela.com\/index.php?rest_route=\/wp\/v2\/posts\/176932\/revisions\/176933"}],"wp:attachment":[{"href":"https:\/\/bobvarela.com\/index.php?rest_route=%2Fwp%2Fv2%2Fmedia&parent=176932"}],"wp:term":[{"taxonomy":"category","embeddable":true,"href":"https:\/\/bobvarela.com\/index.php?rest_route=%2Fwp%2Fv2%2Fcategories&post=176932"},{"taxonomy":"post_tag","embeddable":true,"href":"https:\/\/bobvarela.com\/index.php?rest_route=%2Fwp%2Fv2%2Ftags&post=176932"}],"curies":[{"name":"wp","href":"https:\/\/api.w.org\/{rel}","templated":true}]}}