{"id":176981,"date":"2026-02-02T08:55:06","date_gmt":"2026-02-02T12:55:06","guid":{"rendered":"https:\/\/bobvarela.com\/?p=176981"},"modified":"2026-02-02T08:55:06","modified_gmt":"2026-02-02T12:55:06","slug":"desfile-de-alta-costura-primavera-verano-2026-de-zuhair-murad","status":"publish","type":"post","link":"https:\/\/bobvarela.com\/?p=176981","title":{"rendered":"Desfile de Alta Costura Primavera Verano 2026 de Zuhair Murad"},"content":{"rendered":"<p align=\"justify\"><font size=\"3\">Zuhair Murad volvi\u00f3 al glamour sin complejos para la primavera de verano de 2026, tomando profundamente de la Edad de Oro de Hollywood y de los poderosos arquetipos cinematogr\u00e1ficos encarnados por figuras como Katharine Hepburn. Tras varias m\u00e1s actuaciones contenidas en resorts y pr\u00eat-\u00e0-porter, el modista reafirm\u00f3 su dominio del espect\u00e1culo, presentando una colecci\u00f3n que celebraba la fuerza, la feminidad y el atractivo cinematogr\u00e1fico con renovada convicci\u00f3n.<\/font><\/p>\n<p align=\"justify\"><font size=\"3\">Las siluetas de hombros anchos formaban la columna vertebral estructural de la colecci\u00f3n, anclando vestidos transparentes y capas fluidas con una geometr\u00eda decidida. Aunque el resurgimiento de los hombros grandes suele estar vinculado a la nostalgia de los a\u00f1os 80, Murad mir\u00f3 m\u00e1s atr\u00e1s, a las pel\u00edculas de los a\u00f1os 40 que originalmente establecieron ese poderoso esquema. En sus manos, la silueta dej\u00f3 de ser un renacimiento retro y se convirti\u00f3 m\u00e1s en el car\u00e1cter: mujeres moldeadas por la determinaci\u00f3n, la independencia y la presencia. La interacci\u00f3n entre la estructura escult\u00f3rica y las telas suaves y di\u00e1fanas cre\u00f3 una tensi\u00f3n constante entre autoridad y gracia.<\/font><\/p>\n<p><font size=\"3\"><\/p>\n<p align=\"justify\"><font size=\"3\"><\/font><\/p>\n<p><\/font><\/p>\n<p align=\"justify\"><font size=\"3\"><\/font><font size=\"3\">El color y la superficie amplificaban esta narrativa. Murad tom\u00f3 literalmente el &#8220;dorado&#8221; de la Edad de Oro, inundando la pasarela de amarillos, met\u00e1licos c\u00e1lidos y un brillo implacable. Las columnas de lentejuelas brillaban con la intensidad de trofeos reci\u00e9n pulidos, mientras que cuentas y lam\u00e9 captaban la luz en olas, dise\u00f1adas para lograr el m\u00e1ximo impacto bajo flashes y l\u00e1mparas de ara\u00f1a. Eran vestidos concebidos para la alfombra roja, que llamaban la atenci\u00f3n sin disculpas y celebraban el drama de ser vistos.<\/font><\/p>\n<p align=\"justify\"><font size=\"3\"><\/font><font size=\"3\"><\/font><font size=\"3\">A pesar del brillo de la colecci\u00f3n, esta estaba sustentada por un mensaje m\u00e1s tranquilo de resiliencia. Murad reconoci\u00f3 que las tensiones continuas en Oriente Medio complicaban el proceso de producci\u00f3n, especialmente la obtenci\u00f3n de tejidos de Italia y Francia. Sin embargo, el atelier persever\u00f3, y esa sensaci\u00f3n de resistencia influy\u00f3 sutilmente en la obra, impregnando su glamour con una nota de desaf\u00edo y optimismo en lugar de mera evasi\u00f3n.<\/font><\/p>\n<p align=\"justify\"><font size=\"3\">Una adici\u00f3n notable fue la introducci\u00f3n de opulentas pieles sint\u00e9ticas, que aparecieron en estolas, fulares y abrigos de capullo sobredimensionados. A menudo adornadas con cuentas y cabochones, estas piezas a\u00f1ad\u00edan una nueva capa de teatralidad mientras se alineaban con un enfoque m\u00e1s \u00e9tico del lujo. Sus vol\u00famenes lujosos contrastaban de forma llamativa con los vestidos elegantes que rozaban el cuerpo que hab\u00eda debajo, reforzando el juego de la colecci\u00f3n entre la suavidad y el poder.<\/font><\/p>\n<p align=\"justify\"><font size=\"3\">De manera cr\u00edtica, Primavera-Verano 2026 no busc\u00f3 reinventar el lenguaje de alta costura de Murad, sino refinarlo e intensificarlo. En ocasiones, el \u00e9nfasis en el brillo y la escala rozaba el exceso, pero ese exceso es central para su atractivo. Al canalizar la mitolog\u00eda dorada de Hollywood a trav\u00e9s de una lente moderna de fuerza y perseverancia femenina, Murad entreg\u00f3 una colecci\u00f3n que resultaba tanto nost\u00e1lgicamente opulenta como emocionalmente resonante\u2014una reafirmaci\u00f3n segura del glamour como forma de empoderamiento.<\/font><\/p>\n<p align=\"justify\">ngg_shortcode_0_placeholder<\/p>\n","protected":false},"excerpt":{"rendered":"<p>Zuhair Murad volvi\u00f3 al glamour sin complejos para la primavera de verano de 2026, tomando profundamente de la Edad de Oro de Hollywood y de los poderosos arquetipos cinematogr\u00e1ficos encarnados por figuras como Katharine Hepburn. Tras varias m\u00e1s actuaciones contenidas&hellip;<\/p>\n<p class=\"more-link-p\"><a class=\"more-link\" href=\"https:\/\/bobvarela.com\/?p=176981\">Read more &rarr;<\/a><\/p>\n","protected":false},"author":1,"featured_media":0,"comment_status":"open","ping_status":"open","sticky":false,"template":"","format":"standard","meta":{"ngg_post_thumbnail":0,"footnotes":""},"categories":[4,523],"tags":[],"class_list":["post-176981","post","type-post","status-publish","format-standard","hentry","category-moda","category-paris"],"_links":{"self":[{"href":"https:\/\/bobvarela.com\/index.php?rest_route=\/wp\/v2\/posts\/176981","targetHints":{"allow":["GET"]}}],"collection":[{"href":"https:\/\/bobvarela.com\/index.php?rest_route=\/wp\/v2\/posts"}],"about":[{"href":"https:\/\/bobvarela.com\/index.php?rest_route=\/wp\/v2\/types\/post"}],"author":[{"embeddable":true,"href":"https:\/\/bobvarela.com\/index.php?rest_route=\/wp\/v2\/users\/1"}],"replies":[{"embeddable":true,"href":"https:\/\/bobvarela.com\/index.php?rest_route=%2Fwp%2Fv2%2Fcomments&post=176981"}],"version-history":[{"count":1,"href":"https:\/\/bobvarela.com\/index.php?rest_route=\/wp\/v2\/posts\/176981\/revisions"}],"predecessor-version":[{"id":176982,"href":"https:\/\/bobvarela.com\/index.php?rest_route=\/wp\/v2\/posts\/176981\/revisions\/176982"}],"wp:attachment":[{"href":"https:\/\/bobvarela.com\/index.php?rest_route=%2Fwp%2Fv2%2Fmedia&parent=176981"}],"wp:term":[{"taxonomy":"category","embeddable":true,"href":"https:\/\/bobvarela.com\/index.php?rest_route=%2Fwp%2Fv2%2Fcategories&post=176981"},{"taxonomy":"post_tag","embeddable":true,"href":"https:\/\/bobvarela.com\/index.php?rest_route=%2Fwp%2Fv2%2Ftags&post=176981"}],"curies":[{"name":"wp","href":"https:\/\/api.w.org\/{rel}","templated":true}]}}