{"id":177200,"date":"2026-02-03T10:48:44","date_gmt":"2026-02-03T14:48:44","guid":{"rendered":"https:\/\/bobvarela.com\/?p=177200"},"modified":"2026-02-03T10:48:44","modified_gmt":"2026-02-03T14:48:44","slug":"antonio-grimaldi-desfile-de-alta-costura-primavera-verano-2026","status":"publish","type":"post","link":"https:\/\/bobvarela.com\/?p=177200","title":{"rendered":"Antonio Grimaldi Desfile de Alta Costura Primavera Verano 2026"},"content":{"rendered":"<p align=\"justify\"><font size=\"3\">Antonio Grimaldi present\u00f3 su colecci\u00f3n Primavera-Verano 2026 Alta Moda, titulada &#8220;SUCCEDE SOLO TRA DONNE&#8221;, durante un desfile exclusivo el 25 de enero de 2026. Esta colecci\u00f3n evoca una profunda intimidad y complicidad entre mujeres, celebrando un lenguaje visual que transmite emociones sin palabras. Grimaldi expresa magistralmente una historia de amor que no est\u00e1 pensada para ser narrada, sino percibida a trav\u00e9s del sentimiento palpable que impregna cada prenda.<\/font><\/p>\n<p align=\"justify\"><font size=\"3\">La colecci\u00f3n se caracteriza por tejidos lujosos y siluetas elegantes, todas dise\u00f1adas para reflejar la belleza y la fuerza femeninas. Cada pieza parece contar un cap\u00edtulo de un v\u00ednculo \u00fanico, donde los detalles meticulosos recuerdan a un arte refinado y una est\u00e9tica atemporal. El uso de tonos pastel junto con acentos audaces resalta el di\u00e1logo entre emoci\u00f3n y creatividad, creando una armon\u00eda visual que cautiva al p\u00fablico.<\/font><\/p>\n<p><font size=\"3\"><\/p>\n<p align=\"justify\"><font size=\"3\"><\/font><\/p>\n<p><\/font><\/p>\n<p><font size=\"3\"><\/font><font size=\"3\">La interpretaci\u00f3n art\u00edstica de Grimaldi trasciende la vestimenta; Se manifiesta en la forma en que los modelos interact\u00faan entre s\u00ed, evocando un sentido de comunidad y conexi\u00f3n. &#8220;SUCCEDE SOLO TRA DONNE&#8221; no es simplemente moda; es una celebraci\u00f3n de la feminidad, donde las mujeres encuentran su voz y fuerza a trav\u00e9s de las creaciones de Grimaldi, dejando una huella imborrable en el paisaje de Alta Moda.<\/font><\/p>\nngg_shortcode_0_placeholder\n","protected":false},"excerpt":{"rendered":"<p>Antonio Grimaldi present\u00f3 su colecci\u00f3n Primavera-Verano 2026 Alta Moda, titulada &#8220;SUCCEDE SOLO TRA DONNE&#8221;, durante un desfile exclusivo el 25 de enero de 2026. Esta colecci\u00f3n evoca una profunda intimidad y complicidad entre mujeres, celebrando un lenguaje visual que transmite&hellip;<\/p>\n<p class=\"more-link-p\"><a class=\"more-link\" href=\"https:\/\/bobvarela.com\/?p=177200\">Read more &rarr;<\/a><\/p>\n","protected":false},"author":1,"featured_media":0,"comment_status":"open","ping_status":"open","sticky":false,"template":"","format":"standard","meta":{"ngg_post_thumbnail":0,"footnotes":""},"categories":[4,523],"tags":[],"class_list":["post-177200","post","type-post","status-publish","format-standard","hentry","category-moda","category-paris"],"_links":{"self":[{"href":"https:\/\/bobvarela.com\/index.php?rest_route=\/wp\/v2\/posts\/177200","targetHints":{"allow":["GET"]}}],"collection":[{"href":"https:\/\/bobvarela.com\/index.php?rest_route=\/wp\/v2\/posts"}],"about":[{"href":"https:\/\/bobvarela.com\/index.php?rest_route=\/wp\/v2\/types\/post"}],"author":[{"embeddable":true,"href":"https:\/\/bobvarela.com\/index.php?rest_route=\/wp\/v2\/users\/1"}],"replies":[{"embeddable":true,"href":"https:\/\/bobvarela.com\/index.php?rest_route=%2Fwp%2Fv2%2Fcomments&post=177200"}],"version-history":[{"count":1,"href":"https:\/\/bobvarela.com\/index.php?rest_route=\/wp\/v2\/posts\/177200\/revisions"}],"predecessor-version":[{"id":177201,"href":"https:\/\/bobvarela.com\/index.php?rest_route=\/wp\/v2\/posts\/177200\/revisions\/177201"}],"wp:attachment":[{"href":"https:\/\/bobvarela.com\/index.php?rest_route=%2Fwp%2Fv2%2Fmedia&parent=177200"}],"wp:term":[{"taxonomy":"category","embeddable":true,"href":"https:\/\/bobvarela.com\/index.php?rest_route=%2Fwp%2Fv2%2Fcategories&post=177200"},{"taxonomy":"post_tag","embeddable":true,"href":"https:\/\/bobvarela.com\/index.php?rest_route=%2Fwp%2Fv2%2Ftags&post=177200"}],"curies":[{"name":"wp","href":"https:\/\/api.w.org\/{rel}","templated":true}]}}