{"id":177325,"date":"2026-02-05T15:46:22","date_gmt":"2026-02-05T19:46:22","guid":{"rendered":"https:\/\/bobvarela.com\/?p=177325"},"modified":"2026-02-05T15:46:22","modified_gmt":"2026-02-05T19:46:22","slug":"el-desfile-de-moda-the-garment-otoo-invierno-2026-27","status":"publish","type":"post","link":"https:\/\/bobvarela.com\/?p=177325","title":{"rendered":"El desfile de moda The Garment Oto&ntilde;o Invierno 2026-27"},"content":{"rendered":"<p align=\"justify\"><font size=\"3\">Un tranquilo sentido de compostura defini\u00f3 la presentaci\u00f3n oto\u00f1o-invierno 2026\u20132027 de The Garment en la Semana de la Moda de Copenhague, donde la colecci\u00f3n se despleg\u00f3 menos como un espect\u00e1culo y m\u00e1s como un interior cuidadosamente editado. Inspir\u00e1ndose en el modernismo contenido del Pabell\u00f3n Langelinie de Eva Koppel, la exposici\u00f3n propon\u00eda a una mujer que se mueve por el espacio como una comisaria, atenta a la luz, la proporci\u00f3n y la poes\u00eda de los rituales cotidianos.<\/font><\/p>\n<p align=\"justify\"><font size=\"3\">La ropa reflejaba esa sensibilidad arquitect\u00f3nica. Los transl\u00facidos de varias capas suavizaban el contorno de las siluetas entalladas, mientras que los tejidos merino y la lana de doble cara aportaban una densidad tranquilizadora. Una fuerte espina de pescado portuguesa anclaba el vestuario con una sensaci\u00f3n de estructura, contrastando con la delicadeza de los vestidos de seda que reconoc\u00edan, con contenci\u00f3n del norte, la elegancia de las prendas tradicionales de Macao. El resultado fue un di\u00e1logo entre solidez y transparencia, un tema recurrente que recorr\u00eda abrigos, camisas y piezas de noche fluidas.<\/font><font size=\"3\"><ins><\/p>\n<p align=\"justify\"><font size=\"3\"><\/font><\/p>\n<p><\/ins><\/p>\n<p align=\"justify\"><font size=\"3\"><\/font><\/p>\n<p><\/font><font size=\"3\"><\/font><font size=\"3\">El color desempe\u00f1\u00f3 un papel igualmente controlado. El azul marino y el negro ofrec\u00edan un marco disciplinado, mientras que el marfil y las tostadas c\u00e1lidas elevaban la paleta con luz. Los tonos m\u00e1s profundos de merlot y espresso aportaban intimidad, permitiendo que la colecci\u00f3n pasara sin esfuerzo del d\u00eda a la tarde sin cambiar su estado de \u00e1nimo subyacente. Era una paleta dise\u00f1ada para habitar interiores tanto como la ciudad, expresiva en silencio en lugar de declarativa.<\/font><\/p>\n<p align=\"justify\"><font size=\"3\"><\/font><font size=\"3\"><\/font><font size=\"3\">La narrativa de la mujer como anfitriona, profesional y lectora privada en su sof\u00e1 estaba sutilmente integrada en el estilo. Las camisas transparentes se colgaban con facilidad, las prendas a la medida manten\u00edan su l\u00ednea y los looks en capas suger\u00edan prendas habitadas en lugar de simplemente exhibidas. Esta sensaci\u00f3n de intimidad dot\u00f3 a la colecci\u00f3n de una dimensi\u00f3n humana, anclando sus referencias arquitect\u00f3nicas en gestos reales y ritmos cotidianos.<\/font><\/p>\n<p align=\"justify\"><font size=\"3\">El oto\u00f1o invierno 2026\u20132027 tambi\u00e9n marc\u00f3 el lanzamiento de la primera l\u00ednea de calzado de The Garment, que tradujo la est\u00e9tica de la marca en una oferta compacta pero reflexiva. Botas escult\u00f3ricas con relieve de cocodrilo, zapatos de tac\u00f3n de gatito refinados, mocasines acolchados de piel de cordero y bailarinas t\u00e1ctiles con pelo de pantorrilla y piel extend\u00edan el di\u00e1logo entre estructura y suavidad. Elaboradas en un taller familiar en el sur de Espa\u00f1a, estas zapatillas a\u00f1ad\u00edan una capa t\u00e1ctil y realista a la visi\u00f3n general.<\/font><\/p>\n<p align=\"justify\"><font size=\"3\">Aunque la colecci\u00f3n no pretend\u00eda alterar ni dramatizar, su fortaleza resid\u00eda en la coherencia y la claridad. Al enmarcar la moda como algo que hay que curar en lugar de consumir, The Garment ofreci\u00f3 una temporada que resultaba equilibrada, deliberada y discretamente segura \u2014 un vestuario dise\u00f1ado para mujeres que entienden que la presencia suele ser m\u00e1s poderosa cuando se mantiene discreta.<\/font><\/p>\n<p align=\"justify\">ngg_shortcode_0_placeholder<\/p>\n<p align=\"justify\"><font size=\"3\"><\/font><\/p>\n","protected":false},"excerpt":{"rendered":"<p>Un tranquilo sentido de compostura defini\u00f3 la presentaci\u00f3n oto\u00f1o-invierno 2026\u20132027 de The Garment en la Semana de la Moda de Copenhague, donde la colecci\u00f3n se despleg\u00f3 menos como un espect\u00e1culo y m\u00e1s como un interior cuidadosamente editado. Inspir\u00e1ndose en el&hellip;<\/p>\n<p class=\"more-link-p\"><a class=\"more-link\" href=\"https:\/\/bobvarela.com\/?p=177325\">Read more &rarr;<\/a><\/p>\n","protected":false},"author":1,"featured_media":0,"comment_status":"open","ping_status":"open","sticky":false,"template":"","format":"standard","meta":{"ngg_post_thumbnail":0,"footnotes":""},"categories":[4],"tags":[],"class_list":["post-177325","post","type-post","status-publish","format-standard","hentry","category-moda"],"_links":{"self":[{"href":"https:\/\/bobvarela.com\/index.php?rest_route=\/wp\/v2\/posts\/177325","targetHints":{"allow":["GET"]}}],"collection":[{"href":"https:\/\/bobvarela.com\/index.php?rest_route=\/wp\/v2\/posts"}],"about":[{"href":"https:\/\/bobvarela.com\/index.php?rest_route=\/wp\/v2\/types\/post"}],"author":[{"embeddable":true,"href":"https:\/\/bobvarela.com\/index.php?rest_route=\/wp\/v2\/users\/1"}],"replies":[{"embeddable":true,"href":"https:\/\/bobvarela.com\/index.php?rest_route=%2Fwp%2Fv2%2Fcomments&post=177325"}],"version-history":[{"count":1,"href":"https:\/\/bobvarela.com\/index.php?rest_route=\/wp\/v2\/posts\/177325\/revisions"}],"predecessor-version":[{"id":177326,"href":"https:\/\/bobvarela.com\/index.php?rest_route=\/wp\/v2\/posts\/177325\/revisions\/177326"}],"wp:attachment":[{"href":"https:\/\/bobvarela.com\/index.php?rest_route=%2Fwp%2Fv2%2Fmedia&parent=177325"}],"wp:term":[{"taxonomy":"category","embeddable":true,"href":"https:\/\/bobvarela.com\/index.php?rest_route=%2Fwp%2Fv2%2Fcategories&post=177325"},{"taxonomy":"post_tag","embeddable":true,"href":"https:\/\/bobvarela.com\/index.php?rest_route=%2Fwp%2Fv2%2Ftags&post=177325"}],"curies":[{"name":"wp","href":"https:\/\/api.w.org\/{rel}","templated":true}]}}