{"id":177866,"date":"2026-02-15T11:18:29","date_gmt":"2026-02-15T15:18:29","guid":{"rendered":"https:\/\/bobvarela.com\/?p=177866"},"modified":"2026-02-15T11:18:29","modified_gmt":"2026-02-15T15:18:29","slug":"desfile-de-moda-otoo-invierno-2026-27-de-ashlyn","status":"publish","type":"post","link":"https:\/\/bobvarela.com\/?p=177866","title":{"rendered":"Desfile de moda oto&ntilde;o invierno 2026-27 de Ashlyn"},"content":{"rendered":"<p align=\"justify\"><font size=\"3\">Tras un a\u00f1o marcado por los reconocimientos \u2014el premio CFDA Emerging Designer of the Year y el premio CFDA\/Vogue Fashion Fund 2025\u2014, Ashlynn Park afront\u00f3 el oto\u00f1o invierno 2026 con un enfoque tranquilo y riguroso. Tras cerrar su estudio y alejarse del foco medi\u00e1tico, Park volvi\u00f3 a su oficio con renovada atenci\u00f3n, canalizando una doble sensibilidad que refleja tanto su herencia coreana como su experiencia vivida en Estados Unidos. Esta sensaci\u00f3n de duplicaci\u00f3n\u2014entre enfoques orientales y occidentales, entre el p\u00fablico y lo personal\u2014impregnaba la colecci\u00f3n, dot\u00e1ndole de profundidad y una precisi\u00f3n reflexiva.<\/font><\/p>\n<p align=\"justify\"><font size=\"3\">La temporada se basaba en el vocabulario vern\u00e1culo, un concepto que Park describe como &#8220;lo que se comparte, lo que es com\u00fan, lo que pertenece al pueblo&#8221;. Sin embargo, de este punto de partida surgi\u00f3 una colecci\u00f3n que no parec\u00eda nada ordinaria. Un conjunto en blanco y negro sobre una camiseta de citrona \u00e1cida abri\u00f3 el desfile, contrastando colores vivos con un jersey fruncido que se balanceaba suavemente sobre pantalones drapeados. Una chaqueta doble de cachemira con respaldo vasco proporcionaba contrapuntos estructurales, envolviendo el cuerpo como un lirio de calla, mientras que los tweeds \u00e1cidos reaparec\u00edan como peplums enmarcando la cintura y extendi\u00e9ndose a lo largo de las piernas. Los caracter\u00edsticos trajes deconstruidos de Park estaban representados de forma et\u00e9rea, con puntadas expuestas que parec\u00edan flotar sobre la tela, enfatizando un equilibrio entre artesan\u00eda y facilidad.<\/font><\/p>\n<p align=\"justify\"><font size=\"3\">La colecci\u00f3n exploraba la tensi\u00f3n entre las l\u00edneas masculinas y femeninas, transformando pantalones curvados de chico en pantalones curvil\u00edneas, envolviendo el cuerpo con una chaqueta de shearling envuelta y refinando una chaqueta de piel de ternera con cremallera delantera como mantequilla. Incluso la cl\u00e1sica camisa blanca de botones fue reinventada, contorneada en la cintura y ensanchada en las caderas con mangas holgadas tipo batwing, demostrando la fluidez de Park en el drapeado tridimensional junto con la precisi\u00f3n de patrones planos. Una pieza de tafet\u00e1n de seda cerr\u00f3 el desfile, mon\u00e1stica al frente pero sensualmente abierta al fondo, encapsulando el dominio del dise\u00f1ador sobre la forma y el movimiento.<\/font><\/p>\n<p align=\"justify\"><font size=\"3\">La textura jug\u00f3 un papel definitorio a lo largo de FW26. El fleco de lana muy apilado, combinado con boucl\u00e9s melanc\u00f3licos nevados, aportaba una energ\u00eda cin\u00e9tica que recordaba la pintura abstracta, manteni\u00e9ndose firme en la precisi\u00f3n. La obra de Park, visualmente atrevida pero meticulosamente pensada, equilibra la intuici\u00f3n y el rigor t\u00e9cnico\u2014una combinaci\u00f3n que permite que las prendas se muevan, se curben y llamen la atenci\u00f3n como esculturas vivas. La colecci\u00f3n afirmaba la capacidad de Park para fusionar artesan\u00eda, profundidad conceptual y facilidad de uso, creando piezas que resultan tanto \u00edntimamente personales como universalmente resonantes.<\/font><\/p>\n<p align=\"justify\">ngg_shortcode_0_placeholder<\/p>\n","protected":false},"excerpt":{"rendered":"<p>Tras un a\u00f1o marcado por los reconocimientos \u2014el premio CFDA Emerging Designer of the Year y el premio CFDA\/Vogue Fashion Fund 2025\u2014, Ashlynn Park afront\u00f3 el oto\u00f1o invierno 2026 con un enfoque tranquilo y riguroso. Tras cerrar su estudio y&hellip;<\/p>\n<p class=\"more-link-p\"><a class=\"more-link\" href=\"https:\/\/bobvarela.com\/?p=177866\">Read more &rarr;<\/a><\/p>\n","protected":false},"author":1,"featured_media":0,"comment_status":"open","ping_status":"open","sticky":false,"template":"","format":"standard","meta":{"ngg_post_thumbnail":0,"footnotes":""},"categories":[4,295],"tags":[],"class_list":["post-177866","post","type-post","status-publish","format-standard","hentry","category-moda","category-puerto-rico"],"_links":{"self":[{"href":"https:\/\/bobvarela.com\/index.php?rest_route=\/wp\/v2\/posts\/177866","targetHints":{"allow":["GET"]}}],"collection":[{"href":"https:\/\/bobvarela.com\/index.php?rest_route=\/wp\/v2\/posts"}],"about":[{"href":"https:\/\/bobvarela.com\/index.php?rest_route=\/wp\/v2\/types\/post"}],"author":[{"embeddable":true,"href":"https:\/\/bobvarela.com\/index.php?rest_route=\/wp\/v2\/users\/1"}],"replies":[{"embeddable":true,"href":"https:\/\/bobvarela.com\/index.php?rest_route=%2Fwp%2Fv2%2Fcomments&post=177866"}],"version-history":[{"count":1,"href":"https:\/\/bobvarela.com\/index.php?rest_route=\/wp\/v2\/posts\/177866\/revisions"}],"predecessor-version":[{"id":177867,"href":"https:\/\/bobvarela.com\/index.php?rest_route=\/wp\/v2\/posts\/177866\/revisions\/177867"}],"wp:attachment":[{"href":"https:\/\/bobvarela.com\/index.php?rest_route=%2Fwp%2Fv2%2Fmedia&parent=177866"}],"wp:term":[{"taxonomy":"category","embeddable":true,"href":"https:\/\/bobvarela.com\/index.php?rest_route=%2Fwp%2Fv2%2Fcategories&post=177866"},{"taxonomy":"post_tag","embeddable":true,"href":"https:\/\/bobvarela.com\/index.php?rest_route=%2Fwp%2Fv2%2Ftags&post=177866"}],"curies":[{"name":"wp","href":"https:\/\/api.w.org\/{rel}","templated":true}]}}