{"id":178260,"date":"2026-02-26T07:01:45","date_gmt":"2026-02-26T11:01:45","guid":{"rendered":"https:\/\/bobvarela.com\/?p=178260"},"modified":"2026-02-26T07:01:45","modified_gmt":"2026-02-26T11:01:45","slug":"comienzan-las-semifinales-de-poetry-out-loud-puerto-rico-2026","status":"publish","type":"post","link":"https:\/\/bobvarela.com\/?p=178260","title":{"rendered":"Comienzan las semifinales de Poetry Out Loud Puerto Rico 2026"},"content":{"rendered":"<p align=\"center\"><font size=\"3\"><a href=\"https:\/\/bobvarela.com\/wp-content\/uploads\/2026\/02\/POLPR2026.jpg\"><img loading=\"lazy\" decoding=\"async\" width=\"342\" height=\"230\" title=\"POLPR2026\" style=\"display: inline; background-image: none;\" alt=\"POLPR2026\" src=\"https:\/\/bobvarela.com\/wp-content\/uploads\/2026\/02\/POLPR2026_thumb.jpg\" border=\"0\"\/><\/a><\/font><\/p>\n<p align=\"justify\"><font size=\"3\">El Instituto de Cultura Puertorrique\u00f1a (ICP) celebrar\u00e1 este viernes, 27 de febrero, a la 1:00 p.m., la segunda semifinal de Poetry Out Loud Puerto Rico 2026 en el Teatro Balboa Armando \u201cChucho\u201d Avellanet, en Mayag\u00fcez. El certamen re\u00fane a estudiantes de noveno a duod\u00e9cimo grado de escuelas p\u00fablicas y privadas en una competencia de recitaci\u00f3n po\u00e9tica en ingl\u00e9s.<\/font><\/p>\n<p align=\"justify\"><font size=\"3\">En esta ronda competir\u00e1n estudiantes de las siguientes escuelas: Escuela Superior Abelardo Mart\u00ednez Otero en Arecibo; Escuela Superior Alejandro Tapia y Rivera en Lajas; Colegio Nuestra Se\u00f1ora del Carmen en Hatillo; Colegio Presbiteriano Rehma en Hormigueros; Centro Residencial de Oportunidades Educativas de Mayag\u00fcez (CROEM); Escuela Superior Vocacional Dr. Pedro Perea Fajardo en Mayag\u00fcez; Escuela Especializada en Idiomas Alcides Figueroa en Aibonito; Escuela Superior In\u00e9s Mar\u00eda Mendoza en Cabo Rojo; Inspiration Christian Academy en Cabo Rojo; Escuela Superior Leonides Morales Rodr\u00edguez en Lajas; Escuela Superior Lorenzo Coballes Gand\u00eda en Hatillo; Escuela Superior Luis Mu\u00f1oz Mar\u00edn en A\u00f1asco; Marazul Academy en Cabo Rojo; Mil M\u00e1scaras Academy en Hormigueros; Escuela Superior Segundo Ruiz Belvis en Hormigueros; y Washburn School en Ponce.<\/font><\/p>\n<p align=\"center\"><font size=\"3\"><a href=\"https:\/\/bobvarela.com\/wp-content\/uploads\/2026\/02\/POLPR20263.jpg\"><img loading=\"lazy\" decoding=\"async\" width=\"432\" height=\"290\" title=\"POLPR20263\" style=\"display: inline; background-image: none;\" alt=\"POLPR20263\" src=\"https:\/\/bobvarela.com\/wp-content\/uploads\/2026\/02\/POLPR20263_thumb.jpg\" border=\"0\"\/><\/a><\/font><\/p>\n<p align=\"justify\"><font size=\"3\">Poetry Out Loud es una iniciativa de educaci\u00f3n art\u00edstica que se realiza en colaboraci\u00f3n con el National Endowment for the Arts y Mid Atlantic Arts. El proyecto promueve el estudio y la apreciaci\u00f3n de la poes\u00eda, ofreciendo materiales educativos gratuitos para docentes y estudiantes. Esta edici\u00f3n se celebra en reconocimiento del 250 aniversario de los Estados Unidos y cuenta con la participaci\u00f3n de 30 escuelas en las competencias regionales. Como parte del proceso, los concursantes deben recitar de memoria poemas seleccionados de la antolog\u00eda oficial de esta edici\u00f3n.<\/font><\/p>\n<p align=\"justify\"><font size=\"3\">Durante el proceso, los estudiantes reciben mentor\u00eda de poetas, artistas puertorrique\u00f1os y de sus docentes, quienes acompa\u00f1an su desarrollo art\u00edstico. Tras las distintas etapas del certamen se selecciona al representante a nivel estatal. La persona ganadora competir\u00e1 a nivel nacional junto a los campeones de todos los estados y territorios de los Estados Unidos. Desde su creaci\u00f3n en 2005, m\u00e1s de 4.5 millones de estudiantes han participado en esta iniciativa a nivel nacional.<\/font><\/p>\n<p align=\"center\"><a href=\"https:\/\/bobvarela.com\/wp-content\/uploads\/2026\/02\/POLPR20262.jpg\"><img loading=\"lazy\" decoding=\"async\" width=\"345\" height=\"232\" title=\"POLPR20262\" style=\"display: inline; background-image: none;\" alt=\"POLPR20262\" src=\"https:\/\/bobvarela.com\/wp-content\/uploads\/2026\/02\/POLPR20262_thumb.jpg\" border=\"0\"\/><\/a><\/p>\n<p align=\"justify\"><font size=\"3\">La primera semifinal de esta edici\u00f3n se llev\u00f3 a cabo el pasado 11 de febrero en el Centro de Bellas Artes Modesto Nieves en Naranjito, con la participaci\u00f3n de catorce instituciones educativas. Como resultado de esa jornada, seis estudiantes avanzaron a la Competencia Final, que se celebrar\u00e1 el viernes, 13 de marzo, a las 9:00 a.m., en el Teatro Francisco Arriv\u00ed en Santurce.<\/font><\/p>\n<p align=\"justify\"><font size=\"3\">Los finalistas son: Victoria Antonia Arencibia, de la Escuela Secundaria de la Universidad de Puerto Rico (UHS); Yrianess Rivera Rodr\u00edguez, de la Escuela Especializada en Idiomas Rafael Pont Flores en Aibonito; Daniela Garc\u00eda Andujar, de Saint Francis School en Carolina; Mar\u00eda Mercedes M\u00e9ndez Cruz, de Saint John\u2019s School en San Juan; David D\u2019Aguilar, de The School of San Juan; y Paola Morera, de Dorado Academy en Dorado.<\/font><\/p>\n<p align=\"justify\"><font size=\"3\">Durante esa primera ronda participaron estudiantes de las siguientes instituciones: Academia Biling\u00fce Visi\u00f3n Educativa en Las Piedras; American Military Academy en Bayam\u00f3n; Benjamin Harrison Vocational High School en Cayey; Colegio Congregaci\u00f3n Mita en San Juan; Colegio San Ignacio de Loyola en San Juan; Dorado Academy en Dorado; Escuela Especializada en Ciencias y Matem\u00e1ticas University Gardens en San Juan; Escuela Especializada en Matem\u00e1ticas, Ciencias y Tecnolog\u00eda en San Juan; Escuela Secundaria de la Universidad de Puerto Rico en San Juan; Escuela Especializada en Idiomas Rafael Pont Flores en Aibonito; Saint Francis School en Carolina; Saint John\u2019s School en San Juan; The Palmas Academy en Humacao; y The School of San Juan en San Juan.<\/font><\/p>\n<p align=\"justify\"><font size=\"3\">El campe\u00f3n o campeona representar\u00e1 a Puerto Rico en la competencia nacional de Poetry Out Loud en Washington, D.C., del 27 al 29 de abril de 2026, con todos los gastos pagos y la oportunidad de ganar 50,000 d\u00f3lares en premios y estipendios escolares. <\/font><\/p>\n","protected":false},"excerpt":{"rendered":"<p>El Instituto de Cultura Puertorrique\u00f1a (ICP) celebrar\u00e1 este viernes, 27 de febrero, a la 1:00 p.m., la segunda semifinal de Poetry Out Loud Puerto Rico 2026 en el Teatro Balboa Armando \u201cChucho\u201d Avellanet, en Mayag\u00fcez. El certamen re\u00fane a estudiantes&hellip;<\/p>\n<p class=\"more-link-p\"><a class=\"more-link\" href=\"https:\/\/bobvarela.com\/?p=178260\">Read more &rarr;<\/a><\/p>\n","protected":false},"author":1,"featured_media":0,"comment_status":"open","ping_status":"open","sticky":false,"template":"","format":"standard","meta":{"ngg_post_thumbnail":0,"footnotes":""},"categories":[3],"tags":[],"class_list":["post-178260","post","type-post","status-publish","format-standard","hentry","category-actividades"],"_links":{"self":[{"href":"https:\/\/bobvarela.com\/index.php?rest_route=\/wp\/v2\/posts\/178260","targetHints":{"allow":["GET"]}}],"collection":[{"href":"https:\/\/bobvarela.com\/index.php?rest_route=\/wp\/v2\/posts"}],"about":[{"href":"https:\/\/bobvarela.com\/index.php?rest_route=\/wp\/v2\/types\/post"}],"author":[{"embeddable":true,"href":"https:\/\/bobvarela.com\/index.php?rest_route=\/wp\/v2\/users\/1"}],"replies":[{"embeddable":true,"href":"https:\/\/bobvarela.com\/index.php?rest_route=%2Fwp%2Fv2%2Fcomments&post=178260"}],"version-history":[{"count":1,"href":"https:\/\/bobvarela.com\/index.php?rest_route=\/wp\/v2\/posts\/178260\/revisions"}],"predecessor-version":[{"id":178261,"href":"https:\/\/bobvarela.com\/index.php?rest_route=\/wp\/v2\/posts\/178260\/revisions\/178261"}],"wp:attachment":[{"href":"https:\/\/bobvarela.com\/index.php?rest_route=%2Fwp%2Fv2%2Fmedia&parent=178260"}],"wp:term":[{"taxonomy":"category","embeddable":true,"href":"https:\/\/bobvarela.com\/index.php?rest_route=%2Fwp%2Fv2%2Fcategories&post=178260"},{"taxonomy":"post_tag","embeddable":true,"href":"https:\/\/bobvarela.com\/index.php?rest_route=%2Fwp%2Fv2%2Ftags&post=178260"}],"curies":[{"name":"wp","href":"https:\/\/api.w.org\/{rel}","templated":true}]}}