{"id":178381,"date":"2026-02-27T10:07:46","date_gmt":"2026-02-27T14:07:46","guid":{"rendered":"https:\/\/bobvarela.com\/?p=178381"},"modified":"2026-02-27T10:07:46","modified_gmt":"2026-02-27T14:07:46","slug":"toroverde-parks-presenta-su-expansin-global-y-nueva-campaa-masiva","status":"publish","type":"post","link":"https:\/\/bobvarela.com\/?p=178381","title":{"rendered":"TOROVERDE PARKS PRESENTA SU EXPANSI&Oacute;N GLOBAL Y NUEVA CAMPA&Ntilde;A MASIVA"},"content":{"rendered":"<p align=\"center\"><a href=\"https:\/\/bobvarela.com\/wp-content\/uploads\/2026\/02\/DSC06414-Enhanced-NR.jpg\"><img loading=\"lazy\" decoding=\"async\" width=\"360\" height=\"242\" title=\"DSC06414-Enhanced-NR\" style=\"display: inline; background-image: none;\" alt=\"DSC06414-Enhanced-NR\" src=\"https:\/\/bobvarela.com\/wp-content\/uploads\/2026\/02\/DSC06414-Enhanced-NR_thumb.jpg\" border=\"0\"\/><\/a><\/p>\n<p align=\"justify\"><font size=\"3\">Toroverde Parks celebr\u00f3 el evento <b>\u201cSomos Toroverde Parks\u201d<\/b>, una presentaci\u00f3n oficial que marc\u00f3 un nuevo cap\u00edtulo en la evoluci\u00f3n de la marca, destacando su expansi\u00f3n internacional, nuevas alianzas estrat\u00e9gicas y su continuo posicionamiento de Puerto Rico en toda la merca latina.<\/font><\/p>\n<p align=\"justify\"><font size=\"3\">Durante la actividad el se\u00f1or <i>Jorge Jorge, CEO<\/i> <i>de Toroverde<\/i> anunci\u00f3 la consolidaci\u00f3n de operaciones en <b>Puerto Rico, Espa\u00f1a y Miami<\/b>, fortaleciendo su presencia global y ampliando su alcance hacia nuevos mercados como <b>Cuenca, Espa\u00f1a<\/b>, y el sur de la Florida, reafirmando su compromiso con la expansi\u00f3n internacional de experiencias de aventura y entretenimiento de clase mundial.<\/font><\/p>\n<p align=\"justify\"><font size=\"3\">Con una expansi\u00f3n que proyecta a Puerto Rico al mundo,<b> <\/b>Toroverde Parks contin\u00faa promoviendo y posicionando a Puerto Rico como un destino l\u00edder en turismo de aventura, entretenimiento y eventos masivos. Esta gran expansi\u00f3n integra nuevos desarrollos, alianzas estrat\u00e9gicas y un robusto portafolio de <i>venues<\/i> adaptables para eventos culturales, corporativos y sociales.<\/font><\/p>\n<p align=\"center\"><font size=\"3\"><a href=\"https:\/\/bobvarela.com\/wp-content\/uploads\/2026\/02\/DSC06498-Enhanced-NR.jpg\"><img loading=\"lazy\" decoding=\"async\" width=\"397\" height=\"267\" title=\"DSC06498-Enhanced-NR\" style=\"display: inline; background-image: none;\" alt=\"DSC06498-Enhanced-NR\" src=\"https:\/\/bobvarela.com\/wp-content\/uploads\/2026\/02\/DSC06498-Enhanced-NR_thumb.jpg\" border=\"0\"\/><\/a><\/font><\/p>\n<p align=\"justify\"><font size=\"3\">Entre los proyectos m\u00e1s destacados se encuentra el <b>Parque de las Ciencias by Toroverde Powered by Claro<\/b> el cual se consolida como un nuevo centro de entretenimiento y <i>venue<\/i> para eventos masivos en Puerto Rico y entre sus principales atractivos se destacan:<\/font><\/p>\n<ul>\n<li>\n<div align=\"justify\"><font size=\"3\">El nuevo gran domo <b>\u201cClaro Space\u201d<\/b><\/font><\/div>\n<\/li>\n<li>\n<div align=\"justify\"><font size=\"3\">La <b>Plaza de Cohetes<\/b><\/font><\/div>\n<\/li>\n<li>\n<div align=\"justify\"><font size=\"3\">La \u00fanica pantalla 3D de gran formato en la isla<\/font><\/div>\n<\/li>\n<li>\n<div align=\"justify\"><font size=\"3\">Espacios adaptables para festivales, eventos corporativos, bodas y producciones a gran escala<\/font><\/div>\n<\/li>\n<\/ul>\n<p align=\"justify\"><font size=\"3\">Este innovador espacio fusiona tecnolog\u00eda, ciencia, entretenimiento y experiencias inmersivas, posicion\u00e1ndose como uno de los <i>venues<\/i> m\u00e1s vers\u00e1tiles del Caribe.<\/font><\/p>\n<p align=\"center\"><font size=\"3\"><a href=\"https:\/\/bobvarela.com\/wp-content\/uploads\/2026\/02\/DSC06334-Enhanced-NR.jpg\"><img loading=\"lazy\" decoding=\"async\" width=\"416\" height=\"277\" title=\"DSC06334-Enhanced-NR\" style=\"display: inline; background-image: none;\" alt=\"DSC06334-Enhanced-NR\" src=\"https:\/\/bobvarela.com\/wp-content\/uploads\/2026\/02\/DSC06334-Enhanced-NR_thumb.jpg\" border=\"0\"\/><\/a><\/font><\/p>\n<p align=\"justify\"><font size=\"3\">Por su parte,<b> Toroverde Orocovis<\/b> contin\u00faa innovando con nuevas atracciones y experiencias de alto impacto, reforzando su posicionamiento como uno de los parques de aventura m\u00e1s importantes del hemisferio. <b>Toroverde Urban Park \u2013 en Distrito T-Mobile<\/b> contin\u00faa ampliando su propuesta de entretenimiento en el coraz\u00f3n del Distrito T-Mobile, integrando nuevas experiencias y programaci\u00f3n innovadora para residentes y turistas.<\/font><\/p>\n<p align=\"justify\"><font size=\"3\">Durante el lanzamiento tambi\u00e9n se resalt\u00f3 la expansi\u00f3n de la oferta gastron\u00f3mica en todos los parques, integrando propuestas culinarias variadas que elevan la experiencia del visitante y complementan la oferta de entretenimiento y eventos. El evento cont\u00f3 con la presencia de l\u00edderes del sector privado y representantes gubernamentales que respaldan estos grandes proyectos. Entre los asistentes se destac\u00f3 Alberto de la Cruz, CEO de Coca-Cola, as\u00ed como ejecutivos de importantes marcas que se unen como aliados estrat\u00e9gicos de Toroverde Parks en esta nueva etapa de expansi\u00f3n, entre ellos Claro Puerto Rico, Discover Puerto Rico, la Compa\u00f1\u00eda de Turismo y m\u00e1s. La integraci\u00f3n de grandes marcas fortalece la plataforma comercial de la empresa y ampl\u00eda las oportunidades para auspiciadores y socios estrat\u00e9gicos.<\/font><\/p>\n<p align=\"center\"><font size=\"3\"><a href=\"https:\/\/bobvarela.com\/wp-content\/uploads\/2026\/02\/DSC06396-Enhanced-NR.jpg\"><img loading=\"lazy\" decoding=\"async\" width=\"395\" height=\"265\" title=\"DSC06396-Enhanced-NR\" style=\"display: inline; background-image: none;\" alt=\"DSC06396-Enhanced-NR\" src=\"https:\/\/bobvarela.com\/wp-content\/uploads\/2026\/02\/DSC06396-Enhanced-NR_thumb.jpg\" border=\"0\"\/><\/a><\/font><\/p>\n<p align=\"justify\"><font size=\"3\">Como parte del evento, se present\u00f3 oficialmente la nueva campa\u00f1a masiva de la marca, dise\u00f1ada para amplificar su alcance en mercados locales e internacionales y reforzar su identidad como referente en experiencias de alto impacto en la industria del entretenimiento y el turismo. Durante la presentaci\u00f3n se anunciaron:<\/font><\/p>\n<ul>\n<li>\n<div align=\"justify\"><font size=\"3\">Nuevas oportunidades para aliados y auspiciadores.<\/font><\/div>\n<\/li>\n<li>\n<div align=\"justify\"><font size=\"3\">Expansi\u00f3n del portafolio de <i>venues<\/i> con capacidades adaptables.<\/font><\/div>\n<\/li>\n<li>\n<div align=\"justify\"><font size=\"3\">Integraci\u00f3n de eventos culturales, corporativos y de moda como Puerto Rico Fashion Week.<\/font><\/div>\n<\/li>\n<li>\n<div align=\"justify\"><font size=\"3\">Innovaciones en experiencias y programaci\u00f3n por destino.<\/font><\/div>\n<\/li>\n<\/ul>\n<p align=\"justify\"><font size=\"3\">Toroverde Parks reafirma su compromiso con el desarrollo del turismo, la industria de eventos y la creaci\u00f3n de experiencias memorables que conectan emoci\u00f3n, innovaci\u00f3n y expansi\u00f3n internacional, posicionando a Puerto Rico como epicentro de experiencias.<\/font><\/p>\n","protected":false},"excerpt":{"rendered":"<p>Toroverde Parks celebr\u00f3 el evento \u201cSomos Toroverde Parks\u201d, una presentaci\u00f3n oficial que marc\u00f3 un nuevo cap\u00edtulo en la evoluci\u00f3n de la marca, destacando su expansi\u00f3n internacional, nuevas alianzas estrat\u00e9gicas y su continuo posicionamiento de Puerto Rico en toda la merca&hellip;<\/p>\n<p class=\"more-link-p\"><a class=\"more-link\" href=\"https:\/\/bobvarela.com\/?p=178381\">Read more &rarr;<\/a><\/p>\n","protected":false},"author":1,"featured_media":0,"comment_status":"open","ping_status":"open","sticky":false,"template":"","format":"standard","meta":{"ngg_post_thumbnail":0,"footnotes":""},"categories":[3],"tags":[],"class_list":["post-178381","post","type-post","status-publish","format-standard","hentry","category-actividades"],"_links":{"self":[{"href":"https:\/\/bobvarela.com\/index.php?rest_route=\/wp\/v2\/posts\/178381","targetHints":{"allow":["GET"]}}],"collection":[{"href":"https:\/\/bobvarela.com\/index.php?rest_route=\/wp\/v2\/posts"}],"about":[{"href":"https:\/\/bobvarela.com\/index.php?rest_route=\/wp\/v2\/types\/post"}],"author":[{"embeddable":true,"href":"https:\/\/bobvarela.com\/index.php?rest_route=\/wp\/v2\/users\/1"}],"replies":[{"embeddable":true,"href":"https:\/\/bobvarela.com\/index.php?rest_route=%2Fwp%2Fv2%2Fcomments&post=178381"}],"version-history":[{"count":1,"href":"https:\/\/bobvarela.com\/index.php?rest_route=\/wp\/v2\/posts\/178381\/revisions"}],"predecessor-version":[{"id":178382,"href":"https:\/\/bobvarela.com\/index.php?rest_route=\/wp\/v2\/posts\/178381\/revisions\/178382"}],"wp:attachment":[{"href":"https:\/\/bobvarela.com\/index.php?rest_route=%2Fwp%2Fv2%2Fmedia&parent=178381"}],"wp:term":[{"taxonomy":"category","embeddable":true,"href":"https:\/\/bobvarela.com\/index.php?rest_route=%2Fwp%2Fv2%2Fcategories&post=178381"},{"taxonomy":"post_tag","embeddable":true,"href":"https:\/\/bobvarela.com\/index.php?rest_route=%2Fwp%2Fv2%2Ftags&post=178381"}],"curies":[{"name":"wp","href":"https:\/\/api.w.org\/{rel}","templated":true}]}}