{"id":179190,"date":"2026-04-26T19:39:43","date_gmt":"2026-04-26T23:39:43","guid":{"rendered":"https:\/\/bobvarela.com\/?p=179190"},"modified":"2026-04-26T19:39:43","modified_gmt":"2026-04-26T23:39:43","slug":"el-camuyano-steven-picn-gana-el-segundo-reto-de-revelacin-moda","status":"publish","type":"post","link":"https:\/\/bobvarela.com\/?p=179190","title":{"rendered":"El camuyano Steven Pic&oacute;n gana el segundo reto de Revelaci&oacute;n Moda"},"content":{"rendered":"<p align=\"center\"><a href=\"https:\/\/bobvarela.com\/wp-content\/uploads\/2026\/04\/revelacion-moda-26-gala-2-1.jpg\"><img loading=\"lazy\" decoding=\"async\" width=\"331\" height=\"440\" title=\"revelacion moda 26  gala 2 (1)\" style=\"display: inline; background-image: none;\" alt=\"revelacion moda 26  gala 2 (1)\" src=\"https:\/\/bobvarela.com\/wp-content\/uploads\/2026\/04\/revelacion-moda-26-gala-2-1_thumb.jpg\" border=\"0\"\/><\/a><\/p>\n<p align=\"justify\"><font size=\"3\">El reality show, que busca descubrir a la pr\u00f3xima estrella de la moda en Puerto Rico y el Caribe, celebr\u00f3 anoche la segunda gala de su cuarta temporada.<\/font><\/p>\n<p align=\"justify\"><font size=\"3\">El segundo desaf\u00edo consisti\u00f3 en interpretar el ADN de reconocidas casas de moda internacionales:<\/font><\/p>\n<p align=\"justify\"><font size=\"3\">Chanel \u2013 Isaac Molina<\/font><\/p>\n<p align=\"justify\"><font size=\"3\">Dior \u2013 Jennifer Crespo<\/font><\/p>\n<p align=\"justify\"><font size=\"3\">Versace \u2013 Samson Arocho<\/font><\/p>\n<p align=\"justify\"><font size=\"3\">Balenciaga \u2013 Steven Pic\u00f3n<\/font><\/p>\n<p align=\"justify\"><font size=\"3\">Gucci \u2013 Mar\u00eda Alejandra<\/font><\/p>\n<p align=\"justify\"><font size=\"3\">Valentino \u2013 Edrix Casillas<\/font><\/p>\n<p align=\"justify\"><font size=\"3\">Alexander McQueen \u2013 Antonio Astacio<\/font><\/p>\n<p align=\"justify\"><font size=\"3\">Dolce &amp; Gabbana \u2013 Carlos Javian<\/font><\/p>\n<p align=\"justify\"><font size=\"3\">Yves Saint Laurent \u2013 Jean Carlos de Jes\u00fas<\/font><\/p>\n<p align=\"center\"><font size=\"3\"><a href=\"https:\/\/bobvarela.com\/wp-content\/uploads\/2026\/04\/revelacion-moda-26-gala-2-2.jpg\"><img loading=\"lazy\" decoding=\"async\" width=\"374\" height=\"281\" title=\"revelacion moda 26  gala 2 (2)\" style=\"display: inline; background-image: none;\" alt=\"revelacion moda 26  gala 2 (2)\" src=\"https:\/\/bobvarela.com\/wp-content\/uploads\/2026\/04\/revelacion-moda-26-gala-2-2_thumb.jpg\" border=\"0\"\/><\/a><\/font><\/p>\n<p align=\"justify\"><font size=\"3\">Los dise\u00f1adores Mar\u00eda Alejandra e Isaac obtuvieron una evaluaci\u00f3n regular y, aunque permanecen en la competencia, no lograron impresionar al jurado.<\/font><\/p>\n<p align=\"justify\"><font size=\"3\"><\/font><font size=\"3\">Antuane, Carlos Javian, Jean Carlos y Steven Pic\u00f3n fueron los cuatro mejores de la noche, mientras que Edrix Casillas, de San Juan, result\u00f3 eliminado de la competencia.<\/font><\/p>\n<p align=\"center\"><font size=\"3\"><a href=\"https:\/\/bobvarela.com\/wp-content\/uploads\/2026\/04\/revelacion-moda-26-gala-2-3.jpg\"><img loading=\"lazy\" decoding=\"async\" width=\"376\" height=\"282\" title=\"revelacion moda 26  gala 2 (3)\" style=\"display: inline; background-image: none;\" alt=\"revelacion moda 26  gala 2 (3)\" src=\"https:\/\/bobvarela.com\/wp-content\/uploads\/2026\/04\/revelacion-moda-26-gala-2-3_thumb.jpg\" border=\"0\"\/><\/a><\/font><\/p>\n<p align=\"justify\"><font size=\"3\">El camuyano Steven Pic\u00f3n prevaleci\u00f3 como ganador del segundo reto, logrando seducir al jurado con un vestido confeccionado con \u2018black turkey fabric\u2019, que celebra la armon\u00eda entre la estructura y el volumen, resaltando la figura femenina.<\/font><\/p>\n<p align=\"center\"><font size=\"3\"><a href=\"https:\/\/bobvarela.com\/wp-content\/uploads\/2026\/04\/revelacion-moda-26-gala-2-3-1.jpg\"><img loading=\"lazy\" decoding=\"async\" width=\"382\" height=\"287\" title=\"revelacion moda 26  gala 2 (3)\" style=\"display: inline; background-image: none;\" alt=\"revelacion moda 26  gala 2 (3)\" src=\"https:\/\/bobvarela.com\/wp-content\/uploads\/2026\/04\/revelacion-moda-26-gala-2-3_thumb-1.jpg\" border=\"0\"\/><\/a><\/font><\/p>\n<p align=\"justify\"><font size=\"3\">La pr\u00f3xima semana, los participantes tendr\u00e1n que enfrentar el reto \u201cArquitectura en movimiento\u201d, una moda que se construye, no se cose. Para este desaf\u00edo, los dise\u00f1adores no podr\u00e1n utilizar m\u00e1quinas de coser ni realizar costuras a mano; solo podr\u00e1n recurrir a su ingenio.<\/font><\/p>\n<p align=\"justify\"><font size=\"3\">Los dise\u00f1adores deber\u00e1n crear una pieza utilizando t\u00e9cnicas alternativas como:<\/font><\/p>\n<p align=\"justify\"><font size=\"3\"><strong>\u2022 amarres<\/strong><\/font><\/p>\n<p align=\"justify\"><font size=\"3\"><strong>\u2022 nudos<\/strong><\/font><\/p>\n<p align=\"justify\"><font size=\"3\"><strong>\u2022 grapas<\/strong><\/font><\/p>\n<p align=\"justify\"><font size=\"3\"><strong>\u2022 pegamento<\/strong><\/font><\/p>\n<p align=\"justify\"><font size=\"3\"><strong>\u2022 estructuras ensambladas, entre otras.<\/strong><\/font><\/p>\n<p align=\"justify\"><font size=\"3\">Todo deber\u00e1 sostenerse perfectamente en pasarela y podr\u00e1n utilizar materiales inusuales que tengan en sus hogares.<\/font><\/p>\n<p align=\"justify\"><font size=\"3\">El presupuesto que fue escogido por el ganador de la noche al azar&nbsp; ser\u00e1 de $77.00, que podr\u00e1n ser redimidos en Alonso Sobrino.<\/font><\/p>\n<p align=\"justify\"><font size=\"3\">El p\u00fablico puede seguir todas las incidencias de la competencia a trav\u00e9s de las plataformas digitales @revelacionmoda y sintonizar el programa cada s\u00e1bado a las 7:00 p. m. por TeleOnce, para vivir de cerca la evoluci\u00f3n de la temporada.<\/font><\/p>\n","protected":false},"excerpt":{"rendered":"<p>El reality show, que busca descubrir a la pr\u00f3xima estrella de la moda en Puerto Rico y el Caribe, celebr\u00f3 anoche la segunda gala de su cuarta temporada. El segundo desaf\u00edo consisti\u00f3 en interpretar el ADN de reconocidas casas de&hellip;<\/p>\n<p class=\"more-link-p\"><a class=\"more-link\" href=\"https:\/\/bobvarela.com\/?p=179190\">Read more &rarr;<\/a><\/p>\n","protected":false},"author":1,"featured_media":0,"comment_status":"open","ping_status":"open","sticky":false,"template":"","format":"standard","meta":{"ngg_post_thumbnail":0,"footnotes":""},"categories":[5,4],"tags":[],"class_list":["post-179190","post","type-post","status-publish","format-standard","hentry","category-concursos","category-moda"],"_links":{"self":[{"href":"https:\/\/bobvarela.com\/index.php?rest_route=\/wp\/v2\/posts\/179190","targetHints":{"allow":["GET"]}}],"collection":[{"href":"https:\/\/bobvarela.com\/index.php?rest_route=\/wp\/v2\/posts"}],"about":[{"href":"https:\/\/bobvarela.com\/index.php?rest_route=\/wp\/v2\/types\/post"}],"author":[{"embeddable":true,"href":"https:\/\/bobvarela.com\/index.php?rest_route=\/wp\/v2\/users\/1"}],"replies":[{"embeddable":true,"href":"https:\/\/bobvarela.com\/index.php?rest_route=%2Fwp%2Fv2%2Fcomments&post=179190"}],"version-history":[{"count":1,"href":"https:\/\/bobvarela.com\/index.php?rest_route=\/wp\/v2\/posts\/179190\/revisions"}],"predecessor-version":[{"id":179191,"href":"https:\/\/bobvarela.com\/index.php?rest_route=\/wp\/v2\/posts\/179190\/revisions\/179191"}],"wp:attachment":[{"href":"https:\/\/bobvarela.com\/index.php?rest_route=%2Fwp%2Fv2%2Fmedia&parent=179190"}],"wp:term":[{"taxonomy":"category","embeddable":true,"href":"https:\/\/bobvarela.com\/index.php?rest_route=%2Fwp%2Fv2%2Fcategories&post=179190"},{"taxonomy":"post_tag","embeddable":true,"href":"https:\/\/bobvarela.com\/index.php?rest_route=%2Fwp%2Fv2%2Ftags&post=179190"}],"curies":[{"name":"wp","href":"https:\/\/api.w.org\/{rel}","templated":true}]}}