{"id":179220,"date":"2026-04-26T20:44:27","date_gmt":"2026-04-27T00:44:27","guid":{"rendered":"https:\/\/bobvarela.com\/?p=179220"},"modified":"2026-04-26T20:44:27","modified_gmt":"2026-04-27T00:44:27","slug":"desfile-de-moda-primavera-verano-2027-de-helo-rocha","status":"publish","type":"post","link":"https:\/\/bobvarela.com\/?p=179220","title":{"rendered":"Desfile de moda primavera verano 2027 de Helo Rocha"},"content":{"rendered":"<p align=\"center\"><font size=\"3\"><a href=\"https:\/\/bobvarela.com\/wp-content\/uploads\/2026\/04\/cb55fdfabba406e054ee082e907ec040_5521.jpg\"><img loading=\"lazy\" decoding=\"async\" width=\"415\" height=\"279\" title=\"cb55fdfabba406e054ee082e907ec040_5521\" style=\"display: inline; background-image: none;\" alt=\"cb55fdfabba406e054ee082e907ec040_5521\" src=\"https:\/\/bobvarela.com\/wp-content\/uploads\/2026\/04\/cb55fdfabba406e054ee082e907ec040_5521_thumb.jpg\" border=\"0\"\/><\/a><\/font><\/p>\n<p align=\"justify\"><font size=\"3\">Hel\u00f4 Rocha present\u00f3 su colecci\u00f3n Primavera-Verano 2027 en la Semana de la Moda de R\u00edo el 17 de abril de 2026, ofreciendo una visi\u00f3n on\u00edrica que difumina la l\u00ednea entre mito y realidad. El desfile se desarroll\u00f3 en Pier Mau\u00e1, donde el universo distintivo de la dise\u00f1adora ya era visible entre los asistentes en los pasillos: una atm\u00f3sfera de feminidad cuidadosamente seleccionada que combinaba con las prendas de la pasarela. La colecci\u00f3n continu\u00f3 el lenguaje on\u00edrico establecido de la marca, tomando directamente de arquetipos fant\u00e1sticos para moldear su estado de \u00e1nimo y siluetas.<\/font><\/p>\n<p align=\"justify\"><font size=\"3\">En conversaciones entre bastidores, Hel\u00f4 Rocha describi\u00f3 a sus musas como mujeres fant\u00e1sticas\u2014guerreras, sirenas, hadas, diosas y brujas\u2014figuras que influyeron tanto en la narrativa como en la construcci\u00f3n f\u00edsica de las ropas. Tejidos con texturas variadas\u2014sedas, organzas, tafetetas, encaje\u2014se superpon\u00edan y manipulaban para crear volumen y movimiento, mientras que paletas de colores m\u00e1s claros y cors\u00e9s anclaban muchos de los looks. El resultado se sinti\u00f3 como una oda a la celebraci\u00f3n: vestidos dise\u00f1ados para alfombras rojas, bodas y grandes momentos que exigen presencia.<\/font><\/p>\n<p align=\"justify\"><font size=\"3\">La artesan\u00eda y los materiales desgastados por el tiempo fueron centrales en el concepto de la colecci\u00f3n. Algunos textiles mostraban signos de edad y desgaste deliberado, se\u00f1alando un compromiso con la memoria y el paso del tiempo en lugar de una prisa hacia lo nuevo. El bordado a mano desempe\u00f1\u00f3 un papel clave en el acabado de muchas piezas: las puntadas artesanales producidas en Timba\u00faba dos Batistas, Rio Grande do Norte, aportaron conocimientos ancestrales y una precisi\u00f3n delicada que complementaban la opulencia rom\u00e1ntica de la colecci\u00f3n.<\/font><\/p>\n<p align=\"justify\"><font size=\"3\">Las colaboraciones ampliaron la profundidad de la colecci\u00f3n, especialmente la colaboraci\u00f3n con Camila Pedrosa, que reforz\u00f3 el enfoque en la construcci\u00f3n a medida y la experimentaci\u00f3n texturizada. Tul, volantes y detalles preciosos aparec\u00edan en las piezas a medida, mientras que los cors\u00e9s y encajes daban estructura formal a formas que de otro modo ser\u00edan fluidas. En general, la propuesta de Hel\u00f4 Rocha en la semana de la moda de R\u00edo en la semana de la moda de R\u00edo se sinti\u00f3 como un estudio de mitolog\u00edas femeninas plasmadas a trav\u00e9s de la memoria material y la t\u00e9cnica artesanal.<\/font><\/p>\n<p align=\"justify\">ngg_shortcode_0_placeholder<\/p>\n<p align=\"justify\"><ins><\/ins><\/p>\n<p><ins><\/p>\n<p align=\"justify\">\n<p><\/ins><\/p>\n","protected":false},"excerpt":{"rendered":"<p>Hel\u00f4 Rocha present\u00f3 su colecci\u00f3n Primavera-Verano 2027 en la Semana de la Moda de R\u00edo el 17 de abril de 2026, ofreciendo una visi\u00f3n on\u00edrica que difumina la l\u00ednea entre mito y realidad. El desfile se desarroll\u00f3 en Pier Mau\u00e1,&hellip;<\/p>\n<p class=\"more-link-p\"><a class=\"more-link\" href=\"https:\/\/bobvarela.com\/?p=179220\">Read more &rarr;<\/a><\/p>\n","protected":false},"author":1,"featured_media":0,"comment_status":"open","ping_status":"open","sticky":false,"template":"","format":"standard","meta":{"ngg_post_thumbnail":0,"footnotes":""},"categories":[4],"tags":[],"class_list":["post-179220","post","type-post","status-publish","format-standard","hentry","category-moda"],"_links":{"self":[{"href":"https:\/\/bobvarela.com\/index.php?rest_route=\/wp\/v2\/posts\/179220","targetHints":{"allow":["GET"]}}],"collection":[{"href":"https:\/\/bobvarela.com\/index.php?rest_route=\/wp\/v2\/posts"}],"about":[{"href":"https:\/\/bobvarela.com\/index.php?rest_route=\/wp\/v2\/types\/post"}],"author":[{"embeddable":true,"href":"https:\/\/bobvarela.com\/index.php?rest_route=\/wp\/v2\/users\/1"}],"replies":[{"embeddable":true,"href":"https:\/\/bobvarela.com\/index.php?rest_route=%2Fwp%2Fv2%2Fcomments&post=179220"}],"version-history":[{"count":1,"href":"https:\/\/bobvarela.com\/index.php?rest_route=\/wp\/v2\/posts\/179220\/revisions"}],"predecessor-version":[{"id":179221,"href":"https:\/\/bobvarela.com\/index.php?rest_route=\/wp\/v2\/posts\/179220\/revisions\/179221"}],"wp:attachment":[{"href":"https:\/\/bobvarela.com\/index.php?rest_route=%2Fwp%2Fv2%2Fmedia&parent=179220"}],"wp:term":[{"taxonomy":"category","embeddable":true,"href":"https:\/\/bobvarela.com\/index.php?rest_route=%2Fwp%2Fv2%2Fcategories&post=179220"},{"taxonomy":"post_tag","embeddable":true,"href":"https:\/\/bobvarela.com\/index.php?rest_route=%2Fwp%2Fv2%2Ftags&post=179220"}],"curies":[{"name":"wp","href":"https:\/\/api.w.org\/{rel}","templated":true}]}}