{"id":179271,"date":"2026-04-26T20:51:29","date_gmt":"2026-04-27T00:51:29","guid":{"rendered":"https:\/\/bobvarela.com\/?p=179271"},"modified":"2026-04-26T20:51:29","modified_gmt":"2026-04-27T00:51:29","slug":"desfile-de-moda-pucci-primavera-verano-2026","status":"publish","type":"post","link":"https:\/\/bobvarela.com\/?p=179271","title":{"rendered":"Desfile de moda Pucci Primavera-Verano 2026"},"content":{"rendered":"<p align=\"justify\"><font size=\"3\">En la peque\u00f1a isla de Ortigia, suspendida entre el mito y la decadencia, Emilio Pucci present\u00f3 su colecci\u00f3n Primavera-Verano 2026 bajo la direcci\u00f3n de Camille Miceli. Presentado el 17 de abril de 2026, dentro de los arcos cavernosos de la Grotta dei Cordari, el espect\u00e1culo equilibr\u00f3 la teatralidad con una deliberada sensaci\u00f3n de soltura\u2014un entorno donde el peso de la historia se contrarrestaba con una ligereza contempor\u00e1nea marcadamente contempor\u00e1nea.<\/font><\/p>\n<p align=\"justify\"><font size=\"3\">El enfoque de Miceli sigue refinando el vocabulario de Pucci, ancl\u00e1ndolo en la accesibilidad sin diluir su identidad. Su elecci\u00f3n de un c\u00edrculo muy unido \u2014amigos, rostros conocidos y una comunidad creativa m\u00e1s amplia\u2014 reflejaba la filosof\u00eda de la colecci\u00f3n: una moda que invita en lugar de excluye. Hay una claridad en su lenguaje de dise\u00f1o, una que resiste la sobreintelectualizaci\u00f3n en favor de un atractivo visual y t\u00e1ctil inmediato. Las prendas se comunican directamente, privilegiando la sensaci\u00f3n, el movimiento y el color por encima de la opacidad conceptual.<\/font><\/p>\n<p align=\"justify\"><font size=\"3\">Titulada Alba, la colecci\u00f3n gira en torno a la noci\u00f3n del amanecer\u2014no como un momento singular, sino como una condici\u00f3n en capas. Esto se expresa a trav\u00e9s de transiciones crom\u00e1ticas extra\u00eddas del paisaje siciliano, especialmente los tonos vol\u00e1tiles asociados al monte Etna. Los tonos parecen refractados en lugar de mezclados, desplazando sobre las superficies en degradados que se sienten tanto naturales como artificialmente realzados. Las referencias se extienden a entornos de luz inmersiva que recuerdan a las instalaciones de Olafur Eliasson, donde la luminosidad se vuelve experiencial en lugar de decorativa.<\/font><\/p>\n<p align=\"justify\"><font size=\"3\">Las siluetas oscilan entre estructura y liberaci\u00f3n. Los vestidos slip fluidos recuerdan al minimalismo de los a\u00f1os 90, retratados en jerseys l\u00edquidos que reviven estampados de archivo de Pucci como el Marmo con renovada tactilidad. En otros lugares, vestidos foulard y pareos envuelven el cuerpo con una despreocupaci\u00f3n controlada, enfatizando la facilidad sin sacrificar la precisi\u00f3n. Las blusas se abrevian, exponiendo el torso y reforzando un di\u00e1logo entre sensualidad y disciplina.<\/font><\/p>\n<p align=\"justify\"><font size=\"3\">La dualidad de la colecci\u00f3n \u2014central para su narrativa\u2014 emerge con mayor claridad en su interacci\u00f3n entre los c\u00f3digos del d\u00eda y la noche. Las t\u00fanicas de punto suelto, semitransparentes y suavemente luminosas, evocan una calma post-amanecer, mientras que los flecos con lentejuelas introducen energ\u00eda cin\u00e9tica, que parpadea con cada paso. El motivo reelaborado de &#8220;Fiamme&#8221; amplifica este efecto, sus l\u00edneas ondulantes sugieren tanto calor como movimiento. Las texturas de red y los detalles de dorado antiguo empujan ciertos looks hacia el territorio de la pososcuridad, creando un vestuario que transita sin interrupciones entre estados en lugar de definirlos.<\/font><\/p>\n<p align=\"justify\"><font size=\"3\">Esta tensi\u00f3n se encarna a\u00fan m\u00e1s en el estilo, donde la mujer Pucci aparece suspendida entre arquetipos contrastantes: meditativa y hedonista, serena pero impulsiva. Las prendas acomodan esta multiplicidad sin forzar la resoluci\u00f3n, permitiendo que cada aspecto opere dentro de un espectro en lugar de una identidad fija.<\/font><\/p>\n<p align=\"justify\"><font size=\"3\">El final, marcado por Angelina Kendall luciendo una blusa construida enteramente con joyer\u00eda, destil\u00f3 la filosof\u00eda de la colecci\u00f3n en una imagen singular: ornamento como prenda, superficie como estructura, exceso representado con precisi\u00f3n. Fue una culminaci\u00f3n controlada que reforz\u00f3 la confianza de Miceli en equilibrar el espect\u00e1culo con la facilidad de uso.<\/font><\/p>\n<p align=\"justify\">ngg_shortcode_0_placeholder<\/p>\n","protected":false},"excerpt":{"rendered":"<p>En la peque\u00f1a isla de Ortigia, suspendida entre el mito y la decadencia, Emilio Pucci present\u00f3 su colecci\u00f3n Primavera-Verano 2026 bajo la direcci\u00f3n de Camille Miceli. Presentado el 17 de abril de 2026, dentro de los arcos cavernosos de la&hellip;<\/p>\n<p class=\"more-link-p\"><a class=\"more-link\" href=\"https:\/\/bobvarela.com\/?p=179271\">Read more &rarr;<\/a><\/p>\n","protected":false},"author":1,"featured_media":0,"comment_status":"open","ping_status":"open","sticky":false,"template":"","format":"standard","meta":{"ngg_post_thumbnail":0,"footnotes":""},"categories":[4],"tags":[],"class_list":["post-179271","post","type-post","status-publish","format-standard","hentry","category-moda"],"_links":{"self":[{"href":"https:\/\/bobvarela.com\/index.php?rest_route=\/wp\/v2\/posts\/179271","targetHints":{"allow":["GET"]}}],"collection":[{"href":"https:\/\/bobvarela.com\/index.php?rest_route=\/wp\/v2\/posts"}],"about":[{"href":"https:\/\/bobvarela.com\/index.php?rest_route=\/wp\/v2\/types\/post"}],"author":[{"embeddable":true,"href":"https:\/\/bobvarela.com\/index.php?rest_route=\/wp\/v2\/users\/1"}],"replies":[{"embeddable":true,"href":"https:\/\/bobvarela.com\/index.php?rest_route=%2Fwp%2Fv2%2Fcomments&post=179271"}],"version-history":[{"count":1,"href":"https:\/\/bobvarela.com\/index.php?rest_route=\/wp\/v2\/posts\/179271\/revisions"}],"predecessor-version":[{"id":179272,"href":"https:\/\/bobvarela.com\/index.php?rest_route=\/wp\/v2\/posts\/179271\/revisions\/179272"}],"wp:attachment":[{"href":"https:\/\/bobvarela.com\/index.php?rest_route=%2Fwp%2Fv2%2Fmedia&parent=179271"}],"wp:term":[{"taxonomy":"category","embeddable":true,"href":"https:\/\/bobvarela.com\/index.php?rest_route=%2Fwp%2Fv2%2Fcategories&post=179271"},{"taxonomy":"post_tag","embeddable":true,"href":"https:\/\/bobvarela.com\/index.php?rest_route=%2Fwp%2Fv2%2Ftags&post=179271"}],"curies":[{"name":"wp","href":"https:\/\/api.w.org\/{rel}","templated":true}]}}