{"id":179281,"date":"2026-04-27T16:03:11","date_gmt":"2026-04-27T20:03:11","guid":{"rendered":"https:\/\/bobvarela.com\/?p=179281"},"modified":"2026-04-27T16:03:11","modified_gmt":"2026-04-27T20:03:11","slug":"san-juan-moda-presenta-una-experiencia-inmersiva-inspirada-en-el-universo-de-the-devil-wears-prada-2","status":"publish","type":"post","link":"https:\/\/bobvarela.com\/?p=179281","title":{"rendered":"San Juan Moda presenta una experiencia inmersiva inspirada en el universo de The Devil Wears Prada 2"},"content":{"rendered":"<p align=\"center\"><font size=\"3\"><a href=\"https:\/\/bobvarela.com\/wp-content\/uploads\/2026\/04\/sjm-devil-wear-prada-1.jpg\"><img loading=\"lazy\" decoding=\"async\" width=\"344\" height=\"344\" title=\"sjm devil wear prada  (1)\" style=\"display: inline; background-image: none;\" alt=\"sjm devil wear prada  (1)\" src=\"https:\/\/bobvarela.com\/wp-content\/uploads\/2026\/04\/sjm-devil-wear-prada-1_thumb.jpg\" border=\"0\"\/><\/a><\/font><\/p>\n<p align=\"justify\"><font size=\"3\">San Juan Moda anuncia una edici\u00f3n extraordinaria de su plataforma, transformando al Caribe en un epicentro global de moda, cine y cultura contempor\u00e1nea, a trav\u00e9s de un formato inmersivo inspirado en el universo de The Devil Wears Prada 2.<\/font><\/p>\n<p align=\"justify\"><font size=\"3\">El evento se llevar\u00e1 a cabo de forma paralela al estreno de la pel\u00edcula, el 30 de abril de 2026 en Distrito T-Mobile, integrando desfiles, experiencias VIP, un screening privado y diversas activaciones culturales que elevan la industria local a est\u00e1ndares internacionales.<\/font><\/p>\n<p align=\"center\"><font size=\"3\"><a href=\"https:\/\/bobvarela.com\/wp-content\/uploads\/2026\/04\/sjm-devil-wear-prada-2.jpg\"><img loading=\"lazy\" decoding=\"async\" width=\"283\" height=\"354\" title=\"sjm devil wear prada  (2)\" style=\"display: inline; background-image: none;\" alt=\"sjm devil wear prada  (2)\" src=\"https:\/\/bobvarela.com\/wp-content\/uploads\/2026\/04\/sjm-devil-wear-prada-2_thumb.jpg\" border=\"0\"\/><\/a><\/font><\/p>\n<p align=\"justify\"><font size=\"3\">La experiencia ha sido concebida como un recorrido multisensorial donde los invitados transitan entre cuatro mundos: cine, moda, experiencias y nightlife, reafirmando el posicionamiento de Puerto Rico como una plataforma creativa de alto nivel.<\/font><\/p>\n<p align=\"justify\"><font size=\"3\"><strong>Una noche, tres desfiles y una experiencia VIP exclusiva<\/strong><\/font><\/p>\n<p align=\"justify\"><font size=\"3\"><strong>La programaci\u00f3n del 30 de abril de 2026 incluye:<\/strong><\/font><\/p>\n<p align=\"justify\"><font size=\"3\"><strong>7:00 p.m. \u2013 Private screening (experiencia VIP)<\/strong><\/font><\/p>\n<p align=\"justify\"><font size=\"3\"><strong>Proyecci\u00f3n privada del estreno cinematogr\u00e1fico en un ambiente de alto perfil, con acceso exclusivo para 100 invitados. C\u00f3digo de vestimenta: negro (hombres) y rojo (mujeres).<\/strong><\/font><\/p>\n<p align=\"justify\"><font size=\"3\"><strong>8:00 p.m. \u2013 Desfile del dise\u00f1ador Jos\u00e9 Ra\u00fal (Puerto Rico)<\/strong><\/font><\/p>\n<p align=\"justify\"><font size=\"3\"><strong>9:00 p.m. \u2013 Desfile de la dise\u00f1adora Giannina Azar (Rep\u00fablica Dominicana)<\/strong><\/font><\/p>\n<p align=\"center\"><strong><font size=\"3\"><a href=\"https:\/\/bobvarela.com\/wp-content\/uploads\/2026\/04\/sjm-devil-wear-prada-4.jpg\"><img loading=\"lazy\" decoding=\"async\" width=\"235\" height=\"351\" title=\"sjm devil wear prada  (4)\" style=\"display: inline; background-image: none;\" alt=\"sjm devil wear prada  (4)\" src=\"https:\/\/bobvarela.com\/wp-content\/uploads\/2026\/04\/sjm-devil-wear-prada-4_thumb.jpg\" border=\"0\"\/><\/a><\/font><\/strong><\/p>\n<p align=\"justify\"><font size=\"3\"><strong>10:00 p.m. \u2013 Moda urbana y talento emergente, representando la fuerza de la street culture, con los desfiles de NOSY, AWAECOCO, ALA ANCHA HAT CO, HOLY MADE y BY GOD, en una producci\u00f3n de La Mode by Realengo, seguido del after party oficial.<\/strong><\/font><\/p>\n<p align=\"justify\"><font size=\"3\"><strong>Molly Rogers como invitada de honor<\/strong><\/font><\/p>\n<p align=\"center\"><strong><font size=\"3\"><a href=\"https:\/\/bobvarela.com\/wp-content\/uploads\/2026\/04\/sjm-devil-wear-prada-3.jpg\"><img loading=\"lazy\" decoding=\"async\" width=\"230\" height=\"340\" title=\"sjm devil wear prada  (3)\" style=\"display: inline; background-image: none;\" alt=\"sjm devil wear prada  (3)\" src=\"https:\/\/bobvarela.com\/wp-content\/uploads\/2026\/04\/sjm-devil-wear-prada-3_thumb.jpg\" border=\"0\"\/><\/a><\/font><\/strong><\/p>\n<p align=\"justify\"><font size=\"3\">La reconocida dise\u00f1adora de vestuario Molly Rogers, figura clave en el universo creativo de la esperada secuela cinematogr\u00e1fica The Devil Wears Prada 2, ser\u00e1 la invitada de honor de esta edici\u00f3n.<\/font><\/p>\n<p align=\"justify\"><font size=\"3\">Disc\u00edpula de la legendaria Patricia Field y colaboradora en producciones ic\u00f3nicas como Sex and the City, Rogers tendr\u00e1 un rol central en el evento, que incluir\u00e1 un meet &amp; greet exclusivo con los 100 invitados VIP, consolidando as\u00ed el posicionamiento internacional de la plataforma.<\/font><\/p>\n<p align=\"justify\"><font size=\"3\">Experiencias adicionales<\/font><\/p>\n<p align=\"justify\"><font size=\"3\">Como parte de la semana de actividades de San Juan Moda, el evento se extiende con programaci\u00f3n especial:<\/font><\/p>\n<p align=\"justify\"><font size=\"3\">\u2022 2 de mayo de 2026 \u2013 Hotel R\u00edo Mar (2:00 p.m.)<\/font><\/p>\n<p align=\"justify\"><font size=\"3\">Storytelling en moda: la visi\u00f3n de Molly Rogers, en la Convenci\u00f3n de los Industriales PRMA Industrial Women\u2019s Chapter.<\/font><\/p>\n","protected":false},"excerpt":{"rendered":"<p>San Juan Moda anuncia una edici\u00f3n extraordinaria de su plataforma, transformando al Caribe en un epicentro global de moda, cine y cultura contempor\u00e1nea, a trav\u00e9s de un formato inmersivo inspirado en el universo de The Devil Wears Prada 2. El&hellip;<\/p>\n<p class=\"more-link-p\"><a class=\"more-link\" href=\"https:\/\/bobvarela.com\/?p=179281\">Read more &rarr;<\/a><\/p>\n","protected":false},"author":1,"featured_media":0,"comment_status":"open","ping_status":"open","sticky":false,"template":"","format":"standard","meta":{"ngg_post_thumbnail":0,"footnotes":""},"categories":[4],"tags":[],"class_list":["post-179281","post","type-post","status-publish","format-standard","hentry","category-moda"],"_links":{"self":[{"href":"https:\/\/bobvarela.com\/index.php?rest_route=\/wp\/v2\/posts\/179281","targetHints":{"allow":["GET"]}}],"collection":[{"href":"https:\/\/bobvarela.com\/index.php?rest_route=\/wp\/v2\/posts"}],"about":[{"href":"https:\/\/bobvarela.com\/index.php?rest_route=\/wp\/v2\/types\/post"}],"author":[{"embeddable":true,"href":"https:\/\/bobvarela.com\/index.php?rest_route=\/wp\/v2\/users\/1"}],"replies":[{"embeddable":true,"href":"https:\/\/bobvarela.com\/index.php?rest_route=%2Fwp%2Fv2%2Fcomments&post=179281"}],"version-history":[{"count":1,"href":"https:\/\/bobvarela.com\/index.php?rest_route=\/wp\/v2\/posts\/179281\/revisions"}],"predecessor-version":[{"id":179282,"href":"https:\/\/bobvarela.com\/index.php?rest_route=\/wp\/v2\/posts\/179281\/revisions\/179282"}],"wp:attachment":[{"href":"https:\/\/bobvarela.com\/index.php?rest_route=%2Fwp%2Fv2%2Fmedia&parent=179281"}],"wp:term":[{"taxonomy":"category","embeddable":true,"href":"https:\/\/bobvarela.com\/index.php?rest_route=%2Fwp%2Fv2%2Fcategories&post=179281"},{"taxonomy":"post_tag","embeddable":true,"href":"https:\/\/bobvarela.com\/index.php?rest_route=%2Fwp%2Fv2%2Ftags&post=179281"}],"curies":[{"name":"wp","href":"https:\/\/api.w.org\/{rel}","templated":true}]}}