{"id":179365,"date":"2026-04-29T14:33:10","date_gmt":"2026-04-29T18:33:10","guid":{"rendered":"https:\/\/bobvarela.com\/?p=179365"},"modified":"2026-04-29T14:35:00","modified_gmt":"2026-04-29T18:35:00","slug":"remios-tu-msica-urbano-mix-2026-presentan-una-noche-liderada-por-mujeres-en-el-coca-cola-music-hall","status":"publish","type":"post","link":"https:\/\/bobvarela.com\/?p=179365","title":{"rendered":"Premios Tu M\u00fasica Urbano Mix 2026 presentan una noche liderada por mujeres en el Coca-Cola Music Hall"},"content":{"rendered":"<p align=\"center\"><span style=\"font-size: medium;\"><a href=\"https:\/\/bobvarela.com\/wp-content\/uploads\/2026\/04\/conf-musi-urbana-2.jpg\"><img loading=\"lazy\" decoding=\"async\" style=\"display: inline; background-image: none;\" title=\"conf musi urbana (2)\" src=\"https:\/\/bobvarela.com\/wp-content\/uploads\/2026\/04\/conf-musi-urbana-2_thumb.jpg\" alt=\"conf musi urbana (2)\" width=\"196\" height=\"244\" border=\"0\"\/><\/a><a href=\"https:\/\/bobvarela.com\/wp-content\/uploads\/2026\/04\/conf-musi-urbana-11.jpg\"><img loading=\"lazy\" decoding=\"async\" style=\"margin: 0px; display: inline; background-image: none;\" title=\"conf musi urbana (11)\" src=\"https:\/\/bobvarela.com\/wp-content\/uploads\/2026\/04\/conf-musi-urbana-11_thumb.jpg\" alt=\"conf musi urbana (11)\" width=\"164\" height=\"244\" border=\"0\"\/><\/a><\/span><\/p>\n<p align=\"justify\"><span style=\"font-size: medium;\">Los Premios Tu M\u00fasica Urbano Mix 2026 se preparan para una edici\u00f3n que marcar\u00e1 pauta, con una noche donde el escenario estar\u00e1 liderado por mujeres y las grandes figuras de la m\u00fasica latina se dar\u00e1n cita el pr\u00f3ximo 4 de junio en el Coca-Cola Music Hall en Distrito T-Mobile.<\/span><\/p>\n<p align=\"justify\"><span style=\"font-size: medium;\">La ceremonia contar\u00e1 con la conducci\u00f3n de Gil L\u00f3pez y Zuleyka Rivera, consolidando una propuesta donde el talento femenino asume el rol protag\u00f3nico en una de las noches m\u00e1s importantes de la m\u00fasica urbana y tropical. La alfombra roja estar\u00e1 a cargo de Maiky Backstage y Gabriela Short, quien adem\u00e1s fungir\u00e1 como presentadora tras bastidores.<\/span><\/p>\n<p align=\"center\"><span style=\"font-size: medium;\"><a href=\"https:\/\/bobvarela.com\/wp-content\/uploads\/2026\/04\/conf-musi-urbana-3.jpg\"><img loading=\"lazy\" decoding=\"async\" style=\"margin: 0px; display: inline; background-image: none;\" title=\"conf musi urbana (3)\" src=\"https:\/\/bobvarela.com\/wp-content\/uploads\/2026\/04\/conf-musi-urbana-3_thumb.jpg\" alt=\"conf musi urbana (3)\" width=\"164\" height=\"244\" border=\"0\"\/><\/a><a href=\"https:\/\/bobvarela.com\/wp-content\/uploads\/2026\/04\/conf-musi-urbana-6.jpg\"><img loading=\"lazy\" decoding=\"async\" style=\"display: inline; background-image: none;\" title=\"conf musi urbana (6)\" src=\"https:\/\/bobvarela.com\/wp-content\/uploads\/2026\/04\/conf-musi-urbana-6_thumb.jpg\" alt=\"conf musi urbana (6)\" width=\"164\" height=\"244\" border=\"0\"\/><\/a><\/span><\/p>\n<p align=\"justify\"><span style=\"font-size: medium;\">\u201cEn una industria que hist\u00f3ricamente ha sido dominada por hombres, que dos mujeres est\u00e9n al frente de una noche tan importante env\u00eda un mensaje claro: hay espacio para todas, para nuestros sue\u00f1os y nuestras historias. Es un reflejo de c\u00f3mo la industria tambi\u00e9n est\u00e1 evolucionando y reconociendo que el liderazgo femenino tiene voz, presencia y mucho que aportar\u201d, expres\u00f3 Gil L\u00f3pez.<\/span><\/p>\n<p align=\"justify\"><span style=\"font-size: medium;\">La noche promete una alineaci\u00f3n de alto calibre con la participaci\u00f3n de artistas invitados como Olga Ta\u00f1\u00f3n, Mar\u00eda Becerra, La Perversa, Santos Bravos, Mar Sol\u00eds y Hanzel la H, quien realizar\u00e1 su primera presentaci\u00f3n en Puerto Rico, llevando al escenario una propuesta fresca dentro de la nueva generaci\u00f3n urbana.<\/span><\/p>\n<p align=\"center\"><span style=\"font-size: medium;\"><a href=\"https:\/\/bobvarela.com\/wp-content\/uploads\/2026\/04\/conf-musi-urbana-7.jpg\"><img loading=\"lazy\" decoding=\"async\" style=\"margin: 0px; display: inline; background-image: none;\" title=\"conf musi urbana (7)\" src=\"https:\/\/bobvarela.com\/wp-content\/uploads\/2026\/04\/conf-musi-urbana-7_thumb.jpg\" alt=\"conf musi urbana (7)\" width=\"196\" height=\"244\" border=\"0\"\/><\/a><a href=\"https:\/\/bobvarela.com\/wp-content\/uploads\/2026\/04\/conf-musi-urbana-9.jpg\"><img loading=\"lazy\" decoding=\"async\" style=\"display: inline; background-image: none;\" title=\"conf musi urbana (9)\" src=\"https:\/\/bobvarela.com\/wp-content\/uploads\/2026\/04\/conf-musi-urbana-9_thumb.jpg\" alt=\"conf musi urbana (9)\" width=\"196\" height=\"244\" border=\"0\"\/><\/a><\/span><\/p>\n<p align=\"justify\"><span style=\"font-size: medium;\">Adem\u00e1s, el d\u00fao de reguet\u00f3n Alexis y Fido ser\u00e1 reconocido con el Premio a la Trayectoria Art\u00edstica, destacando su impacto y legado dentro del g\u00e9nero urbano.<\/span><\/p>\n<p align=\"justify\"><span style=\"font-size: medium;\">Por su parte, la productora del evento, Soraya S\u00e1nchez, destac\u00f3: \u201cEsta edici\u00f3n de Tu M\u00fasica Urbano Mix celebra no solo la m\u00fasica, sino tambi\u00e9n la evoluci\u00f3n de la industria. Apostamos por una noche din\u00e1mica, diversa y representativa del momento que vive la m\u00fasica latina, donde el talento y la conexi\u00f3n con el p\u00fablico son protagonistas\u201d.<\/span><\/p>\n<p align=\"justify\"><span style=\"font-size: medium;\">Los Premios Tu M\u00fasica Urbano Mix 2026 reafirman su compromiso de reconocer lo mejor de la m\u00fasica latina, reuniendo en un mismo escenario a artistas consagrados y nuevas generaciones que contin\u00faan definiendo el sonido de la industria.<\/span><\/p>\n<p align=\"justify\"><span style=\"font-size: medium;\">Boletos ya est\u00e1n disponibles a trav\u00e9s de Ticketera y en la boleter\u00eda del Coca-Cola Music Hall<\/span><\/p>\n","protected":false},"excerpt":{"rendered":"<p>Los Premios Tu M\u00fasica Urbano Mix 2026 se preparan para una edici\u00f3n que marcar\u00e1 pauta, con una noche donde el escenario estar\u00e1 liderado por mujeres y las grandes figuras de la m\u00fasica latina se dar\u00e1n cita el pr\u00f3ximo 4 de&hellip;<\/p>\n<p class=\"more-link-p\"><a class=\"more-link\" href=\"https:\/\/bobvarela.com\/?p=179365\">Read more &rarr;<\/a><\/p>\n","protected":false},"author":1,"featured_media":0,"comment_status":"open","ping_status":"open","sticky":false,"template":"","format":"standard","meta":{"ngg_post_thumbnail":0,"footnotes":""},"categories":[3],"tags":[],"class_list":["post-179365","post","type-post","status-publish","format-standard","hentry","category-actividades"],"_links":{"self":[{"href":"https:\/\/bobvarela.com\/index.php?rest_route=\/wp\/v2\/posts\/179365","targetHints":{"allow":["GET"]}}],"collection":[{"href":"https:\/\/bobvarela.com\/index.php?rest_route=\/wp\/v2\/posts"}],"about":[{"href":"https:\/\/bobvarela.com\/index.php?rest_route=\/wp\/v2\/types\/post"}],"author":[{"embeddable":true,"href":"https:\/\/bobvarela.com\/index.php?rest_route=\/wp\/v2\/users\/1"}],"replies":[{"embeddable":true,"href":"https:\/\/bobvarela.com\/index.php?rest_route=%2Fwp%2Fv2%2Fcomments&post=179365"}],"version-history":[{"count":2,"href":"https:\/\/bobvarela.com\/index.php?rest_route=\/wp\/v2\/posts\/179365\/revisions"}],"predecessor-version":[{"id":179367,"href":"https:\/\/bobvarela.com\/index.php?rest_route=\/wp\/v2\/posts\/179365\/revisions\/179367"}],"wp:attachment":[{"href":"https:\/\/bobvarela.com\/index.php?rest_route=%2Fwp%2Fv2%2Fmedia&parent=179365"}],"wp:term":[{"taxonomy":"category","embeddable":true,"href":"https:\/\/bobvarela.com\/index.php?rest_route=%2Fwp%2Fv2%2Fcategories&post=179365"},{"taxonomy":"post_tag","embeddable":true,"href":"https:\/\/bobvarela.com\/index.php?rest_route=%2Fwp%2Fv2%2Ftags&post=179365"}],"curies":[{"name":"wp","href":"https:\/\/api.w.org\/{rel}","templated":true}]}}